{"id":125940,"date":"2026-01-05T06:01:07","date_gmt":"2026-01-05T06:01:07","guid":{"rendered":"https:\/\/www.europesays.com\/se\/125940\/"},"modified":"2026-01-05T06:01:07","modified_gmt":"2026-01-05T06:01:07","slug":"intellego-order-fran-moveomed-ar-aterkallad","status":"publish","type":"post","link":"https:\/\/www.europesays.com\/se\/125940\/","title":{"rendered":"Intellego-order fr\u00e5n Moveomed \u00e4r \u00e5terkallad"},"content":{"rendered":"<p>&#13;<br \/>\n                        Detta kommer efter att en utredning som KPMG genomf\u00f6rt \u00e5t Intellego, med anledning av brottsmisstankar riktade mot tidigare vd Claes Lindahl, visat att villkoren i ordern, inklusive betalnings- och leveransvillkor, var f\u00f6rfalskade.<\/p>\n<p>Produkterna i den \u00e5terkallade ordern skulle ha levererats under 2025.<\/p>\n<p>&#8221;Sedan tidigare vd h\u00e4ktades den 18 november v\u00e4nder vi p\u00e5 alla stenar, alla transaktioner granskas&#8221;, s\u00e4ger Jacob Laurin, tillf\u00f6rordnad vd p\u00e5 Intellego, i ett pressmeddelande.<\/p>\n<p>Ytterligare information om Intellegos transaktioner kommer att f\u00f6lja i den oberoende rapport fr\u00e5n KPMG som presenteras under januari 2026.&#13;\n                    <\/p>\n","protected":false},"excerpt":{"rendered":"&#13; Detta kommer efter att en utredning som KPMG genomf\u00f6rt \u00e5t Intellego, med anledning av brottsmisstankar riktade mot&hellip;\n","protected":false},"author":2,"featured_media":109723,"comment_status":"","ping_status":"","sticky":false,"template":"","format":"standard","meta":{"footnotes":""},"categories":[65],"tags":[72,70,71,454,453,451,452,34,31,33,32,30,455],"class_list":{"0":"post-125940","1":"post","2":"type-post","3":"status-publish","4":"format-standard","5":"has-post-thumbnail","7":"category-ekonomi","8":"tag-business","9":"tag-economy","10":"tag-ekonomi","11":"tag-ekonomisk-analys","12":"tag-finans","13":"tag-finansiella-nyheter","14":"tag-investera","15":"tag-se","16":"tag-svenska","17":"tag-sverige","18":"tag-sweden","19":"tag-swedish","20":"tag-trading"},"share_on_mastodon":{"url":"https:\/\/pubeurope.com\/@se\/115840973695860678","error":""},"_links":{"self":[{"href":"https:\/\/www.europesays.com\/se\/wp-json\/wp\/v2\/posts\/125940","targetHints":{"allow":["GET"]}}],"collection":[{"href":"https:\/\/www.europesays.com\/se\/wp-json\/wp\/v2\/posts"}],"about":[{"href":"https:\/\/www.europesays.com\/se\/wp-json\/wp\/v2\/types\/post"}],"author":[{"embeddable":true,"href":"https:\/\/www.europesays.com\/se\/wp-json\/wp\/v2\/users\/2"}],"replies":[{"embeddable":true,"href":"https:\/\/www.europesays.com\/se\/wp-json\/wp\/v2\/comments?post=125940"}],"version-history":[{"count":0,"href":"https:\/\/www.europesays.com\/se\/wp-json\/wp\/v2\/posts\/125940\/revisions"}],"wp:featuredmedia":[{"embeddable":true,"href":"https:\/\/www.europesays.com\/se\/wp-json\/wp\/v2\/media\/109723"}],"wp:attachment":[{"href":"https:\/\/www.europesays.com\/se\/wp-json\/wp\/v2\/media?parent=125940"}],"wp:term":[{"taxonomy":"category","embeddable":true,"href":"https:\/\/www.europesays.com\/se\/wp-json\/wp\/v2\/categories?post=125940"},{"taxonomy":"post_tag","embeddable":true,"href":"https:\/\/www.europesays.com\/se\/wp-json\/wp\/v2\/tags?post=125940"}],"curies":[{"name":"wp","href":"https:\/\/api.w.org\/{rel}","templated":true}]}}