{"id":125941,"date":"2026-01-05T06:03:27","date_gmt":"2026-01-05T06:03:27","guid":{"rendered":"https:\/\/www.europesays.com\/se\/125941\/"},"modified":"2026-01-05T06:03:27","modified_gmt":"2026-01-05T06:03:27","slug":"all-tagtrafik-norr-om-gavle-stalls-in-vasterbottens-kuriren","status":"publish","type":"post","link":"https:\/\/www.europesays.com\/se\/125941\/","title":{"rendered":"All t\u00e5gtrafik norr om G\u00e4vle st\u00e4lls in &#8211; V\u00e4sterbottens-Kuriren"},"content":{"rendered":"<ol>\n<li><a href=\"https:\/\/news.google.com\/rss\/articles\/CBMifEFVX3lxTFBPb2pwbGVkUi1iYXNKZXB0dnpZeFBxTTRsallkZ1ltS2pNVkFCbTNwMmtXMWJOUGVDUlRJUjJJOFc5M1ZXODNKZnRHY0VwanUzdUpnTHlaNlhESFhjT1g0bThxaFdkVnltMUJRclJZM24zZnE2TGtrN0VrNlo?oc=5\" target=\"_blank\" rel=\"nofollow noopener\">All t\u00e5gtrafik norr om G\u00e4vle st\u00e4lls in<\/a>&nbsp;&nbsp;V\u00e4sterbottens-Kuriren<\/li>\n<li><a href=\"https:\/\/news.google.com\/rss\/articles\/CBMiiwFBVV95cUxOMmkwNnhSeGg1VUo5bklUaUJKcjRWbnZUWnl3NzdlcEFFWEJ3LUxzeDdrckFnNDdKbWEyTXA4bDdxazBpU0xxMEFXbmpiM180cDdMbVJ2blFpM082cXZpNFlZZklCZHAyNnVLV1pERUZncERHV0o4Mmd2LW5PcjVTVlpJdkpvQzVxaUFr?oc=5\" target=\"_blank\" rel=\"nofollow noopener\">SJ om inst\u00e4llda t\u00e5gen: \u201dVi \u00e4r p\u00e5 helsp\u00e4nn\u201d<\/a>&nbsp;&nbsp;Aftonbladet<\/li>\n<li><a href=\"https:\/\/news.google.com\/rss\/articles\/CBMikAFBVV95cUxNb2RqYTBod3pIRi1FNnJJaHVoSkQ4ZFdaeXdSdkg0UENuSFA2MGRZNnBqc0h2RE1EczRXWnVXbklYeUx2ZDYwSDQ3NnVDOTJZeWl2VG9XUG91ZjFrWF9vdFVWN25mcGNQT215b1E5SlN2RlpSaDRRc1BYQkVTQXpKMW13MzFmeTROMjBZelRtbjM?oc=5\" target=\"_blank\" rel=\"nofollow noopener\">H\u00e4r yr sn\u00f6n p\u00e5 v\u00e4garna i V\u00e4sterhaninge \u2013 V\u00e4der- och trafikl\u00e4get i landet<\/a>&nbsp;&nbsp;SVT Nyheter<\/li>\n<li><a href=\"https:\/\/news.google.com\/rss\/articles\/CBMihgFBVV95cUxNVkFlTS1KRXh3NzJNOU0ycGFkNjRmVmRySldVa0Q5enpRYXRrU01LQ1VTSGFYTlBHR0NoQnJMZnRUQnl0a25MTlNJTGNzS2o4dnF0blB6RnJYMTBRcU1QYU9PN1BFeGZvQTlVaFhPazFDVzJxRy1MSDRqOG5CRkQ1LUxrd1BmUQ?oc=5\" target=\"_blank\" rel=\"nofollow noopener\">Strandad i \u00c5re efter t\u00e5gstopp: \u201dLite stressigt\u201d<\/a>&nbsp;&nbsp;SvD<\/li>\n<li><a href=\"https:\/\/news.google.com\/rss\/articles\/CBMiZEFVX3lxTE95QWZlNDNJcVMzVG9HY3E0dWdVWm5aSjJVaVZQakFUVGRCaEtmaUZUeU5MUHFPck9ZZEZoY2xjVzFtSEc1Wks4MFNHQXRuaGRjVkp4d0YzdlhJOG1jLVVaOENvV0Q?oc=5\" target=\"_blank\" rel=\"nofollow noopener\">Camilla fast i \u00d6-vik<\/a>&nbsp;&nbsp;Allehanda.se<\/li>\n<\/ol>\n","protected":false},"excerpt":{"rendered":"All t\u00e5gtrafik norr om G\u00e4vle st\u00e4lls in&nbsp;&nbsp;V\u00e4sterbottens-Kuriren SJ om inst\u00e4llda t\u00e5gen: \u201dVi \u00e4r p\u00e5 helsp\u00e4nn\u201d&nbsp;&nbsp;Aftonbladet H\u00e4r yr sn\u00f6n&hellip;\n","protected":false},"author":2,"featured_media":125942,"comment_status":"","ping_status":"","sticky":false,"template":"","format":"standard","meta":{"footnotes":""},"categories":[12],"tags":[22,23,26,27,17,21,24,25,28,29,15,16,18,34,31,33,32,30,19,20],"class_list":{"0":"post-125941","1":"post","2":"type-post","3":"status-publish","4":"format-standard","5":"has-post-thumbnail","7":"category-sverige","8":"tag-breaking-news","9":"tag-breakingnews","10":"tag-featured-news","11":"tag-featurednews","12":"tag-headlines","13":"tag-huvudnyheter","14":"tag-latest-news","15":"tag-latestnews","16":"tag-main-news","17":"tag-mainnews","18":"tag-news","19":"tag-nyheter","20":"tag-rubriker","21":"tag-se","22":"tag-svenska","23":"tag-sverige","24":"tag-sweden","25":"tag-swedish","26":"tag-top-stories","27":"tag-topstories"},"share_on_mastodon":{"url":"https:\/\/pubeurope.com\/@se\/115840981565853727","error":""},"_links":{"self":[{"href":"https:\/\/www.europesays.com\/se\/wp-json\/wp\/v2\/posts\/125941","targetHints":{"allow":["GET"]}}],"collection":[{"href":"https:\/\/www.europesays.com\/se\/wp-json\/wp\/v2\/posts"}],"about":[{"href":"https:\/\/www.europesays.com\/se\/wp-json\/wp\/v2\/types\/post"}],"author":[{"embeddable":true,"href":"https:\/\/www.europesays.com\/se\/wp-json\/wp\/v2\/users\/2"}],"replies":[{"embeddable":true,"href":"https:\/\/www.europesays.com\/se\/wp-json\/wp\/v2\/comments?post=125941"}],"version-history":[{"count":0,"href":"https:\/\/www.europesays.com\/se\/wp-json\/wp\/v2\/posts\/125941\/revisions"}],"wp:featuredmedia":[{"embeddable":true,"href":"https:\/\/www.europesays.com\/se\/wp-json\/wp\/v2\/media\/125942"}],"wp:attachment":[{"href":"https:\/\/www.europesays.com\/se\/wp-json\/wp\/v2\/media?parent=125941"}],"wp:term":[{"taxonomy":"category","embeddable":true,"href":"https:\/\/www.europesays.com\/se\/wp-json\/wp\/v2\/categories?post=125941"},{"taxonomy":"post_tag","embeddable":true,"href":"https:\/\/www.europesays.com\/se\/wp-json\/wp\/v2\/tags?post=125941"}],"curies":[{"name":"wp","href":"https:\/\/api.w.org\/{rel}","templated":true}]}}