{"id":125945,"date":"2026-01-05T06:09:18","date_gmt":"2026-01-05T06:09:18","guid":{"rendered":"https:\/\/www.europesays.com\/se\/125945\/"},"modified":"2026-01-05T06:09:18","modified_gmt":"2026-01-05T06:09:18","slug":"darfor-blir-det-dyrare-att-ha-studielan","status":"publish","type":"post","link":"https:\/\/www.europesays.com\/se\/125945\/","title":{"rendered":"D\u00e4rf\u00f6r blir det dyrare att ha studiel\u00e5n"},"content":{"rendered":"<p>Publicerad 5 jan 2026 kl 06.00<\/p>\n<p>Precis som r\u00e4ntorna i samh\u00e4llet har g\u00e5tt tillbaka till niv\u00e5er innan l\u00e5gr\u00e4nte\u00e5ren har \u00e4ven studiel\u00e5ner\u00e4ntan gjort s\u00e5, skriver Stefan T\u00e4rnhuvud, pressekreterare p\u00e5 CSN, och Patric Peippo, utredare p\u00e5 CSN.\u00a0<\/p>\n<p><img   alt=\"\"\/><\/p>\n<p>\u201d2026 stiger r\u00e4ntan p\u00e5 studiel\u00e5net till 2,135 procent\u201d, skriver CSN.<\/p>\n<p>Foto: JESSICA GOW \/ TT NYHETSBYR\u00c5N<\/p>\n<p>\u00d6ppna bild i helsk\u00e4rm<img loading=\"lazy\"   alt=\"\"\/><\/p>\n<p>Patric Peippo, utredare p\u00e5 CSN.<\/p>\n<p>\u00d6ppna bild i helsk\u00e4rm<img loading=\"lazy\"   alt=\"\"\/><\/p>\n<p>Stefan T\u00e4rnhuvud, pressekreterare p\u00e5 CSN.<\/p>\n<p>\u00d6ppna bild i helsk\u00e4rm<\/p>\n<p>Detta \u00e4r en debattartikel. Det \u00e4r skribenten som st\u00e5r f\u00f6r \u00e5sikterna i texten.&#13;<br \/>\n&#13;\n<\/p>\n<p><strong>REPLIK. <\/strong>R\u00e4ntan p\u00e5 studiel\u00e5net \u00e4r r\u00f6rlig och beslutas av regeringen. 2026 stiger r\u00e4ntan till 2,135 procent, vilket inneb\u00e4r en \u00f6kad kostnad p\u00e5 runt 94 kronor i m\u00e5naden f\u00f6r en genomsnittlig l\u00e5ntagare.\u00a0<\/p>\n<p>H\u00f6jningen ska dock ses i ett st\u00f6rre perspektiv. Den har skett fr\u00e5n ovanligt l\u00e5ga niv\u00e5er. Under 2022 var r\u00e4ntan s\u00e5 l\u00e5g som 0,00 procent. Historiskt \u00e4r detta ett undantag. F\u00f6re 2011 hade r\u00e4ntan aldrig varit under tv\u00e5 procent.\u00a0<\/p>\n<p>Precis som r\u00e4ntorna i samh\u00e4llet har g\u00e5tt tillbaka till niv\u00e5er innan l\u00e5gr\u00e4nte\u00e5ren, har \u00e4ven studiel\u00e5ner\u00e4ntan gjort s\u00e5. Runt 2 procent \u00e4r allts\u00e5 inget ovanligt, och prognosen f\u00f6r 2027 pekar p\u00e5 att r\u00e4ntan b\u00f6rjar sjunka. Tittar man p\u00e5 kurvorna f\u00f6r hur stor andel som l\u00e5nar och hur r\u00e4ntan f\u00f6r\u00e4ndras kan vi inte se n\u00e5got tydligt samband. Ibland f\u00f6ljs de \u00e5t, ibland g\u00e5r de is\u00e4r.<\/p>\n<p><img loading=\"lazy\"   alt=\"\"\/><\/p>\n<p>\u201d\u00c5terbetalningen sker f\u00f6rst efter avslutade studier och i regel under 25 \u00e5r\u201d, skriver CSN.<\/p>\n<p>Foto: Fredrik Persson\/TT NYHETSBYR\u00c5N<\/p>\n<p>\u00d6ppna bild i helsk\u00e4rm<\/p>\n<p>Kritiker j\u00e4mf\u00f6r ofta studiel\u00e5ner\u00e4ntan med bol\u00e5ner\u00e4ntan. Men bol\u00e5n \u00e4r en annan typ av l\u00e5n \u00e4n studiel\u00e5net. Det \u00e4r utformat f\u00f6r den som studerar, ges helt utan s\u00e4kerhet och ger alla m\u00f6jlighet att finansiera sin utbildning och n\u00e5 sina dr\u00f6mmar.\u00a0<\/p>\n<p>Villkoren \u00e4r ocks\u00e5 f\u00f6rm\u00e5nliga. \u00c5terbetalningen sker f\u00f6rst efter avslutade studier och i regel under 25 \u00e5r. Det finns ocks\u00e5 trygghetsregler som skyddar l\u00e5ntagaren. Du har till exempel m\u00f6jlighet att skjuta upp en betalning eller ans\u00f6ka om neds\u00e4ttning om du har l\u00e5g inkomst eller synnerliga sk\u00e4l.<\/p>\n<p>Ett f\u00f6rdelaktigt l\u00e5n till trots s\u00e5 ska alla fundera \u00f6ver sina behov under studietiden. Beh\u00f6ver du bidraget och inte l\u00e5net g\u00e5r det precis lika bra. Beh\u00f6ver du l\u00e5na finns <a href=\"https:\/\/www.expressen.se\/tagg\/organization\/csn\/\" class=\"\" rel=\"nofollow noopener\" target=\"_blank\">CSN<\/a> h\u00e4r f\u00f6r att g\u00f6ra studier m\u00f6jligt.<\/p>\n<p><strong>Av Stefan T\u00e4rnhuvud<\/strong><\/p>\n<p>pressekreterare p\u00e5 CSN<\/p>\n<p><strong>Patric Peippo<\/strong><\/p>\n<p>utredare p\u00e5 CSN<\/p>\n<p><strong>DEBATTARTIKELN: <\/strong><a href=\"https:\/\/www.expressen.se\/debatt\/debatt-sa-mycket-dyrare-blir-det-att-ha-csn-lan\/\" class=\"\" rel=\"nofollow noopener\" target=\"_blank\">S\u00e5 mycket dyrare blir det att ha CSN-l\u00e5n<\/a><\/p>\n","protected":false},"excerpt":{"rendered":"Publicerad 5 jan 2026 kl 06.00 Precis som r\u00e4ntorna i samh\u00e4llet har g\u00e5tt tillbaka till niv\u00e5er innan l\u00e5gr\u00e4nte\u00e5ren&hellip;\n","protected":false},"author":2,"featured_media":125946,"comment_status":"","ping_status":"","sticky":false,"template":"","format":"standard","meta":{"footnotes":""},"categories":[65],"tags":[72,70,71,2526,34,31,33,32,30],"class_list":{"0":"post-125945","1":"post","2":"type-post","3":"status-publish","4":"format-standard","5":"has-post-thumbnail","7":"category-ekonomi","8":"tag-business","9":"tag-economy","10":"tag-ekonomi","11":"tag-organization-csn","12":"tag-se","13":"tag-svenska","14":"tag-sverige","15":"tag-sweden","16":"tag-swedish"},"share_on_mastodon":{"url":"https:\/\/pubeurope.com\/@se\/115841005224738449","error":""},"_links":{"self":[{"href":"https:\/\/www.europesays.com\/se\/wp-json\/wp\/v2\/posts\/125945","targetHints":{"allow":["GET"]}}],"collection":[{"href":"https:\/\/www.europesays.com\/se\/wp-json\/wp\/v2\/posts"}],"about":[{"href":"https:\/\/www.europesays.com\/se\/wp-json\/wp\/v2\/types\/post"}],"author":[{"embeddable":true,"href":"https:\/\/www.europesays.com\/se\/wp-json\/wp\/v2\/users\/2"}],"replies":[{"embeddable":true,"href":"https:\/\/www.europesays.com\/se\/wp-json\/wp\/v2\/comments?post=125945"}],"version-history":[{"count":0,"href":"https:\/\/www.europesays.com\/se\/wp-json\/wp\/v2\/posts\/125945\/revisions"}],"wp:featuredmedia":[{"embeddable":true,"href":"https:\/\/www.europesays.com\/se\/wp-json\/wp\/v2\/media\/125946"}],"wp:attachment":[{"href":"https:\/\/www.europesays.com\/se\/wp-json\/wp\/v2\/media?parent=125945"}],"wp:term":[{"taxonomy":"category","embeddable":true,"href":"https:\/\/www.europesays.com\/se\/wp-json\/wp\/v2\/categories?post=125945"},{"taxonomy":"post_tag","embeddable":true,"href":"https:\/\/www.europesays.com\/se\/wp-json\/wp\/v2\/tags?post=125945"}],"curies":[{"name":"wp","href":"https:\/\/api.w.org\/{rel}","templated":true}]}}