{"id":125947,"date":"2026-01-05T06:11:19","date_gmt":"2026-01-05T06:11:19","guid":{"rendered":"https:\/\/www.europesays.com\/se\/125947\/"},"modified":"2026-01-05T06:11:19","modified_gmt":"2026-01-05T06:11:19","slug":"apoteken-slanger-arligen-1-400-ton-lakemedel","status":"publish","type":"post","link":"https:\/\/www.europesays.com\/se\/125947\/","title":{"rendered":"Apoteken sl\u00e4nger \u00e5rligen 1\u00a0400 ton l\u00e4kemedel"},"content":{"rendered":"<p>1\u202f400 ton l\u00e4kemedel sl\u00e4ngs \u00e5rligen av svenska apotek, rapporterar Sveriges Radios Ekot. Det beror bland annat p\u00e5 strikta s\u00e4kerhetsregler om vad som m\u00e5ste kasseras.<\/p>\n<p>Apotekaren Johanna Will\u00e9n, som i sin avhandling om l\u00e4kemedelns milj\u00f6p\u00e5verkan har intervjuat m\u00e5nga i branschen, s\u00e4ger att m\u00e5nga \u00e4r frustrerade \u00f6ver det h\u00f6ga svinnet, men att det \u00e4r sv\u00e5rt att veta hur det kan minskas.<\/p>\n<p>Will\u00e9n f\u00f6resl\u00e5r listor \u00f6ver farliga l\u00e4kemedel och tydligare tips till apotekare om hur man b\u00e4ttre informerar allm\u00e4nheten om olika l\u00e4kemedel.<\/p>\n<p>\u2013 Det mest milj\u00f6farliga l\u00e4kemedlet \u00e4r det som inte beh\u00f6vs, inte tas \u2013 produceras, blir liggande och sedan kasseras.<\/p>\n<p>Omni \u00e4r politiskt obundna och oberoende. Vi str\u00e4var efter att ge fler perspektiv p\u00e5 nyheterna. Har du fr\u00e5gor eller synpunkter kring v\u00e5r rapportering? <a href=\"https:\/\/omni.se\/apoteken-slanger-arligen-1400-ton-lakemedel\/a\/mailto:redaktion@omni.se\" class=\"ArticleActions_contactLink__W2F1M\" rel=\"nofollow noopener\" target=\"_blank\">Kontakta redaktionen<\/a><\/p>\n","protected":false},"excerpt":{"rendered":"1\u202f400 ton l\u00e4kemedel sl\u00e4ngs \u00e5rligen av svenska apotek, rapporterar Sveriges Radios Ekot. Det beror bland annat p\u00e5 strikta&hellip;\n","protected":false},"author":2,"featured_media":125948,"comment_status":"","ping_status":"","sticky":false,"template":"","format":"standard","meta":{"footnotes":""},"categories":[12],"tags":[22,23,26,27,332,17,21,528,24,25,28,29,15,16,18,34,31,33,32,30,19,20],"class_list":{"0":"post-125947","1":"post","2":"type-post","3":"status-publish","4":"format-standard","5":"has-post-thumbnail","7":"category-sverige","8":"tag-breaking-news","9":"tag-breakingnews","10":"tag-featured-news","11":"tag-featurednews","12":"tag-forskning-vetenskap","13":"tag-headlines","14":"tag-huvudnyheter","15":"tag-klimat-miljo","16":"tag-latest-news","17":"tag-latestnews","18":"tag-main-news","19":"tag-mainnews","20":"tag-news","21":"tag-nyheter","22":"tag-rubriker","23":"tag-se","24":"tag-svenska","25":"tag-sverige","26":"tag-sweden","27":"tag-swedish","28":"tag-top-stories","29":"tag-topstories"},"share_on_mastodon":{"url":"https:\/\/pubeurope.com\/@se\/115841013103261872","error":""},"_links":{"self":[{"href":"https:\/\/www.europesays.com\/se\/wp-json\/wp\/v2\/posts\/125947","targetHints":{"allow":["GET"]}}],"collection":[{"href":"https:\/\/www.europesays.com\/se\/wp-json\/wp\/v2\/posts"}],"about":[{"href":"https:\/\/www.europesays.com\/se\/wp-json\/wp\/v2\/types\/post"}],"author":[{"embeddable":true,"href":"https:\/\/www.europesays.com\/se\/wp-json\/wp\/v2\/users\/2"}],"replies":[{"embeddable":true,"href":"https:\/\/www.europesays.com\/se\/wp-json\/wp\/v2\/comments?post=125947"}],"version-history":[{"count":0,"href":"https:\/\/www.europesays.com\/se\/wp-json\/wp\/v2\/posts\/125947\/revisions"}],"wp:featuredmedia":[{"embeddable":true,"href":"https:\/\/www.europesays.com\/se\/wp-json\/wp\/v2\/media\/125948"}],"wp:attachment":[{"href":"https:\/\/www.europesays.com\/se\/wp-json\/wp\/v2\/media?parent=125947"}],"wp:term":[{"taxonomy":"category","embeddable":true,"href":"https:\/\/www.europesays.com\/se\/wp-json\/wp\/v2\/categories?post=125947"},{"taxonomy":"post_tag","embeddable":true,"href":"https:\/\/www.europesays.com\/se\/wp-json\/wp\/v2\/tags?post=125947"}],"curies":[{"name":"wp","href":"https:\/\/api.w.org\/{rel}","templated":true}]}}