{"id":125949,"date":"2026-01-05T06:12:15","date_gmt":"2026-01-05T06:12:15","guid":{"rendered":"https:\/\/www.europesays.com\/se\/125949\/"},"modified":"2026-01-05T06:12:15","modified_gmt":"2026-01-05T06:12:15","slug":"hotet-mot-os-truppen-landeskog-skadad","status":"publish","type":"post","link":"https:\/\/www.europesays.com\/se\/125949\/","title":{"rendered":"Hotet mot OS-truppen \u2013 Landeskog skadad"},"content":{"rendered":"<p class=\"boxtextgrotesk-root_baa6 hyperion-css-1w346fg\">Uppdaterad 03.38 | Publicerad 01.11<\/p>\n<p>share-arrowDela<\/p>\n<p>unsaveSpara<\/p>\n<p>expand-left<\/p>\n<p>helsk\u00e4rm<img decoding=\"async\" class=\"image-asset hyperion-css-u06ts1\" data-test-tag=\"image-asset\" src=\"https:\/\/www.europesays.com\/se\/wp-content\/uploads\/2026\/01\/722d8f83-db5b-44c6-bf85-75745461ba35.jpeg\"  alt=\"Gabriel Landeskog under matchen mot Florida, innan olyckan.\"  loading=\"eager\" fetchpriority=\"high\" style=\"aspect-ratio:1900 \/ 1267\"\/>Gabriel Landeskog under matchen mot Florida, innan olyckan. Foto: Lynne Sladky\/AP\/TT<\/p>\n<p class=\"hyperion-css-1shl3oz\" data-test-tag=\"lead-text\">Gabriel Landeskog har skadats \u2013 med bara veckor kvar till OS-hockeyn i Milano och Cortina.<\/p>\n<p class=\"hyperion-css-1v9qo5x\">Det var n\u00e4r Landeskogs Colorado m\u00f6tte Florida i NHL natten mot m\u00e5ndag, svensk tid, som 33-\u00e5ringen \u00e5kte rakt in i m\u00e5lburen i h\u00f6g fart utan att kunna ta sig upp, rapporterar SVT Sport. Lagl\u00e4karen tog sig ut p\u00e5 isen och v\u00e5rdade Landeskog innan spelaren hj\u00e4lptes av isen.<\/p>\n<p class=\"hyperion-css-1v9qo5x\">\u2013 Han \u00e4r ju den typen, han blir ju inte ledd av isen om det inte har h\u00e4nt n\u00e5gonting, tyv\u00e4rr, s\u00e4ger Djurg\u00e5rdens sportchef Niklas Wikeg\u00e5rd i JVM-studion enligt kanalen.<\/p>\n<p class=\"hyperion-css-1v9qo5x\">Hur illa skadad veteranen Landeskog blivit \u00e4r \u00e4nnu ok\u00e4nt. Han uttogs till OS redan i juni i fjol.<\/p>\n<p class=\"hyperion-css-1v9qo5x\">\u2013 Vi kommer g\u00f6ra allt f\u00f6r att Gabriel ska f\u00e5 ett bra, f\u00f6rmodligen, sista OS, sade f\u00f6rbundskaptenen Sam Hallam till TT i f\u00f6rra veckan.<\/p>\n<p class=\"hyperion-css-1v9qo5x\">I v\u00e5ras gjorde forwardsstj\u00e4rnan comeback efter n\u00e4stan tre \u00e5rs kamp med en kn\u00e4skada. Om han kan delta i OS vore det f\u00f6rsta g\u00e5ngen han spelar i en landslagstr\u00f6ja sedan VM 2019.<\/p>\n<p class=\"hyperion-css-1v9qo5x\">Matchen avslutades 2\u20131 till Florida med ett avg\u00f6rande m\u00e5l som d\u00e4rmed br\u00f6t Colorados tio matcher l\u00e5nga segersvit.<\/p>\n","protected":false},"excerpt":{"rendered":"Uppdaterad 03.38 | Publicerad 01.11 share-arrowDela unsaveSpara expand-left helsk\u00e4rmGabriel Landeskog under matchen mot Florida, innan olyckan. Foto: Lynne&hellip;\n","protected":false},"author":2,"featured_media":125950,"comment_status":"","ping_status":"","sticky":false,"template":"","format":"standard","meta":{"footnotes":""},"categories":[5],"tags":[22,23,26,27,17,21,24,25,28,29,15,16,18,34,31,33,32,30,19,20],"class_list":{"0":"post-125949","1":"post","2":"type-post","3":"status-publish","4":"format-standard","5":"has-post-thumbnail","7":"category-rubriker","8":"tag-breaking-news","9":"tag-breakingnews","10":"tag-featured-news","11":"tag-featurednews","12":"tag-headlines","13":"tag-huvudnyheter","14":"tag-latest-news","15":"tag-latestnews","16":"tag-main-news","17":"tag-mainnews","18":"tag-news","19":"tag-nyheter","20":"tag-rubriker","21":"tag-se","22":"tag-svenska","23":"tag-sverige","24":"tag-sweden","25":"tag-swedish","26":"tag-top-stories","27":"tag-topstories"},"share_on_mastodon":{"url":"https:\/\/pubeurope.com\/@se\/115841017001929370","error":""},"_links":{"self":[{"href":"https:\/\/www.europesays.com\/se\/wp-json\/wp\/v2\/posts\/125949","targetHints":{"allow":["GET"]}}],"collection":[{"href":"https:\/\/www.europesays.com\/se\/wp-json\/wp\/v2\/posts"}],"about":[{"href":"https:\/\/www.europesays.com\/se\/wp-json\/wp\/v2\/types\/post"}],"author":[{"embeddable":true,"href":"https:\/\/www.europesays.com\/se\/wp-json\/wp\/v2\/users\/2"}],"replies":[{"embeddable":true,"href":"https:\/\/www.europesays.com\/se\/wp-json\/wp\/v2\/comments?post=125949"}],"version-history":[{"count":0,"href":"https:\/\/www.europesays.com\/se\/wp-json\/wp\/v2\/posts\/125949\/revisions"}],"wp:featuredmedia":[{"embeddable":true,"href":"https:\/\/www.europesays.com\/se\/wp-json\/wp\/v2\/media\/125950"}],"wp:attachment":[{"href":"https:\/\/www.europesays.com\/se\/wp-json\/wp\/v2\/media?parent=125949"}],"wp:term":[{"taxonomy":"category","embeddable":true,"href":"https:\/\/www.europesays.com\/se\/wp-json\/wp\/v2\/categories?post=125949"},{"taxonomy":"post_tag","embeddable":true,"href":"https:\/\/www.europesays.com\/se\/wp-json\/wp\/v2\/tags?post=125949"}],"curies":[{"name":"wp","href":"https:\/\/api.w.org\/{rel}","templated":true}]}}