{"id":125958,"date":"2026-01-05T06:18:06","date_gmt":"2026-01-05T06:18:06","guid":{"rendered":"https:\/\/www.europesays.com\/se\/125958\/"},"modified":"2026-01-05T06:18:06","modified_gmt":"2026-01-05T06:18:06","slug":"hund-bet-ihjal-kvinna-agaren-atalas-2","status":"publish","type":"post","link":"https:\/\/www.europesays.com\/se\/125958\/","title":{"rendered":"Hund bet ihj\u00e4l kvinna \u2013 \u00e4garen \u00e5talas"},"content":{"rendered":"<p>H\u00e4ndelsen intr\u00e4ffade p\u00e5 kv\u00e4llen i en l\u00e4genhet i april 2024.<\/p>\n<p>Enligt den \u00e5talade kvinnan, som \u00e4r i 25-\u00e5rs\u00e5ldern, gick hunden till attack efter det att paret b\u00f6rjat br\u00e5ka. Hon uppger att hon hj\u00e4lpte den skadade kvinnan till badrummet och larmade.<\/p>\n<p>Men enligt polisutredningen var hon i kontakt med SOS Alarm flera g\u00e5nger under natten och morgonen och sl\u00e4ppte f\u00f6rst inte in ambulanspersonalen som ryckte ut.<\/p>\n<p>I f\u00f6rh\u00f6r s\u00e4ger kvinnan i 25-\u00e5rs\u00e5ldern att minnesbilderna \u00e4r vaga eftersom hon d\u00e5 var drogp\u00e5verkad. N\u00e4r polis och ambulanspersonal till sist kom in var kvinnan avliden med \u201dhalva ansiktet avslitet\u201d, enligt l\u00e4karen som d\u00f6df\u00f6rklarade henne.<\/p>\n<p>Hunden avlivades senare. Hund\u00e4garen \u00e5talas \u00e4ven f\u00f6r v\u00e5llande till kroppsskada, efter en senare h\u00e4ndelse d\u00e4r hennes hundar bitit en person.<\/p>\n","protected":false},"excerpt":{"rendered":"H\u00e4ndelsen intr\u00e4ffade p\u00e5 kv\u00e4llen i en l\u00e4genhet i april 2024. Enligt den \u00e5talade kvinnan, som \u00e4r i 25-\u00e5rs\u00e5ldern,&hellip;\n","protected":false},"author":2,"featured_media":125959,"comment_status":"","ping_status":"","sticky":false,"template":"","format":"standard","meta":{"footnotes":""},"categories":[14],"tags":[22,23,26,27,17,21,24,25,28,29,15,16,18,34,31,33,32,30,19,20,51,52,53,54],"class_list":{"0":"post-125958","1":"post","2":"type-post","3":"status-publish","4":"format-standard","5":"has-post-thumbnail","7":"category-varlden","8":"tag-breaking-news","9":"tag-breakingnews","10":"tag-featured-news","11":"tag-featurednews","12":"tag-headlines","13":"tag-huvudnyheter","14":"tag-latest-news","15":"tag-latestnews","16":"tag-main-news","17":"tag-mainnews","18":"tag-news","19":"tag-nyheter","20":"tag-rubriker","21":"tag-se","22":"tag-svenska","23":"tag-sverige","24":"tag-sweden","25":"tag-swedish","26":"tag-top-stories","27":"tag-topstories","28":"tag-varlden","29":"tag-world","30":"tag-world-news","31":"tag-worldnews"},"share_on_mastodon":{"url":"https:\/\/pubeurope.com\/@se\/115841040632645066","error":""},"_links":{"self":[{"href":"https:\/\/www.europesays.com\/se\/wp-json\/wp\/v2\/posts\/125958","targetHints":{"allow":["GET"]}}],"collection":[{"href":"https:\/\/www.europesays.com\/se\/wp-json\/wp\/v2\/posts"}],"about":[{"href":"https:\/\/www.europesays.com\/se\/wp-json\/wp\/v2\/types\/post"}],"author":[{"embeddable":true,"href":"https:\/\/www.europesays.com\/se\/wp-json\/wp\/v2\/users\/2"}],"replies":[{"embeddable":true,"href":"https:\/\/www.europesays.com\/se\/wp-json\/wp\/v2\/comments?post=125958"}],"version-history":[{"count":0,"href":"https:\/\/www.europesays.com\/se\/wp-json\/wp\/v2\/posts\/125958\/revisions"}],"wp:featuredmedia":[{"embeddable":true,"href":"https:\/\/www.europesays.com\/se\/wp-json\/wp\/v2\/media\/125959"}],"wp:attachment":[{"href":"https:\/\/www.europesays.com\/se\/wp-json\/wp\/v2\/media?parent=125958"}],"wp:term":[{"taxonomy":"category","embeddable":true,"href":"https:\/\/www.europesays.com\/se\/wp-json\/wp\/v2\/categories?post=125958"},{"taxonomy":"post_tag","embeddable":true,"href":"https:\/\/www.europesays.com\/se\/wp-json\/wp\/v2\/tags?post=125958"}],"curies":[{"name":"wp","href":"https:\/\/api.w.org\/{rel}","templated":true}]}}