{"id":125962,"date":"2026-01-05T06:20:28","date_gmt":"2026-01-05T06:20:28","guid":{"rendered":"https:\/\/www.europesays.com\/se\/125962\/"},"modified":"2026-01-05T06:20:28","modified_gmt":"2026-01-05T06:20:28","slug":"trump-ointresserad-av-demokrati-i-venezuela","status":"publish","type":"post","link":"https:\/\/www.europesays.com\/se\/125962\/","title":{"rendered":"\u201dTrump ointresserad av demokrati i Venezuela\u201d"},"content":{"rendered":"<p><strong>Magnus Christiansson tvivlar p\u00e5<\/strong> att Trump ens har en f\u00e4rdig plan f\u00f6r vad som ska h\u00e4nda med Venezuela nu.<\/p>\n<p>\u201dOm en tidigare administration hade gjort det h\u00e4r s\u00e5 hade jag f\u00f6rv\u00e4ntat mig att man hade t\u00e4nkt ut n\u00e4sta steg i den politiska l\u00f6sningen, men n\u00e4r det g\u00e4ller Trumpadministrationen \u00e4r jag inte alls lika s\u00e4ker.\u201d<\/p>\n<p>Trump s\u00e4ger sig se en \u201dlaglig makt\u00f6verg\u00e5ng\u201d framf\u00f6r sig. Men enligt Christiansson skulle en demokratiprocess i Venezuela till och med kunna st\u00e5 i v\u00e4gen f\u00f6r USA:s m\u00e5l.<\/p>\n<p>\u201dOm det blir v\u00e4ldigt st\u00f6kigt med inb\u00f6rdes strider s\u00e5 kan det h\u00e4r bli en mardr\u00f6m f\u00f6r amerikanerna. Det handlar ju om att man ska skaffa kontroll \u00f6ver migrationsfl\u00f6det och att komma \u00e5t oljekontrakt. S\u00e5 fr\u00e5gan \u00e4r hur mycket frihet man egentligen har r\u00e5d med.\u201d<\/p>\n<p><img loading=\"lazy\" decoding=\"async\" class=\"image__el\" src=\"https:\/\/www.europesays.com\/se\/wp-content\/uploads\/2026\/01\/4d1649b4-fc00-4d8e-848f-1fd05537a7c2.jpeg\"   height=\"1281\" width=\"1920\" alt=\"President Donald Trump tillsammans med bland andra utrikesminister Marco Rubio f\u00f6ljer kidnappningen av Venezuelas president Nicol\u00e1s Maduro fr\u00e5n privatbostaden Mar-a-Lago i Florida.\" onerror=\"this.style.visibility='hidden'; this.classList.add('load-error')\"\/>President Donald Trump tillsammans med bland andra utrikesminister Marco Rubio f\u00f6ljer kidnappningen av Venezuelas president Nicol\u00e1s Maduro fr\u00e5n privatbostaden Mar-a-Lago i Florida.Foto: Molly Riley\/The White House (AP\/TT)<\/p>\n<p><strong>Att Maduro \u00e4r<\/strong> en auktorit\u00e4r ledare p\u00e5 v\u00e4nsterkanten \u00e4r egentligen oviktigt, f\u00f6r Trump bryr sig varken om statsskick eller ideologi, enligt Magnus Christiansson.<\/p>\n<p>\u201dJag tror man ska se detta i ljuset av intressesf\u00e4rst\u00e4nkande. Jag tror inte att Trump egentligen begriper vad demokrati \u00e4r f\u00f6r n\u00e5gonting och den ideologiska kul\u00f6ren tror jag inte spelar s\u00e5 stor roll.\u201d<\/p>\n<p>USA:s inblandning i Venezuela kan ocks\u00e5 vara d\u00e5liga nyheter f\u00f6r Nato, Ukraina och Mellan\u00f6stern.<\/p>\n<p>\u201dTrump har satt sig sj\u00e4lv i f\u00f6rars\u00e4tet s\u00e5 n\u00e4r det g\u00e4ller konflikten i Gaza och konflikten i Ukraina och f\u00f6r bomboperationen mot Iran. Nu kommer ytterligare en oerh\u00f6rt tung fr\u00e5ga. Jag tror att det h\u00e4r kommer att g\u00f6ra andra saker mindre intressanta.\u201d<\/p>\n<p><img loading=\"lazy\" decoding=\"async\" class=\"image__el\" src=\"https:\/\/www.europesays.com\/se\/wp-content\/uploads\/2026\/01\/b11b5b9a-85b6-4b1a-9763-4fe64c18ed25.jpeg\"   height=\"1281\" width=\"1920\" alt=\"Kubas president Miguel D\u00edaz-Canel under en demonstration till st\u00f6d f\u00f6r Venezuelas kidnappade president Nicol\u00e1s Maduro i Havanna p\u00e5 l\u00f6rdagen.\" onerror=\"this.style.visibility='hidden'; this.classList.add('load-error')\"\/>Kubas president Miguel D\u00edaz-Canel under en demonstration till st\u00f6d f\u00f6r Venezuelas kidnappade president Nicol\u00e1s Maduro i Havanna p\u00e5 l\u00f6rdagen.Foto: Ramon Espinosa (AP\/TT)<\/p>\n<p><strong>Nu kan Kuba<\/strong> st\u00e5 n\u00e4st p\u00e5 tur. Sedan 1960-talet har det r\u00e5tt konsensus om att inte handgripligen f\u00f6rs\u00f6ka st\u00f6rta kommuniststyret, men med tanke p\u00e5 Trumps nygamla stormaktspolitik p\u00e5 v\u00e4stra halvklotet skulle Havanna mycket v\u00e4l kunna bli ett m\u00e5l. Speciellt om insatsen mot Venezuela anses som lyckad, tror Christiansson.<\/p>\n<p>\u00c4ven Gr\u00f6nland n\u00e4mns som t\u00e4nkbart milit\u00e4rt m\u00e5l, men Christiansson tror inte att kongressen skulle acceptera att bryta alliansf\u00f6rpliktelserna mot Danmark och Nato, \u00e4ven om \u00f6n redan \u00e4r f\u00f6rem\u00e5l f\u00f6r en inflytelseoperation.<\/p>\n<p>N\u00e5gra h\u00e5rdare markeringar fr\u00e5n Sverige och \u00f6vriga v\u00e4stl\u00e4nder l\u00e4r dr\u00f6ja.<\/p>\n<p>\u201dN\u00e5gonstans g\u00e5r det ju en r\u00f6d linje d\u00e4r ju \u00e4ven EU eller de \u00f6vriga europeiska l\u00e4nderna m\u00e5ste markera. Men hittills s\u00e5 har de spelat ett spel d\u00e4r man snarare f\u00f6rs\u00f6ker smickra Trump \u00e4n att kritisera honom\u201d, s\u00e4ger Christiansson.<\/p>\n","protected":false},"excerpt":{"rendered":"Magnus Christiansson tvivlar p\u00e5 att Trump ens har en f\u00e4rdig plan f\u00f6r vad som ska h\u00e4nda med Venezuela&hellip;\n","protected":false},"author":2,"featured_media":125963,"comment_status":"","ping_status":"","sticky":false,"template":"","format":"standard","meta":{"footnotes":""},"categories":[5],"tags":[22,23,26,27,17,21,24,25,28,29,15,16,18,34,31,33,32,30,19,20],"class_list":{"0":"post-125962","1":"post","2":"type-post","3":"status-publish","4":"format-standard","5":"has-post-thumbnail","7":"category-rubriker","8":"tag-breaking-news","9":"tag-breakingnews","10":"tag-featured-news","11":"tag-featurednews","12":"tag-headlines","13":"tag-huvudnyheter","14":"tag-latest-news","15":"tag-latestnews","16":"tag-main-news","17":"tag-mainnews","18":"tag-news","19":"tag-nyheter","20":"tag-rubriker","21":"tag-se","22":"tag-svenska","23":"tag-sverige","24":"tag-sweden","25":"tag-swedish","26":"tag-top-stories","27":"tag-topstories"},"share_on_mastodon":{"url":"https:\/\/pubeurope.com\/@se\/115841048419173271","error":""},"_links":{"self":[{"href":"https:\/\/www.europesays.com\/se\/wp-json\/wp\/v2\/posts\/125962","targetHints":{"allow":["GET"]}}],"collection":[{"href":"https:\/\/www.europesays.com\/se\/wp-json\/wp\/v2\/posts"}],"about":[{"href":"https:\/\/www.europesays.com\/se\/wp-json\/wp\/v2\/types\/post"}],"author":[{"embeddable":true,"href":"https:\/\/www.europesays.com\/se\/wp-json\/wp\/v2\/users\/2"}],"replies":[{"embeddable":true,"href":"https:\/\/www.europesays.com\/se\/wp-json\/wp\/v2\/comments?post=125962"}],"version-history":[{"count":0,"href":"https:\/\/www.europesays.com\/se\/wp-json\/wp\/v2\/posts\/125962\/revisions"}],"wp:featuredmedia":[{"embeddable":true,"href":"https:\/\/www.europesays.com\/se\/wp-json\/wp\/v2\/media\/125963"}],"wp:attachment":[{"href":"https:\/\/www.europesays.com\/se\/wp-json\/wp\/v2\/media?parent=125962"}],"wp:term":[{"taxonomy":"category","embeddable":true,"href":"https:\/\/www.europesays.com\/se\/wp-json\/wp\/v2\/categories?post=125962"},{"taxonomy":"post_tag","embeddable":true,"href":"https:\/\/www.europesays.com\/se\/wp-json\/wp\/v2\/tags?post=125962"}],"curies":[{"name":"wp","href":"https:\/\/api.w.org\/{rel}","templated":true}]}}