{"id":125966,"date":"2026-01-05T06:23:10","date_gmt":"2026-01-05T06:23:10","guid":{"rendered":"https:\/\/www.europesays.com\/se\/125966\/"},"modified":"2026-01-05T06:23:10","modified_gmt":"2026-01-05T06:23:10","slug":"claire-louise-bennetts-kyss-och-hej-da-ar-egensinnigt-personlig-kulturnytt","status":"publish","type":"post","link":"https:\/\/www.europesays.com\/se\/125966\/","title":{"rendered":"Claire-Louise Bennetts \u201dKyss och hej d\u00e5\u201d \u00e4r egensinnigt personlig &#8211; Kulturnytt"},"content":{"rendered":"<p><strong>Titel:<\/strong> Kyss och hejd\u00e5<br \/><strong>F\u00f6rfattare:<\/strong> Claire-Louise Bennett<br \/><strong>\u00d6vers\u00e4ttare:<\/strong> Helena Fagertun<\/p>\n<p><strong>Att g\u00f6ra upp eld<\/strong> i spisen \u00e4r n\u00e5got Claire-Louise Bennetts ber\u00e4ttarjag g\u00f6r i alla sina b\u00f6cker, s\u00e5 \u00e4ven i den nya \u201dKyss och hejd\u00e5\u201d. Men den h\u00e4r g\u00e5ngen \u00e4r det hennes \u00e4lskare, en mycket rik och mycket gammal man med yvigt vitt sk\u00e4gg, som staplar veden och g\u00f6r slut p\u00e5 f\u00f6r m\u00e5nga brast\u00e4ndare. Det irriterar den kvinnliga huvudpersonen som hellre vill att han ska ta itu med g\u00e5rdagens disk. <\/p>\n<p>Det \u00e4r mycket lantlig vardag i Claire-Louise Bennetts ber\u00e4ttande. Fuktiga stenv\u00e4ggar och uthus och promenader p\u00e5 heden. Den f\u00f6rsta boken \u201dDamm\u201d var ett slags parallell historia till \u201dSkogsliv vid Walden\u201d, alla naturdyrkares och eremiters egen urkund. Jag t\u00e4nker ocks\u00e5 p\u00e5 Virginia Woolfs \u201dMrs Dalloway\u201d och hennes inre blomstermonologer. \u00c4ven i \u201dKyss och hejd\u00e5\u201d spelar blommor en viktig roll. Till allt som st\u00f6r den kvinnliga huvudpersonen h\u00f6r den rike mannens d\u00e5liga blomsmak, varf\u00f6r skickar han buketter med gula och r\u00f6da gerberor, s\u00e5dana d\u00e4r som ser ut som konstgjorda j\u00e4ttepr\u00e4stkragar? Relationen tar slut. <\/p>\n<p>Jag tycker om Claire-Louise Bennetts projekt, att l\u00e5ta sin ganska torftiga vardag bli litteratur. Tankarna och minnena som g\u00e5r i loopar och kommer tillbaka. Alla manspersonerna. Det blir lite klaustrofobiskt d\u00e4rinne i dagsbokshj\u00e4rnan ibland men jag trivs \u00e4nd\u00e5 med livsfilosoferandet framf\u00f6r brasan.<\/p>\n<p class=\"byline\">Nina Asarnoj<br \/><a class=\"internal-link\" target=\"_self\" href=\"https:\/\/www.sverigesradio.se\/artikel\/mailto:nina.asarnoj@sverigesradio.se\" rel=\"nofollow noopener\">nina.asarnoj@sverigesradio.se<\/a><\/p>\n","protected":false},"excerpt":{"rendered":"Titel: Kyss och hejd\u00e5F\u00f6rfattare: Claire-Louise Bennett\u00d6vers\u00e4ttare: Helena Fagertun Att g\u00f6ra upp eld i spisen \u00e4r n\u00e5got Claire-Louise Bennetts&hellip;\n","protected":false},"author":2,"featured_media":125967,"comment_status":"","ping_status":"","sticky":false,"template":"","format":"standard","meta":{"footnotes":""},"categories":[67],"tags":[900,904,104,903,902,194,898,899,787,171,901,34,31,33,32,30,905,105],"class_list":{"0":"post-125966","1":"post","2":"type-post","3":"status-publish","4":"format-standard","5":"has-post-thumbnail","7":"category-underhallning","8":"tag-bcker","9":"tag-dans","10":"tag-entertainment","11":"tag-film","12":"tag-konst","13":"tag-kultur","14":"tag-kulturnyheter","15":"tag-kulturnytt","16":"tag-lyssna","17":"tag-radio","18":"tag-recensioner","19":"tag-se","20":"tag-svenska","21":"tag-sverige","22":"tag-sweden","23":"tag-swedish","24":"tag-teater","25":"tag-underhallning"},"share_on_mastodon":{"url":"https:\/\/pubeurope.com\/@se\/115841060181608321","error":""},"_links":{"self":[{"href":"https:\/\/www.europesays.com\/se\/wp-json\/wp\/v2\/posts\/125966","targetHints":{"allow":["GET"]}}],"collection":[{"href":"https:\/\/www.europesays.com\/se\/wp-json\/wp\/v2\/posts"}],"about":[{"href":"https:\/\/www.europesays.com\/se\/wp-json\/wp\/v2\/types\/post"}],"author":[{"embeddable":true,"href":"https:\/\/www.europesays.com\/se\/wp-json\/wp\/v2\/users\/2"}],"replies":[{"embeddable":true,"href":"https:\/\/www.europesays.com\/se\/wp-json\/wp\/v2\/comments?post=125966"}],"version-history":[{"count":0,"href":"https:\/\/www.europesays.com\/se\/wp-json\/wp\/v2\/posts\/125966\/revisions"}],"wp:featuredmedia":[{"embeddable":true,"href":"https:\/\/www.europesays.com\/se\/wp-json\/wp\/v2\/media\/125967"}],"wp:attachment":[{"href":"https:\/\/www.europesays.com\/se\/wp-json\/wp\/v2\/media?parent=125966"}],"wp:term":[{"taxonomy":"category","embeddable":true,"href":"https:\/\/www.europesays.com\/se\/wp-json\/wp\/v2\/categories?post=125966"},{"taxonomy":"post_tag","embeddable":true,"href":"https:\/\/www.europesays.com\/se\/wp-json\/wp\/v2\/tags?post=125966"}],"curies":[{"name":"wp","href":"https:\/\/api.w.org\/{rel}","templated":true}]}}