{"id":125970,"date":"2026-01-05T06:26:09","date_gmt":"2026-01-05T06:26:09","guid":{"rendered":"https:\/\/www.europesays.com\/se\/125970\/"},"modified":"2026-01-05T06:26:09","modified_gmt":"2026-01-05T06:26:09","slug":"finland-reagerar-efter-trumputspel-om-gronland-hufvudstadsbladet","status":"publish","type":"post","link":"https:\/\/www.europesays.com\/se\/125970\/","title":{"rendered":"Finland reagerar efter Trumputspel om Gr\u00f6nland &#8211; Hufvudstadsbladet"},"content":{"rendered":"<ol>\n<li><a href=\"https:\/\/news.google.com\/rss\/articles\/CBMiZ0FVX3lxTE5BXzE1NWx1Q09PUG5UNVJlWFYxRHRXWkRvRTNJT0FleG81YjVUeU0wVHYyeHBjTWpuQ1Q0RGk0b3QzZmlWTDFZRXNHQ0Jkdm1tdlFTSlBQTGNnUEV4WUlialNVTW9vRzg?oc=5\" target=\"_blank\" rel=\"nofollow noopener\">Finland reagerar efter Trumputspel om Gr\u00f6nland<\/a>&nbsp;&nbsp;Hufvudstadsbladet<\/li>\n<li><a href=\"https:\/\/news.google.com\/rss\/articles\/CBMimAFBVV95cUxNRzRPSEw2VEoxQW1ZVVFCZWctZlRzejYzZFVHY1dndi0zZzQ5aVhDR05hRkJsNkhkYWhVLTdUQWpmZnptME9qS0N0ak95NUU0NGE1U0VNTmZzcU9WY3l1U0pDMlNRLU8zdkM0Z1dxT0ViX0EwdG9rUmxUT1NwRS0tdDU4V2N6cE41LUYtQkJ0YW11R3ptMUZESw?oc=5\" target=\"_blank\" rel=\"nofollow noopener\">Trump h\u00e5nar Danmark om Gr\u00f6nland: \u201dEn hundsl\u00e4de till\u201d<\/a>&nbsp;&nbsp;Aftonbladet<\/li>\n<li><a href=\"https:\/\/news.google.com\/rss\/articles\/CBMie0FVX3lxTFBaZlFnS3pWUHA0NGc0TmRNblI0WWZiTUwyTVk0WHpOQnZzaHRGUHFVSnhpRWlRY2lJRG1WLXR6dUJuWDE4U1hlNjZ5aFc5X1JQUEMwVzEwU1FxQzFkMTRYc2NrdWEyaDhzQjE3VGNsSnJtdTNDRHNKZ2Mycw?oc=5\" target=\"_blank\" rel=\"nofollow noopener\">SvD Morgonrapport: Minst tv\u00e5 d\u00f6da i ryska attacker mot Ukraina<\/a>&nbsp;&nbsp;SvD<\/li>\n<li><a href=\"https:\/\/news.google.com\/rss\/articles\/CBMigwFBVV95cUxOcHN5NkVuSElCakpueFhrWWJQTnNnVXBNVm01cTRSNTBMU2NvTldEcVVxLUI5NlFxSnFfeDVTWktJYURfaHowdUN0cVFJTEw1SVBjRnEyR29jalpNQmx5SmpCem0ybU5LbHdwY2psWkxaNXJzRTk2Vm9Idy1KNkt4V3NXcw?oc=5\" target=\"_blank\" rel=\"nofollow noopener\">Mette Frederiksen svarar Trump om Gr\u00f6nland \u2013 st\u00f6det fr\u00e5n Kristersson<\/a>&nbsp;&nbsp;SVT Nyheter<\/li>\n<li><a href=\"https:\/\/news.google.com\/rss\/articles\/CBMikgFBVV95cUxQT0VUV2F3MmFvbnFoeVhZYWhFbG1pSVZYRVBoUGlROXEyQlJkSEEtQXN6aUVCSHBXVG1wc2s3eTBZak1WdWRIOEJmeXVVZ3R3emhDREpEaTFVZ0ViMUFaNTM1U2h6TVctd2NHTmxTWlR5TWRWZVJnd0RyckJUUWI4RXRUU1ZBV2p5a2s3SmlmeWppZw?oc=5\" target=\"_blank\" rel=\"nofollow noopener\">Sl\u00e5r tillbaka mot Trumps utspel: \u201dAbsolut meningsl\u00f6st\u201d<\/a>&nbsp;&nbsp;Sveriges Radio<\/li>\n<\/ol>\n","protected":false},"excerpt":{"rendered":"Finland reagerar efter Trumputspel om Gr\u00f6nland&nbsp;&nbsp;Hufvudstadsbladet Trump h\u00e5nar Danmark om Gr\u00f6nland: \u201dEn hundsl\u00e4de till\u201d&nbsp;&nbsp;Aftonbladet SvD Morgonrapport: Minst tv\u00e5&hellip;\n","protected":false},"author":2,"featured_media":125971,"comment_status":"","ping_status":"","sticky":false,"template":"","format":"standard","meta":{"footnotes":""},"categories":[14],"tags":[22,23,26,27,17,21,24,25,28,29,15,16,18,34,31,33,32,30,19,20,51,52,53,54],"class_list":{"0":"post-125970","1":"post","2":"type-post","3":"status-publish","4":"format-standard","5":"has-post-thumbnail","7":"category-varlden","8":"tag-breaking-news","9":"tag-breakingnews","10":"tag-featured-news","11":"tag-featurednews","12":"tag-headlines","13":"tag-huvudnyheter","14":"tag-latest-news","15":"tag-latestnews","16":"tag-main-news","17":"tag-mainnews","18":"tag-news","19":"tag-nyheter","20":"tag-rubriker","21":"tag-se","22":"tag-svenska","23":"tag-sverige","24":"tag-sweden","25":"tag-swedish","26":"tag-top-stories","27":"tag-topstories","28":"tag-varlden","29":"tag-world","30":"tag-world-news","31":"tag-worldnews"},"share_on_mastodon":{"url":"https:\/\/pubeurope.com\/@se\/115841072381217564","error":""},"_links":{"self":[{"href":"https:\/\/www.europesays.com\/se\/wp-json\/wp\/v2\/posts\/125970","targetHints":{"allow":["GET"]}}],"collection":[{"href":"https:\/\/www.europesays.com\/se\/wp-json\/wp\/v2\/posts"}],"about":[{"href":"https:\/\/www.europesays.com\/se\/wp-json\/wp\/v2\/types\/post"}],"author":[{"embeddable":true,"href":"https:\/\/www.europesays.com\/se\/wp-json\/wp\/v2\/users\/2"}],"replies":[{"embeddable":true,"href":"https:\/\/www.europesays.com\/se\/wp-json\/wp\/v2\/comments?post=125970"}],"version-history":[{"count":0,"href":"https:\/\/www.europesays.com\/se\/wp-json\/wp\/v2\/posts\/125970\/revisions"}],"wp:featuredmedia":[{"embeddable":true,"href":"https:\/\/www.europesays.com\/se\/wp-json\/wp\/v2\/media\/125971"}],"wp:attachment":[{"href":"https:\/\/www.europesays.com\/se\/wp-json\/wp\/v2\/media?parent=125970"}],"wp:term":[{"taxonomy":"category","embeddable":true,"href":"https:\/\/www.europesays.com\/se\/wp-json\/wp\/v2\/categories?post=125970"},{"taxonomy":"post_tag","embeddable":true,"href":"https:\/\/www.europesays.com\/se\/wp-json\/wp\/v2\/tags?post=125970"}],"curies":[{"name":"wp","href":"https:\/\/api.w.org\/{rel}","templated":true}]}}