{"id":125972,"date":"2026-01-05T06:27:15","date_gmt":"2026-01-05T06:27:15","guid":{"rendered":"https:\/\/www.europesays.com\/se\/125972\/"},"modified":"2026-01-05T06:27:15","modified_gmt":"2026-01-05T06:27:15","slug":"2025-ars-mest-lasta-olnyheter","status":"publish","type":"post","link":"https:\/\/www.europesays.com\/se\/125972\/","title":{"rendered":"2025-\u00e5rs mest l\u00e4sta \u00f6lnyheter"},"content":{"rendered":"<p><strong>Nya Beernews andra \u00e5r har n\u00e5tt sitt slut, och det med mer \u00e4n en publicering om dagen. H\u00e4r f\u00f6ljer de tjugo artiklar som drog mest intresse till sig, samt de 4-listor och artiklar om \u00f6lst\u00e4llen som l\u00e4stes allra mest.<\/strong><\/p>\n<ol>\n<li><a href=\"https:\/\/www.beernews.se\/articles\/lagprisol-bakom-bolagets-okning-2024\/\" rel=\"nofollow noopener\" target=\"_blank\"><strong> L\u00e5gpris\u00f6l bakom bolagets \u00f6kning 2024<\/strong><\/a><br \/>I\u00a0 februari skrev Beernews en artikel om att kategorin \u00f6l v\u00e4xte med \u00e5tta miljoner liter p\u00e5 Systembolaget under 2024, och att de svenska storbryggerierna stod f\u00f6r \u00f6kningen. Vi tittade senare\u00a0 vidare p\u00e5 Systembolagets statistik f\u00f6r storbryggerierna \u2013 vilka var\u00a0 vinnarna och vilka var f\u00f6rlorarna?<\/li>\n<\/ol>\n<ol start=\"2\">\n<li><strong><a href=\"https:\/\/www.beernews.se\/articles\/kartellen-som-styrde-svensk-ol-i-50-ar\/\" rel=\"nofollow noopener\" target=\"_blank\"> Kartellen som styrde svensk \u00f6l i 50 \u00e5r<\/a><\/strong>\n<p>I 50 \u00e5r delade bryggerierna upp Sverige mellan sig. En ny avhandling visar hur bryggerikartellen arbetade \u2013 med egna straff, domstolar och stenh\u00e5rd kontroll \u00f6ver vad medlemmarna fick och inte fick lov att g\u00f6ra.<\/p>\n<\/li>\n<\/ol>\n<ol start=\"3\">\n<li><strong><a href=\"https:\/\/www.beernews.se\/articles\/carlsberg-tvingas-att-uppdatera-oletikett\/\" rel=\"nofollow noopener\" target=\"_blank\"> Carlsberg tvingas att uppdatera \u00f6letikett<\/a><\/strong><br \/>\u00d6let Nordliga Sarek f\u00e4lls av Solna stad f\u00f6r vilseledande h\u00e4rkomst, d\u00e5 b\u00e5de namnet och etikettens utformning \u2013 med fj\u00e4lltoppar, renar och bl\u00e5tt fj\u00e4llvatten \u2013 ger intryck av att \u00f6let kommer fr\u00e5n Norrland, trots att det bryggs i Falkenberg. Samtidigt frias Eriksberg.<\/li>\n<\/ol>\n<ol start=\"4\">\n<li><strong><a href=\"https:\/\/www.beernews.se\/articles\/darfor-ar-orval-varldens-coolaste-ol\/\" rel=\"nofollow noopener\" target=\"_blank\"> \u201cD\u00e4rf\u00f6r \u00e4r Orval v\u00e4rldens coolaste \u00f6l\u201d<\/a><\/strong><br \/>Beernews Fredrik Berggren minns sin f\u00f6rsta Orval. Och sin andra och tredje. Ett \u00f6l som gjorde ett outpl\u00e5nligt intryck, men som dessv\u00e4rre gradvis har trubbats av. Trots det \u00e4r det fortfarande v\u00e4rldens coolaste \u00f6l \u2013 om vi bara tror tillr\u00e4ckligt.\u00a0<\/li>\n<\/ol>\n<ol start=\"5\">\n<li><strong><a href=\"https:\/\/www.beernews.se\/articles\/det-var-inte-olen-jag-saknade-utan-gemenskapen\/\" rel=\"nofollow noopener\" target=\"_blank\"> \u201cDet var inte \u00f6len jag saknade, utan gemenskapen\u201d<\/a><\/strong><br \/>I en sommarintervju tr\u00e4ffade vi Elin Carlsson som sitter i styrelsen f\u00f6r FemAle. Hon ber\u00e4ttar om sin sviktande nyfikenhet, hur det g\u00e5r till n\u00e4r f\u00f6reningen brygger sitt 8 mars-\u00f6l och varf\u00f6r hon tycker att neipa \u00e4r \u00f6verskattat.<\/li>\n<\/ol>\n<ol start=\"6\">\n<li><strong><a href=\"https:\/\/www.beernews.se\/articles\/systembolaget-pudlar-vi-har-lyssnat\/\" rel=\"nofollow noopener\" target=\"_blank\"> Systembolaget pudlar: \u201dVi har lyssnat\u201d<\/a><\/strong><br \/>Systembolagets priss\u00e4nkning av varor i samband med inf\u00f6randet av den differentierade alkoholskatten v\u00e4ckte starka k\u00e4nslor hos bryggerierna \u2013 d\u00e5 den positiva effekten inledningsvis helt skulle utebli. Nu har Systembolaget \u00e4ndrat villkoren.<\/li>\n<\/ol>\n<ol start=\"7\">\n<li><strong><a href=\"https:\/\/www.beernews.se\/articles\/82-tror-mariestads-ol-tillverkas-i-mariestad\/\" rel=\"nofollow noopener\" target=\"_blank\"> 82% tror Mariestads \u00f6l tillverkas i Mariestad<\/a><\/strong><br \/>Beernews forts\u00e4tta att\u00a0 granska fr\u00e5gan om ursprungsm\u00e4rkning f\u00f6r \u00f6l. H\u00e4r\u00a0 presenterade vi fler resultat fr\u00e5n unders\u00f6kningen som visade\u00a0 att en stor majoritet av Sveriges \u00f6lk\u00f6pare tror att n\u00e5gra av Sveriges st\u00f6rsta \u00f6l faktiskt tillverkas p\u00e5 den ort eller plats som \u00f6lnamnet antyder. Tv\u00e4rtemot vad bryggerierna h\u00e4vdar.<\/li>\n<\/ol>\n<ol start=\"8\">\n<li><strong><a href=\"https:\/\/www.beernews.se\/articles\/abro-utan-oss-forsvinner-krogarna\/\" rel=\"nofollow noopener\" target=\"_blank\"> \u00c5bro: \u201dUtan oss f\u00f6rsvinner krogarna\u201d<\/a><\/strong><br \/>L\u00e5gpris\u00f6l, krogavtal, investeringar och effektiviseringar \u2013 och hur det gick till n\u00e4r Ey\u2019Bro blev Sveriges mest s\u00e5lda \u00f6l. Beernews har bes\u00f6kt \u00c5bro f\u00f6r ett l\u00e5ngt samtal med vd:n Henrik Dunge, som under 2025 l\u00e4mnar \u00f6ver stafettpinnen till dottern Amelie, femte generationens vd vid det sm\u00e5l\u00e4ndska familjef\u00f6retaget.<\/li>\n<\/ol>\n<ol start=\"9\">\n<li><strong><a href=\"https:\/\/www.beernews.se\/articles\/han-var-driven-och-nyfiken-pa-allt\/\" rel=\"nofollow noopener\" target=\"_blank\"> \u201cLinus var driven och nyfiken p\u00e5 allt\u201d<\/a><\/strong><br \/>V\u00e4nner och branschkollegor samlades i veckan p\u00e5 Haket i G\u00f6teborg f\u00f6r att minnas och hedra Linus Pilebrand \u2013 bryggaren, destillat\u00f6ren, musikern och m\u00e4nniskan som med sitt engagemang ber\u00f6rde m\u00e5nga och nu l\u00e4mnar ett stort tomrum efter sig.<\/li>\n<\/ol>\n<ol start=\"10\">\n<li><strong><a href=\"https:\/\/www.beernews.se\/articles\/med-samma-marginal-skulle-en-hantverksol-kosta-200-kronor\/\" rel=\"nofollow noopener\" target=\"_blank\"> \u201cMed samma marginal skulle en hantverks\u00f6l kosta 200 kronor\u201d<\/a><\/strong><br \/>\u00d6limport\u00f6ren och distribut\u00f6ren Brill &amp; Co firade i dagarna sina 30 f\u00f6rsta \u00e5r. Del\u00e4garen Marc Schuterman, som arbetat i f\u00f6retaget i \u00f6ver 20 \u00e5r, vill inte skryta, men konstaterar samtidigt stolt att Brill varit f\u00f6rst med mycket i \u00d6lsverige. Fr\u00e5gan \u00e4r nu \u2013 kommer de att kunna forts\u00e4tta med det?\u00a0<\/li>\n<\/ol>\n<ol start=\"11\">\n<li><strong><a href=\"https:\/\/www.beernews.se\/articles\/2024-ars-basta-nya-svenska-ol\/\" rel=\"nofollow noopener\" target=\"_blank\"> 2024 \u00e5rs b\u00e4sta nya svenska \u00f6l<\/a><\/strong><br \/>Det har vridits och v\u00e4nts p\u00e5 argument, smakats, funderats och diskuterats. Men nu \u00e4r det klart \u2013 h\u00e4r \u00e4r de tio \u00f6len som Beernews redaktion nominerat till 2024 \u00e5rs b\u00e4sta nya svenska \u00f6l.<\/li>\n<\/ol>\n<ol start=\"12\">\n<li><strong><a href=\"https:\/\/www.beernews.se\/articles\/darfor-far-nils-oscars-vd-sparken\/\" rel=\"nofollow noopener\" target=\"_blank\"> D\u00e4rf\u00f6r f\u00e5r Nils Oscars vd sparken<\/a><\/strong><br \/>Efter v\u00e4xande missn\u00f6je med ledarskapet tvingas Henrik Kihlberg nu l\u00e4mna Nils Oscar. Styrelsen vill bort fr\u00e5n en vd-centrerad kultur och s\u00e4ger att personalen m\u00e5ste f\u00e5 st\u00f6rre mandat.<\/li>\n<\/ol>\n<ol start=\"13\">\n<li><strong><a href=\"https:\/\/www.beernews.se\/articles\/darfor-slapper-systembolaget-samma-julol-varje-ar\/\" rel=\"nofollow noopener\" target=\"_blank\"> D\u00e4rf\u00f6r sl\u00e4pper Systembolaget samma jul\u00f6l varje \u00e5r<\/a><\/strong><br \/>Tre till fyra, av totalt cirka 40 jul\u00f6l som \u00e5rligen sl\u00e4pps nationellt, \u00e4r nylanseringar. Beernews har pratat med den ansvariga kategorichefen, Emelie Westrup, som ber\u00e4ttar varf\u00f6r, men ocks\u00e5 hur man blir en av nyheterna.\u00a0<\/li>\n<\/ol>\n<ol start=\"14\">\n<li><strong><a href=\"https:\/\/www.beernews.se\/articles\/nagra-av-goteborgs-basta-olstallen\/\" rel=\"nofollow noopener\" target=\"_blank\"> N\u00e5gra av G\u00f6teborgs b\u00e4sta \u00f6lst\u00e4llen<\/a><\/strong><br \/>G\u00f6teborg kryllar av \u00f6lst\u00e4llen v\u00e4rda en omv\u00e4g; fr\u00e5n industriella taprooms till brittiska pubp\u00e4rlor och eleganta kvartersbarer. N\u00e4stan varje vecka lyfter Beernews ett nytt favoritst\u00e4lle d\u00e4r \u00f6let st\u00e5r i centrum, ofta just h\u00e4r i G\u00f6teborg. Nu har vi samlat dem i en sommarlista \u2013 perfekta att \u00e5terv\u00e4nda till eller uppt\u00e4cka f\u00f6r f\u00f6rsta g\u00e5ngen.<\/li>\n<\/ol>\n<ol start=\"15\">\n<li><strong><a href=\"https:\/\/www.beernews.se\/articles\/slosol-salde-slut-pa-lanseringsdagen\/\" rel=\"nofollow noopener\" target=\"_blank\"> Skattekritiskt Sl\u00f6s\u00f6l s\u00e5lde slut p\u00e5 lanseringsdagen<\/a><\/strong><br \/>Benchwarmers Brewing Co har sl\u00e4ppt ett \u00f6l ihop med Sl\u00f6seriombudsmannen. M\u00e5let \u00e4r att v\u00e4cka debatt om hur v\u00e5ra skattepengar anv\u00e4nds.<\/li>\n<\/ol>\n<ol start=\"16\">\n<li><strong><a href=\"https:\/\/www.beernews.se\/articles\/alla-javla-hazy-dipas-kan-dra-at-helvete\/\" rel=\"nofollow noopener\" target=\"_blank\"> \u201cAlla j\u00e4vla Hazy DIPA:s kan dra \u00e5t helvete\u201d<\/a><\/strong><br \/>Vi tog tempen p\u00e5 Emil \u00c5reng, grundare av Facit Bar, lik\u00f6rmakare och dryckesredakt\u00f6r p\u00e5 tidningen Caf\u00e9. Han \u00e4r tr\u00f6tt p\u00e5 b\u00e5de hazy dipor och \u00f6lm\u00e4ssor, men unnar alla att sitta ensamma i ett h\u00f6rn med en god \u00f6l och l\u00e4sa papperstidning \u2013 och h\u00e5lla k\u00e4ften.<\/li>\n<\/ol>\n<ol start=\"17\">\n<li><strong><a href=\"https:\/\/www.beernews.se\/articles\/en-djupdykning-i-konsten-att-valja-olglas\/\" rel=\"nofollow noopener\" target=\"_blank\"> En djupdykning i konsten att v\u00e4lja \u00f6lglas<\/a><\/strong><br \/>Hur mycket kan ett glas egentligen p\u00e5verka \u00f6let? Ganska mycket, visar det sig. Edward Blom, Fredrik Berggren, Tobias Janius och Stene Isacsson diskuterar hur olika \u00f6lglas lyfter smaken, s\u00e4tter r\u00e4tt k\u00e4nsla \u2013 och ibland sabbar hela upplevelsen.<\/li>\n<\/ol>\n<ol start=\"18\">\n<li><strong><a href=\"https:\/\/www.beernews.se\/articles\/olbussen-tillbaka-med-pilsnergala-och-fest\/\" rel=\"nofollow noopener\" target=\"_blank\"> \u00d6lbussen tillbaka med pilsnergala och fest<\/a><\/strong><br \/>Fjol\u00e5rets gratissatsning med shuttlebuss mellan olika G\u00f6teborgsbryggerier blev en succ\u00e9 \u2013 och nu \u00e4r \u00f6lbussen tillbaka. Med start imorgon rullar den varje l\u00f6rdag fram till mitten av september. Premi\u00e4rdagen firas med pilsnergala p\u00e5 Ivans Pilsnerbar och efterfest hos Beerbliotek.<\/li>\n<\/ol>\n<ol start=\"19\">\n<li><strong><a href=\"https:\/\/www.beernews.se\/articles\/har-ar-olen-som-faktiskt-bryggs-i-mariestad\/\" rel=\"nofollow noopener\" target=\"_blank\"> H\u00e4r \u00e4r \u00f6len som faktiskt bryggs i Mariestad<\/a><\/strong><br \/>Ingen svensk stad \u00e4r lika synonym med ett \u00f6l som Mariestad. Men \u00f6let Mariestads har inte bryggts i staden vid V\u00e4nern p\u00e5 \u00f6ver 50 \u00e5r. I dag lever bryggeriarvet i st\u00e4llet vidare genom Tors\u00f6l, Bryggeriet i Mariestad och helt nystartade Halta G\u00e5sen, som nu skriver n\u00e4sta kapitel i den v\u00e4stg\u00f6tska stadens \u00f6lhistoria.<\/li>\n<\/ol>\n<ol start=\"20\">\n<li><strong><a href=\"https:\/\/www.beernews.se\/articles\/centralfigur-pa-goteborgs-olscen-har-gatt-ur-tiden\/\" rel=\"nofollow noopener\" target=\"_blank\"> Centralfigur p\u00e5 G\u00f6teborgs \u00f6lscen har g\u00e5tt ur tiden<\/a><\/strong><br \/>Reinhard Jarche, f\u00f6re detta \u00f6lkr\u00f6gare, har l\u00e4mnat oss. Efter sig l\u00e4mnar han familj och v\u00e4nner \u2013 men ocks\u00e5 en l\u00e5ng rad \u00f6lminnen fr\u00e5n den tid d\u00e5 G\u00f6teborgs \u00f6lkultur v\u00e4xte fram. Beernews Fredrik Berggren minns Reinhard Jarche.<\/li>\n<\/ol>\n<p><strong>\u00c5RETS FEM MEST L\u00c4STA 4-LISTOR<\/strong><\/p>\n<p><img fetchpriority=\"high\" decoding=\"async\" class=\"alignnone size-full wp-image-330756\" src=\"https:\/\/www.europesays.com\/se\/wp-content\/uploads\/2026\/01\/Nyhet-Artikel-2-BN-Nyhet-Artikel-2.jpeg\" alt=\"\" width=\"1200\" height=\"800\"\/><\/p>\n<ol>\n<li><a href=\"https:\/\/www.beernews.se\/articles\/4-ododliga-citat-om-ol\/\" rel=\"nofollow noopener\" target=\"_blank\"><strong>4 od\u00f6dliga citat om \u00f6l<\/strong><\/a><br \/>Man b\u00f6r akta sig f\u00f6r att romantisera alkohol och dess effekter. Bland namnen p\u00e5 veckans lista finns minst tv\u00e5 som dog som alkoholister. De var \u00e4ven poeter och f\u00f6rfattare \u2013 och hur stor roll alkoholen spelade i deras skapande \u00e4r n\u00e5got man bara kan spekulera kring. H\u00e4r \u00e4r fyra od\u00f6dliga citat om \u00f6l.<\/li>\n<li><a href=\"https:\/\/www.beernews.se\/articles\/4-olglas-att-lagga-i-glasatervinningen\/\" rel=\"nofollow noopener\" target=\"_blank\"><strong>4 \u00f6lglas att sl\u00e4nga i glas\u00e5tervinningen<\/strong><\/a><br \/>Beernews sl\u00e4ppte ett fullmatat poddavsnitt om \u00f6lglas \u2013 men det \u00e4r bara tillg\u00e4ngligt f\u00f6r patrons. S\u00e5 bli patron p\u00e5 patreon.com\/beernews nu. Annars riskerar du att ha kvar pinsamma \u00f6lglas n\u00e4r \u00f6lmaffian kommer p\u00e5 bes\u00f6k. I veckans lista presenterar vi 4 \u00f6lglas att sk\u00e4mmas \u00f6ver.<\/li>\n<li><a href=\"https:\/\/www.beernews.se\/articles\/4-ol-du-kanske-inte-ska-bjuda-svarforaldrarna-pa\/\" rel=\"nofollow noopener\" target=\"_blank\"><strong>4 \u00f6l du kanske inte ska bjuda sv\u00e4rf\u00f6r\u00e4ldrarna p\u00e5<\/strong><\/a><br \/>Det finns m\u00e5nga fascinerande s\u00e4tt att g\u00f6ra ett riktigt d\u00e5ligt f\u00f6rsta intryck p\u00e5 blivande sl\u00e4ktingar, men f\u00e5 \u00e4r s\u00e5 effektiva som att bjuda sv\u00e4rf\u00f6r\u00e4ldrarna p\u00e5 en o\u00f6nskad f\u00f6rel\u00e4sning grundad i ditt djupa \u00f6lintresse och att bjuda dem p\u00e5 \u00f6l som luktar fotsvett. I veckans lista guidar vi dig bort fr\u00e5n att trampa i klaveret hos din partners f\u00f6r\u00e4ldrar.<\/li>\n<li><strong><a href=\"https:\/\/www.beernews.se\/articles\/4-finurliga-olforpackningar\/\" rel=\"nofollow noopener\" target=\"_blank\">4 finurliga \u00f6lf\u00f6rpackningar<\/a><\/strong><br \/>F\u00f6r att lyckas s\u00e4lja ett \u00f6l \u00e4r det viktigt med en snygg design, men det finns \u00e4ven andra sp\u00e4nnande s\u00e4tt att anv\u00e4nda flaskan och burken. H\u00e4r \u00e4r fyra exempel p\u00e5 svenska \u00f6l som g\u00e5tt utanf\u00f6r ramarna det senaste \u00e5ret.<\/li>\n<li><a href=\"https:\/\/www.beernews.se\/articles\/4-nostalgiol-som-forandrade-olvarlden\/\" rel=\"nofollow noopener\" target=\"_blank\"><strong>4 nostalgi\u00f6l som f\u00f6r\u00e4ndrade \u00f6lv\u00e4rlden<\/strong><\/a><br \/>I \u00f6lv\u00e4rlden kommer det st\u00e4ndigt nytt, men ibland \u00e4r det de f\u00f6rsvunna klassikerna vi dr\u00f6mmer oss tillbaka till. H\u00e4r \u00e4r fyra \u00f6l som satte avtryck \u2013 och som p\u00e5 olika s\u00e4tt fortfarande g\u00f6r sig p\u00e5minda.<\/li>\n<\/ol>\n<p><strong>\u00c5RETS MEST L\u00c4STA \u00d6LST\u00c4LLE<br \/><img loading=\"lazy\" decoding=\"async\" class=\"alignnone size-full wp-image-330757\" src=\"https:\/\/www.europesays.com\/se\/wp-content\/uploads\/2026\/01\/beef.png\" alt=\"\" width=\"1172\" height=\"676\"\/><br \/><\/strong><\/p>\n<ol>\n<li><a href=\"https:\/\/www.beernews.se\/articles\/star-stadigt-och-kanns-mer-akta-an-nagonsin\/\" rel=\"nofollow noopener\" target=\"_blank\"><strong> \u201cSt\u00e5r stadigt och k\u00e4nns mer \u00e4kta \u00e4n n\u00e5gonsin\u201d<\/strong><\/a><br \/>Den brittiska puben \u00e4r en kulturinstitution \u2013 och en som, \u00e5tminstone till det yttre, \u00e4r relativt enkel att efterlikna med r\u00e4tt rekvisita. Men det \u00e4r n\u00e5got helt annat att f\u00e5nga sj\u00e4lva k\u00e4nslan. I G\u00f6teborg finns en pub som, b\u00e4ttre \u00e4n n\u00e5gon annan i staden, har lyckats skapa r\u00e4tt k\u00e4nsla genom decennier av invanda ritualer, lokala stammisar och genuint v\u00e4rdskap. Veckans \u00f6lst\u00e4lle \u00e4r Old Beefeater Inn.<\/li>\n<\/ol>\n<ol start=\"2\">\n<li><strong><a href=\"https:\/\/www.beernews.se\/articles\/sveriges-roligaste-olhus-skingrar-all-oro\/\" rel=\"nofollow noopener\" target=\"_blank\"> \u201dSveriges roligaste \u00f6lhus skingrar all oro\u201d<\/a><\/strong><br \/>Kvantitet sl\u00e5r aldrig kvalitet. Men kan man kombinera de b\u00e5da p\u00e5 ett s\u00f6ml\u00f6st och professionellt s\u00e4tt har man naturligtvis trumf p\u00e5 hand. Och d\u00e4r lyckas Ruths \u00d6lhus, som \u00e4r veckans \u00f6lst\u00e4lle, med f\u00f6rbluffande ackuratess.<\/li>\n<\/ol>\n<ol start=\"3\">\n<li><strong><a href=\"https:\/\/www.beernews.se\/articles\/ett-stalle-svenskar-bara-kan-dromma-om\/\" rel=\"nofollow noopener\" target=\"_blank\"> \u201cEtt st\u00e4lle svenskar bara kan dr\u00f6mma om\u201d<\/a><\/strong><br \/>Mitt i den walesiska kustidyllen ligger ett \u00f6lst\u00e4lle som b\u00e5de \u00e4r ett vardagsrum, en \u00f6lkatedral och en spegel av sin samtid. H\u00e4r m\u00f6ts klassisk brittisk \u00f6lkultur med modernt hantverks\u00f6l i b\u00e4sta barmilj\u00f6 \u2013 veckans \u00f6lst\u00e4lle \u00e4r Bottle and Barrel i Aberystwyth i Wales.<\/li>\n<\/ol>\n<ol start=\"4\">\n<li><strong><a href=\"https:\/\/www.beernews.se\/articles\/har-slar-trivselbarometern-i-taket\/\" rel=\"nofollow noopener\" target=\"_blank\"> \u201cH\u00e4r sl\u00e5r trivselbarometern i taket\u201d<\/a><\/strong><br \/>Veckans \u00f6lst\u00e4lle \u00e4r ett g\u00e5rdsbryggeri i kubik. Till charmiga Stj\u00e4rnbryggeriet lockas \u00d6sterlens befolkning och bes\u00f6kare inte bara av de rymdinspirerade \u00f6len, utan ocks\u00e5 konserterna och det goda k\u00f6ket.\u00a0<\/li>\n<\/ol>\n<ol start=\"5\">\n<li><strong><a href=\"https:\/\/www.beernews.se\/articles\/fortjanar-storre-uppmarksamhet\/\" rel=\"nofollow noopener\" target=\"_blank\"> \u201cF\u00f6rtj\u00e4nar st\u00f6rre uppm\u00e4rksamhet\u201d<\/a><\/strong><br \/>Eker\u00f6 Brygghus har funnits i \u00f6ver ett decennium. \u00c4nd\u00e5 \u00e4r det alldeles f\u00f6r f\u00e5 stockholmare som k\u00e4nner till dem. Med en charmigt prunkande betongoas till\u00a0 taproom ett stenkast fr\u00e5n Brommaplan, och ett nytt p\u00e5 v\u00e4g i Jungfrusund, \u00e4r det h\u00f6g tid att ge Eker\u00f6 Brygghus och Tunnlandet taproom &amp; kitchen den k\u00e4rlek de f\u00f6rtj\u00e4nar.<\/li>\n<\/ol>\n<p>\u2013<br \/>Ps. Beernews \u00e4r beroende av starka supporters. F\u00f6r 35 kronor i m\u00e5naden kan du bli Beernews Patron \u2013 d\u00e5 f\u00e5r du exklusiv tillg\u00e5ng till podden Beernews Deluxe plus t\u00e4vlingar och annat kul. G\u00e5 med\u00a0<a href=\"https:\/\/www.patreon.com\/beernews\" rel=\"nofollow noopener\" target=\"_blank\">H\u00c4R<\/a>.<\/p>\n<p>\t\t\t\t\t\t\t\t\t\t\t\t<img decoding=\"async\" src=\"https:\/\/www.europesays.com\/se\/wp-content\/uploads\/2025\/11\/logo-new-beernews.png\" alt=\"Logotype\"\/><\/p>\n","protected":false},"excerpt":{"rendered":"Nya Beernews andra \u00e5r har n\u00e5tt sitt slut, och det med mer \u00e4n en publicering om dagen. H\u00e4r&hellip;\n","protected":false},"author":2,"featured_media":125973,"comment_status":"","ping_status":"","sticky":false,"template":"","format":"standard","meta":{"footnotes":""},"categories":[12],"tags":[22,23,26,27,17,21,24,25,28,29,15,16,18,34,31,33,32,30,19,20],"class_list":{"0":"post-125972","1":"post","2":"type-post","3":"status-publish","4":"format-standard","5":"has-post-thumbnail","7":"category-sverige","8":"tag-breaking-news","9":"tag-breakingnews","10":"tag-featured-news","11":"tag-featurednews","12":"tag-headlines","13":"tag-huvudnyheter","14":"tag-latest-news","15":"tag-latestnews","16":"tag-main-news","17":"tag-mainnews","18":"tag-news","19":"tag-nyheter","20":"tag-rubriker","21":"tag-se","22":"tag-svenska","23":"tag-sverige","24":"tag-sweden","25":"tag-swedish","26":"tag-top-stories","27":"tag-topstories"},"share_on_mastodon":{"url":"https:\/\/pubeurope.com\/@se\/115841075958082868","error":""},"_links":{"self":[{"href":"https:\/\/www.europesays.com\/se\/wp-json\/wp\/v2\/posts\/125972","targetHints":{"allow":["GET"]}}],"collection":[{"href":"https:\/\/www.europesays.com\/se\/wp-json\/wp\/v2\/posts"}],"about":[{"href":"https:\/\/www.europesays.com\/se\/wp-json\/wp\/v2\/types\/post"}],"author":[{"embeddable":true,"href":"https:\/\/www.europesays.com\/se\/wp-json\/wp\/v2\/users\/2"}],"replies":[{"embeddable":true,"href":"https:\/\/www.europesays.com\/se\/wp-json\/wp\/v2\/comments?post=125972"}],"version-history":[{"count":0,"href":"https:\/\/www.europesays.com\/se\/wp-json\/wp\/v2\/posts\/125972\/revisions"}],"wp:featuredmedia":[{"embeddable":true,"href":"https:\/\/www.europesays.com\/se\/wp-json\/wp\/v2\/media\/125973"}],"wp:attachment":[{"href":"https:\/\/www.europesays.com\/se\/wp-json\/wp\/v2\/media?parent=125972"}],"wp:term":[{"taxonomy":"category","embeddable":true,"href":"https:\/\/www.europesays.com\/se\/wp-json\/wp\/v2\/categories?post=125972"},{"taxonomy":"post_tag","embeddable":true,"href":"https:\/\/www.europesays.com\/se\/wp-json\/wp\/v2\/tags?post=125972"}],"curies":[{"name":"wp","href":"https:\/\/api.w.org\/{rel}","templated":true}]}}