{"id":125974,"date":"2026-01-05T06:35:17","date_gmt":"2026-01-05T06:35:17","guid":{"rendered":"https:\/\/www.europesays.com\/se\/125974\/"},"modified":"2026-01-05T06:35:17","modified_gmt":"2026-01-05T06:35:17","slug":"kinas-inkopschefsindex-for-tjansteindustrin-enligt-ratingdog-minskade-som-vantat-i-december","status":"publish","type":"post","link":"https:\/\/www.europesays.com\/se\/125974\/","title":{"rendered":"Kinas ink\u00f6pschefsindex f\u00f6r tj\u00e4nsteindustrin, enligt RatingDog, minskade som v\u00e4ntat i december"},"content":{"rendered":"<p>&#13;<br \/>\n                        Tj\u00e4nsteindexet sj\u00f6nk till 52,0 i december. Marknaden hade enligt Bloomberg v\u00e4ntat en minskning till 52,0.<\/p>\n<p>F\u00f6reg\u00e5ende m\u00e5nads utfall var 52,1. <\/p>\n<p>Kinas sammanv\u00e4gda ink\u00f6pschefsindex, enligt RatingDog, \u00f6kade i december.<\/p>\n<p>Det sammanv\u00e4gda indexet f\u00f6rb\u00e4ttrades till 51,3 i december. <\/p>\n<p>F\u00f6reg\u00e5ende m\u00e5nads utfall var 51,2. <\/p>\n<p>En siffra \u00f6ver 50 indikerar expansion.<\/p>\n<tr>\n<td>Kina<\/td>\n<td>december, 2025<\/td>\n<td>Konsensus<\/td>\n<td>november, 2025<\/td>\n<td>F\u00f6r\u00e4ndring<\/td>\n<\/tr>\n<tr>\n<td>RatingDog ink\u00f6pschefsindex tj\u00e4nstesektorn<\/td>\n<td>52,0<\/td>\n<td>52,0<\/td>\n<td>52,1<\/td>\n<td>-0,2%<\/td>\n<\/tr>\n<tr>\n<td>RatingDog ink\u00f6pschefsindex sammanv\u00e4gt<\/td>\n<td>51,3<\/td>\n<td\/>\n<td>51,2<\/td>\n<td>0,2%<\/td>\n<\/tr>\n<p>Konsensusdata fr\u00e5n Bloomberg&#13;<\/p>\n","protected":false},"excerpt":{"rendered":"&#13; Tj\u00e4nsteindexet sj\u00f6nk till 52,0 i december. Marknaden hade enligt Bloomberg v\u00e4ntat en minskning till 52,0. F\u00f6reg\u00e5ende m\u00e5nads&hellip;\n","protected":false},"author":2,"featured_media":125975,"comment_status":"","ping_status":"","sticky":false,"template":"","format":"standard","meta":{"footnotes":""},"categories":[65],"tags":[72,70,71,454,453,451,452,34,31,33,32,30,455],"class_list":{"0":"post-125974","1":"post","2":"type-post","3":"status-publish","4":"format-standard","5":"has-post-thumbnail","7":"category-ekonomi","8":"tag-business","9":"tag-economy","10":"tag-ekonomi","11":"tag-ekonomisk-analys","12":"tag-finans","13":"tag-finansiella-nyheter","14":"tag-investera","15":"tag-se","16":"tag-svenska","17":"tag-sverige","18":"tag-sweden","19":"tag-swedish","20":"tag-trading"},"share_on_mastodon":{"url":"https:\/\/pubeurope.com\/@se\/115841107552629817","error":""},"_links":{"self":[{"href":"https:\/\/www.europesays.com\/se\/wp-json\/wp\/v2\/posts\/125974","targetHints":{"allow":["GET"]}}],"collection":[{"href":"https:\/\/www.europesays.com\/se\/wp-json\/wp\/v2\/posts"}],"about":[{"href":"https:\/\/www.europesays.com\/se\/wp-json\/wp\/v2\/types\/post"}],"author":[{"embeddable":true,"href":"https:\/\/www.europesays.com\/se\/wp-json\/wp\/v2\/users\/2"}],"replies":[{"embeddable":true,"href":"https:\/\/www.europesays.com\/se\/wp-json\/wp\/v2\/comments?post=125974"}],"version-history":[{"count":0,"href":"https:\/\/www.europesays.com\/se\/wp-json\/wp\/v2\/posts\/125974\/revisions"}],"wp:featuredmedia":[{"embeddable":true,"href":"https:\/\/www.europesays.com\/se\/wp-json\/wp\/v2\/media\/125975"}],"wp:attachment":[{"href":"https:\/\/www.europesays.com\/se\/wp-json\/wp\/v2\/media?parent=125974"}],"wp:term":[{"taxonomy":"category","embeddable":true,"href":"https:\/\/www.europesays.com\/se\/wp-json\/wp\/v2\/categories?post=125974"},{"taxonomy":"post_tag","embeddable":true,"href":"https:\/\/www.europesays.com\/se\/wp-json\/wp\/v2\/tags?post=125974"}],"curies":[{"name":"wp","href":"https:\/\/api.w.org\/{rel}","templated":true}]}}