{"id":125978,"date":"2026-01-05T06:37:14","date_gmt":"2026-01-05T06:37:14","guid":{"rendered":"https:\/\/www.europesays.com\/se\/125978\/"},"modified":"2026-01-05T06:37:14","modified_gmt":"2026-01-05T06:37:14","slug":"stadsdelen-visborg-lyser-med-sin-franvaro","status":"publish","type":"post","link":"https:\/\/www.europesays.com\/se\/125978\/","title":{"rendered":"Stadsdelen Visborg lyser med sin fr\u00e5nvaro"},"content":{"rendered":"<p>Den nya cykelbanan p\u00e5 omr\u00e5det, samt \u201dden of\u00e4rdiga rondellen\u201d vid Ica Maxi arena, v\u00e4cker ofta fr\u00e5gan: N\u00e4r kommer resten?N\u00e4r placeringen av just sporthallen diskuterades \u00e5ren 2008-2010 var Visborg hela tiden ett alternativ, med argumentet att detta inte alls skulle k\u00e4nnas perifert i framtiden \u2013 snart skulle ju en hel stadsdel tillkomma.Den id\u00e9n \u00e4r egentligen \u00e4nnu \u00e4ldre <\/p>\n","protected":false},"excerpt":{"rendered":"Den nya cykelbanan p\u00e5 omr\u00e5det, samt \u201dden of\u00e4rdiga rondellen\u201d vid Ica Maxi arena, v\u00e4cker ofta fr\u00e5gan: N\u00e4r kommer&hellip;\n","protected":false},"author":2,"featured_media":125979,"comment_status":"","ping_status":"","sticky":false,"template":"","format":"standard","meta":{"footnotes":""},"categories":[12],"tags":[22,23,26,27,17,21,24,25,28,29,15,16,18,34,31,33,32,30,19,20],"class_list":{"0":"post-125978","1":"post","2":"type-post","3":"status-publish","4":"format-standard","5":"has-post-thumbnail","7":"category-sverige","8":"tag-breaking-news","9":"tag-breakingnews","10":"tag-featured-news","11":"tag-featurednews","12":"tag-headlines","13":"tag-huvudnyheter","14":"tag-latest-news","15":"tag-latestnews","16":"tag-main-news","17":"tag-mainnews","18":"tag-news","19":"tag-nyheter","20":"tag-rubriker","21":"tag-se","22":"tag-svenska","23":"tag-sverige","24":"tag-sweden","25":"tag-swedish","26":"tag-top-stories","27":"tag-topstories"},"share_on_mastodon":{"url":"https:\/\/pubeurope.com\/@se\/115841115247788559","error":""},"_links":{"self":[{"href":"https:\/\/www.europesays.com\/se\/wp-json\/wp\/v2\/posts\/125978","targetHints":{"allow":["GET"]}}],"collection":[{"href":"https:\/\/www.europesays.com\/se\/wp-json\/wp\/v2\/posts"}],"about":[{"href":"https:\/\/www.europesays.com\/se\/wp-json\/wp\/v2\/types\/post"}],"author":[{"embeddable":true,"href":"https:\/\/www.europesays.com\/se\/wp-json\/wp\/v2\/users\/2"}],"replies":[{"embeddable":true,"href":"https:\/\/www.europesays.com\/se\/wp-json\/wp\/v2\/comments?post=125978"}],"version-history":[{"count":0,"href":"https:\/\/www.europesays.com\/se\/wp-json\/wp\/v2\/posts\/125978\/revisions"}],"wp:featuredmedia":[{"embeddable":true,"href":"https:\/\/www.europesays.com\/se\/wp-json\/wp\/v2\/media\/125979"}],"wp:attachment":[{"href":"https:\/\/www.europesays.com\/se\/wp-json\/wp\/v2\/media?parent=125978"}],"wp:term":[{"taxonomy":"category","embeddable":true,"href":"https:\/\/www.europesays.com\/se\/wp-json\/wp\/v2\/categories?post=125978"},{"taxonomy":"post_tag","embeddable":true,"href":"https:\/\/www.europesays.com\/se\/wp-json\/wp\/v2\/tags?post=125978"}],"curies":[{"name":"wp","href":"https:\/\/api.w.org\/{rel}","templated":true}]}}