{"id":125984,"date":"2026-01-05T06:45:06","date_gmt":"2026-01-05T06:45:06","guid":{"rendered":"https:\/\/www.europesays.com\/se\/125984\/"},"modified":"2026-01-05T06:45:06","modified_gmt":"2026-01-05T06:45:06","slug":"05-januari-07-27-sammanfattning-natt-jonkopings-lan","status":"publish","type":"post","link":"https:\/\/www.europesays.com\/se\/125984\/","title":{"rendered":"05 januari 07.27, Sammanfattning natt, J\u00f6nk\u00f6pings l\u00e4n"},"content":{"rendered":"<p>Polisens regionledningscentral har mellan klockan 22.00-07.00 hanterat ett 30-tal \u00e4renden som r\u00f6r J\u00f6nk\u00f6pings l\u00e4n.<\/p>\n<p>Inga st\u00f6rre h\u00e4ndelser eller v\u00e5ldsbrott har kommit till polisens k\u00e4nnedom under natten.<\/p>\n<p>Polisen har sedan den sena s\u00f6ndagen bland annat hanterat flertalet viltolyckor samt gjort rutinm\u00e4ssiga kontroller p\u00e5 eget initiativ eller efter larm fr\u00e5n allm\u00e4nheten.<\/p>\n","protected":false},"excerpt":{"rendered":"Polisens regionledningscentral har mellan klockan 22.00-07.00 hanterat ett 30-tal \u00e4renden som r\u00f6r J\u00f6nk\u00f6pings l\u00e4n. Inga st\u00f6rre h\u00e4ndelser eller&hellip;\n","protected":false},"author":2,"featured_media":54,"comment_status":"","ping_status":"","sticky":false,"template":"","format":"standard","meta":{"footnotes":""},"categories":[12],"tags":[22,23,26,27,17,21,24,25,28,29,15,16,18,34,31,33,32,30,19,20],"class_list":{"0":"post-125984","1":"post","2":"type-post","3":"status-publish","4":"format-standard","5":"has-post-thumbnail","7":"category-sverige","8":"tag-breaking-news","9":"tag-breakingnews","10":"tag-featured-news","11":"tag-featurednews","12":"tag-headlines","13":"tag-huvudnyheter","14":"tag-latest-news","15":"tag-latestnews","16":"tag-main-news","17":"tag-mainnews","18":"tag-news","19":"tag-nyheter","20":"tag-rubriker","21":"tag-se","22":"tag-svenska","23":"tag-sverige","24":"tag-sweden","25":"tag-swedish","26":"tag-top-stories","27":"tag-topstories"},"share_on_mastodon":{"url":"https:\/\/pubeurope.com\/@se\/115841146845028799","error":""},"_links":{"self":[{"href":"https:\/\/www.europesays.com\/se\/wp-json\/wp\/v2\/posts\/125984","targetHints":{"allow":["GET"]}}],"collection":[{"href":"https:\/\/www.europesays.com\/se\/wp-json\/wp\/v2\/posts"}],"about":[{"href":"https:\/\/www.europesays.com\/se\/wp-json\/wp\/v2\/types\/post"}],"author":[{"embeddable":true,"href":"https:\/\/www.europesays.com\/se\/wp-json\/wp\/v2\/users\/2"}],"replies":[{"embeddable":true,"href":"https:\/\/www.europesays.com\/se\/wp-json\/wp\/v2\/comments?post=125984"}],"version-history":[{"count":0,"href":"https:\/\/www.europesays.com\/se\/wp-json\/wp\/v2\/posts\/125984\/revisions"}],"wp:featuredmedia":[{"embeddable":true,"href":"https:\/\/www.europesays.com\/se\/wp-json\/wp\/v2\/media\/54"}],"wp:attachment":[{"href":"https:\/\/www.europesays.com\/se\/wp-json\/wp\/v2\/media?parent=125984"}],"wp:term":[{"taxonomy":"category","embeddable":true,"href":"https:\/\/www.europesays.com\/se\/wp-json\/wp\/v2\/categories?post=125984"},{"taxonomy":"post_tag","embeddable":true,"href":"https:\/\/www.europesays.com\/se\/wp-json\/wp\/v2\/tags?post=125984"}],"curies":[{"name":"wp","href":"https:\/\/api.w.org\/{rel}","templated":true}]}}