{"id":126001,"date":"2026-01-05T07:10:34","date_gmt":"2026-01-05T07:10:34","guid":{"rendered":"https:\/\/www.europesays.com\/se\/126001\/"},"modified":"2026-01-05T07:10:34","modified_gmt":"2026-01-05T07:10:34","slug":"ta-det-forsiktigt-i-hemvandartrafiken-norrtelje-tidning","status":"publish","type":"post","link":"https:\/\/www.europesays.com\/se\/126001\/","title":{"rendered":"Ta det f\u00f6rsiktigt i hemv\u00e4ndartrafiken \u2013 Norrtelje Tidning"},"content":{"rendered":"<p>Hemv\u00e4ndartrafiken v\u00e4ntas bli intensiv de kommande dagarna. Trafikverket uppmanar d\u00e4rf\u00f6r alla trafikanter och resen\u00e4rer att h\u00e5lla sig uppdaterade om b\u00e5de v\u00e4derl\u00e4get och aktuella trafikf\u00f6rh\u00e5llanden \u2013 oavsett om resan sker med bil eller t\u00e5g.<\/p>\n<p>\u201dUnder de senaste dygnen har kraftigt sn\u00f6fall orsakat sv\u00e5ra f\u00f6rh\u00e5llanden p\u00e5 m\u00e5nga h\u00e5ll i landet, med flera decimeter sn\u00f6 lokalt. Det kan inneb\u00e4ra drivbildning, halka, d\u00e5lig sikt och sn\u00f6r\u00f6k. Framkomligheten kan ocks\u00e5 p\u00e5verkas av sn\u00f6tyngda v\u00e4gar, olyckor och stillast\u00e5ende fordon\u201d, skriver Trafikverket i ett pressmeddelande och avr\u00e5der samtidigt trafikanter fr\u00e5n att ge sig ut p\u00e5 v\u00e4garna i on\u00f6dan.<\/p>\n<p>\u2013 G\u00f6r en egen bed\u00f6mning av hur v\u00e4dret p\u00e5verkar b\u00e5de d\u00e4r du befinner dig och dit du ska resa. S\u00e4kerheten g\u00e5r alltid f\u00f6rst \u2013 f\u00f6r b\u00e5de dig och dina medtrafikanter, s\u00e4ger Beisi Sundin, presskommunikat\u00f6r p\u00e5 Trafikverket, pressmeddelandet.<\/p>\n","protected":false},"excerpt":{"rendered":"Hemv\u00e4ndartrafiken v\u00e4ntas bli intensiv de kommande dagarna. Trafikverket uppmanar d\u00e4rf\u00f6r alla trafikanter och resen\u00e4rer att h\u00e5lla sig uppdaterade&hellip;\n","protected":false},"author":2,"featured_media":124890,"comment_status":"","ping_status":"","sticky":false,"template":"","format":"standard","meta":{"footnotes":""},"categories":[5],"tags":[22,23,26,27,17,21,24,25,28,29,15,16,18,34,31,33,32,30,19,20],"class_list":{"0":"post-126001","1":"post","2":"type-post","3":"status-publish","4":"format-standard","5":"has-post-thumbnail","7":"category-rubriker","8":"tag-breaking-news","9":"tag-breakingnews","10":"tag-featured-news","11":"tag-featurednews","12":"tag-headlines","13":"tag-huvudnyheter","14":"tag-latest-news","15":"tag-latestnews","16":"tag-main-news","17":"tag-mainnews","18":"tag-news","19":"tag-nyheter","20":"tag-rubriker","21":"tag-se","22":"tag-svenska","23":"tag-sverige","24":"tag-sweden","25":"tag-swedish","26":"tag-top-stories","27":"tag-topstories"},"share_on_mastodon":{"url":"https:\/\/pubeurope.com\/@se\/115841245005124211","error":""},"_links":{"self":[{"href":"https:\/\/www.europesays.com\/se\/wp-json\/wp\/v2\/posts\/126001","targetHints":{"allow":["GET"]}}],"collection":[{"href":"https:\/\/www.europesays.com\/se\/wp-json\/wp\/v2\/posts"}],"about":[{"href":"https:\/\/www.europesays.com\/se\/wp-json\/wp\/v2\/types\/post"}],"author":[{"embeddable":true,"href":"https:\/\/www.europesays.com\/se\/wp-json\/wp\/v2\/users\/2"}],"replies":[{"embeddable":true,"href":"https:\/\/www.europesays.com\/se\/wp-json\/wp\/v2\/comments?post=126001"}],"version-history":[{"count":0,"href":"https:\/\/www.europesays.com\/se\/wp-json\/wp\/v2\/posts\/126001\/revisions"}],"wp:featuredmedia":[{"embeddable":true,"href":"https:\/\/www.europesays.com\/se\/wp-json\/wp\/v2\/media\/124890"}],"wp:attachment":[{"href":"https:\/\/www.europesays.com\/se\/wp-json\/wp\/v2\/media?parent=126001"}],"wp:term":[{"taxonomy":"category","embeddable":true,"href":"https:\/\/www.europesays.com\/se\/wp-json\/wp\/v2\/categories?post=126001"},{"taxonomy":"post_tag","embeddable":true,"href":"https:\/\/www.europesays.com\/se\/wp-json\/wp\/v2\/tags?post=126001"}],"curies":[{"name":"wp","href":"https:\/\/api.w.org\/{rel}","templated":true}]}}