{"id":126010,"date":"2026-01-05T07:21:24","date_gmt":"2026-01-05T07:21:24","guid":{"rendered":"https:\/\/www.europesays.com\/se\/126010\/"},"modified":"2026-01-05T07:21:24","modified_gmt":"2026-01-05T07:21:24","slug":"jag-hade-sex-med-min-styvbror","status":"publish","type":"post","link":"https:\/\/www.europesays.com\/se\/126010\/","title":{"rendered":"Jag hade sex med min styvbror"},"content":{"rendered":"<p>Publicerad 5 jan 2026 kl 06.30Uppdaterad kl 07.49<\/p>\n<p>Lovisa \u201dLaki\u201d Karlsson var tillsammans med sin styvbror.<\/p>\n<p>SVT-profilen ber\u00e4ttar om relationen i Youtube-serien \u201dD\u00e4vet\u201d, men har \u00e4ven pratat om f\u00f6rh\u00e5llandet innan.<\/p>\n<p>\u2013 Det \u00e4r inget konstigt, s\u00e4ger hon i en <a href=\"https:\/\/www.youtube.com\/watch?v=fZK92aQBakY\" rel=\"nofollow noopener\" target=\"_blank\">Youtubevideo<\/a>.<\/p>\n<p><img   alt=\"\"\/><\/p>\n<p>Lovisa Karlsson p\u00e5 poddgalan Guld\u00f6rat 2025 ihop med Josephine Forssj\u00f6.<\/p>\n<p>Foto: Stefan Jerrev\u00e5ng\/TT \/ TT NYHETSBYR\u00c5N<\/p>\n<p>\u00d6ppna bild i helsk\u00e4rm<img loading=\"lazy\"   alt=\"\"\/><\/p>\n<p>Karlsson med exflickv\u00e4nnen Zorba Asplund i SVT:s \u201dAlla dejtar alla\u201d.<\/p>\n<p>Foto: SVT<\/p>\n<p>\u00d6ppna bild i helsk\u00e4rm<img loading=\"lazy\"   alt=\"\"\/><\/p>\n<p>Karlsson med nya pojkv\u00e4nnen Tom.<\/p>\n<p>Foto: Jari Kantola\/TT \/ TT NYHETSBYR\u00c5N<\/p>\n<p>\u00d6ppna bild i helsk\u00e4rm<\/p>\n<p>Lovisa \u201dLaki\u201d Karlsson var med i <a href=\"https:\/\/www.expressen.se\/tagg\/organization\/svt\/\" class=\"\" rel=\"nofollow noopener\" target=\"_blank\">SVT<\/a>:s nya dejtingprogram f\u00f6r bisexuella \u201dAlla dejtar alla\u201d i fjol.<\/p>\n<p>Under programmet hittade hon k\u00e4rleken i Zorba Asplund, 31. Men paret gjorde slut efter inspelningen och i dag har Karlsson en pojkv\u00e4n.<\/p>\n<p>F\u00f6r n\u00e5gra \u00e5r sedan var dock tv- och podd-profilen ihop med sin styvbror. Hon ber\u00e4ttade om f\u00f6rh\u00e5llandet 2020 p\u00e5 sin Youtubekanal.<\/p>\n<p>\u2013 Han \u00e4r inte min bror f\u00f6r er som tror det. Han \u00e4r inte ens min plastbror. Min pappa och hans mamma \u00e4r tillsammans ja, s\u00e4ger hon i videon och forts\u00e4tter sedan:<\/p>\n<p>\u2013 Men han \u00e4r inte min bonusbror som jag har v\u00e4xt upp med, jag har knappt k\u00e4nt honom i mitt liv.<\/p>\n<p>\u201dVi blev k\u00e4ra\u201d<\/p>\n<p>Profilen ber\u00e4ttar vidare att deras f\u00f6r\u00e4ldrar d\u00e5 hade varit tillsammans i snart ett \u00e5r och att hon och pojkv\u00e4nnen tr\u00e4ffades f\u00f6r runt ett halv\u00e5r sedan.<\/p>\n<p>\u00a0\u2013 Vi blev k\u00e4ra. det \u00e4r inget konstigt. Jag ser kommentarerna, nu f\u00e5r ni l\u00e4gga ner, det \u00e4r inget speciellt, s\u00e4ger hon.<\/p>\n<p>Hon medger att det kanske \u00e4r \u201dlite konstigt\u201d att hans mamma och hennes pappa \u00e4r ihop men hon ser ocks\u00e5 f\u00f6rdelar.<\/p>\n<p>\u2013 Det \u00e4r j\u00e4ttenice f\u00f6r n\u00e4r vi ska tr\u00e4ffa dem sl\u00e5r vi allt i en sm\u00e4ll och tr\u00e4ffar dem tillsammans, s\u00e4ger hon i videon.<\/p>\n<p>Hur \u00e4r det att ligga med brorsan?<\/p>\n<p>I ett avsnitt av <a href=\"https:\/\/www.youtube.com\/watch?v=WAP4VYIkw1Q\" rel=\"nofollow noopener\" target=\"_blank\">Youtube-serien \u201dD\u00e4vet\u201d<\/a> uppm\u00e4rksammades f\u00f6rh\u00e5llandet nyligen igen.<\/p>\n<p>\u2013 Hur \u00e4r det att ligga med brorsan? fr\u00e5gar Fabian Wennerbeck som driver podden varav Lovisa Karlsson svarar:<\/p>\n<p>\u2013 Jag ligger inte med min bror.<\/p>\n<p>\u2013 Inte l\u00e4ngre men du har gjort? kontrar Wennerbeck.<\/p>\n<p>\u2013 Nej, styvbror Fabian. Helt annan grej kan jag s\u00e4ga, svarar Karlsson d\u00e5.<\/p>\n<p><img alt=\"\"\/>Ljudklippet gick inte att spela upp<\/p>\n<p>F\u00f6rs\u00f6k igen senare<\/p>\n","protected":false},"excerpt":{"rendered":"Publicerad 5 jan 2026 kl 06.30Uppdaterad kl 07.49 Lovisa \u201dLaki\u201d Karlsson var tillsammans med sin styvbror. SVT-profilen ber\u00e4ttar&hellip;\n","protected":false},"author":2,"featured_media":126011,"comment_status":"","ping_status":"","sticky":false,"template":"","format":"standard","meta":{"footnotes":""},"categories":[67],"tags":[104,361,34,31,33,32,30,310,547,646,105],"class_list":{"0":"post-126010","1":"post","2":"type-post","3":"status-publish","4":"format-standard","5":"has-post-thumbnail","7":"category-underhallning","8":"tag-entertainment","9":"tag-organization-svt","10":"tag-se","11":"tag-svenska","12":"tag-sverige","13":"tag-sweden","14":"tag-swedish","15":"tag-topic-kandisar","16":"tag-topic-karlek-relationer","17":"tag-topic-tv-serier","18":"tag-underhallning"},"share_on_mastodon":{"url":"https:\/\/pubeurope.com\/@se\/115841288320396493","error":""},"_links":{"self":[{"href":"https:\/\/www.europesays.com\/se\/wp-json\/wp\/v2\/posts\/126010","targetHints":{"allow":["GET"]}}],"collection":[{"href":"https:\/\/www.europesays.com\/se\/wp-json\/wp\/v2\/posts"}],"about":[{"href":"https:\/\/www.europesays.com\/se\/wp-json\/wp\/v2\/types\/post"}],"author":[{"embeddable":true,"href":"https:\/\/www.europesays.com\/se\/wp-json\/wp\/v2\/users\/2"}],"replies":[{"embeddable":true,"href":"https:\/\/www.europesays.com\/se\/wp-json\/wp\/v2\/comments?post=126010"}],"version-history":[{"count":0,"href":"https:\/\/www.europesays.com\/se\/wp-json\/wp\/v2\/posts\/126010\/revisions"}],"wp:featuredmedia":[{"embeddable":true,"href":"https:\/\/www.europesays.com\/se\/wp-json\/wp\/v2\/media\/126011"}],"wp:attachment":[{"href":"https:\/\/www.europesays.com\/se\/wp-json\/wp\/v2\/media?parent=126010"}],"wp:term":[{"taxonomy":"category","embeddable":true,"href":"https:\/\/www.europesays.com\/se\/wp-json\/wp\/v2\/categories?post=126010"},{"taxonomy":"post_tag","embeddable":true,"href":"https:\/\/www.europesays.com\/se\/wp-json\/wp\/v2\/tags?post=126010"}],"curies":[{"name":"wp","href":"https:\/\/api.w.org\/{rel}","templated":true}]}}