{"id":126018,"date":"2026-01-05T07:31:10","date_gmt":"2026-01-05T07:31:10","guid":{"rendered":"https:\/\/www.europesays.com\/se\/126018\/"},"modified":"2026-01-05T07:31:10","modified_gmt":"2026-01-05T07:31:10","slug":"tommy-lee-jones-forsta-ord-efter-dotterns-dod","status":"publish","type":"post","link":"https:\/\/www.europesays.com\/se\/126018\/","title":{"rendered":"Tommy Lee Jones f\u00f6rsta ord efter dotterns d\u00f6d"},"content":{"rendered":"<p>Publicerad 3 jan 2026 kl 18.45<\/p>\n<p>Tommy Lee Jones uttalar sig f\u00f6r f\u00f6rsta g\u00e5ngen efter dottern Victorias d\u00f6d.<\/p>\n<p>Hollywoodstj\u00e4rnans dotter hittades avliden p\u00e5 ett hotell under ny\u00e5rsnatten.<\/p>\n<p>\u201dVi uppskattar alla fina ord, tankar och b\u00f6ner\u201d, skriver familjen nu i en kommentar.<\/p>\n<p><img   alt=\"\"\/><\/p>\n<p>Tommy Lee Jones ihop med dottern Victoria.<\/p>\n<p>Foto: MASATOSHI OKAUCHI\/SHUTTERSTOCK \/ SHUTTERSTOCK EDITORIAL\/IBL<\/p>\n<p>\u00d6ppna bild i helsk\u00e4rm<img loading=\"lazy\"   alt=\"\"\/><\/p>\n<p>Tommy Lee Jones.<\/p>\n<p>Foto: BORDE-MOREAU \/ BESTIMAGE \/ TT NYHETSBYR\u00c5N<\/p>\n<p>\u00d6ppna bild i helsk\u00e4rm<\/p>\n<p>Sk\u00e5despelaren Tommy Lee Jones, 79, har spelat i filmer som \u201dMen in black\u201d och \u201dNo Country for Old Men\u201d.\u00a0<\/p>\n<p>Han har \u00e4ven prisats med en Oscar f\u00f6r b\u00e4sta manliga biroll i filmen \u201dJagad\u201d fr\u00e5n 1993.<\/p>\n<p>Under ny\u00e5rsnatten hittades Hollywoodstj\u00e4rnans dotter Victoria Kafka Jones livl\u00f6s p\u00e5 ett hotell i San Francisco. Det var en hotellg\u00e4st som hittade henne och sa till hotellpersonalen som i sin tur larmade ambulans och p\u00e5b\u00f6rjade hj\u00e4rt- och lungr\u00e4ddning, skriver <a href=\"https:\/\/www.dailymail.co.uk\/tvshowbiz\/article-15429219\/victoria-jones-911-call-tommy-lee-jones-fairmont-hotel.html\" rel=\"nofollow noopener\" target=\"_blank\">Daily Mail<\/a>.\u00a0<\/p>\n<p>Nu uttalar sig Oscarvinnaren f\u00f6r f\u00f6rsta g\u00e5ngen efter dotterns tragiska d\u00f6d tillsammans med resten av familjen.<\/p>\n<p>Tommy Lee Jones ord<\/p>\n<p>I ett uttalande som har skickats till flera amerikanska medier skriver de:<\/p>\n<p>\u201dVi uppskattar alla v\u00e4nliga ord, tankar och b\u00f6ner. V\u00e4nligen respektera v\u00e5r integritet under denna sv\u00e5ra tid. Tack\u201d.<\/p>\n<p>Uttalandet \u00e4r undertecknat med \u201dVictoria Kafka Jones familj\u201d, skriver <a href=\"https:\/\/people.com\/tommy-lee-jones-family-break-silence-on-daughter-victoria-death-at-34-11878537\" rel=\"nofollow noopener\" target=\"_blank\">amerikanska tidningen People<\/a>.<\/p>\n<p>Enligt larmsamtalet misst\u00e4nks Victoria ha d\u00f6tt av <a href=\"https:\/\/www.expressen.se\/noje\/larmsamtalet-avslojar-misstankta-dodsorsaken-tommy-lee-jones-dotter-dod\/\" rel=\"nofollow noopener\" target=\"_blank\">en \u00f6verdos eftersom det i samtalet n\u00e4mns \u201dkod 3 f\u00f6r \u00f6verdos, f\u00e4rgf\u00f6r\u00e4ndring\u201d.<\/a>\u00a0<\/p>\n<p>Victoria Kafka Jones blev 34 \u00e5r.<\/p>\n","protected":false},"excerpt":{"rendered":"Publicerad 3 jan 2026 kl 18.45 Tommy Lee Jones uttalar sig f\u00f6r f\u00f6rsta g\u00e5ngen efter dottern Victorias d\u00f6d.&hellip;\n","protected":false},"author":2,"featured_media":126019,"comment_status":"","ping_status":"","sticky":false,"template":"","format":"standard","meta":{"footnotes":""},"categories":[67],"tags":[104,34,31,33,32,30,427,109,105],"class_list":{"0":"post-126018","1":"post","2":"type-post","3":"status-publish","4":"format-standard","5":"has-post-thumbnail","7":"category-underhallning","8":"tag-entertainment","9":"tag-se","10":"tag-svenska","11":"tag-sverige","12":"tag-sweden","13":"tag-swedish","14":"tag-topic-dodsfall","15":"tag-topic-skadespelare","16":"tag-underhallning"},"share_on_mastodon":{"url":"https:\/\/pubeurope.com\/@se\/115841327602954358","error":""},"_links":{"self":[{"href":"https:\/\/www.europesays.com\/se\/wp-json\/wp\/v2\/posts\/126018","targetHints":{"allow":["GET"]}}],"collection":[{"href":"https:\/\/www.europesays.com\/se\/wp-json\/wp\/v2\/posts"}],"about":[{"href":"https:\/\/www.europesays.com\/se\/wp-json\/wp\/v2\/types\/post"}],"author":[{"embeddable":true,"href":"https:\/\/www.europesays.com\/se\/wp-json\/wp\/v2\/users\/2"}],"replies":[{"embeddable":true,"href":"https:\/\/www.europesays.com\/se\/wp-json\/wp\/v2\/comments?post=126018"}],"version-history":[{"count":0,"href":"https:\/\/www.europesays.com\/se\/wp-json\/wp\/v2\/posts\/126018\/revisions"}],"wp:featuredmedia":[{"embeddable":true,"href":"https:\/\/www.europesays.com\/se\/wp-json\/wp\/v2\/media\/126019"}],"wp:attachment":[{"href":"https:\/\/www.europesays.com\/se\/wp-json\/wp\/v2\/media?parent=126018"}],"wp:term":[{"taxonomy":"category","embeddable":true,"href":"https:\/\/www.europesays.com\/se\/wp-json\/wp\/v2\/categories?post=126018"},{"taxonomy":"post_tag","embeddable":true,"href":"https:\/\/www.europesays.com\/se\/wp-json\/wp\/v2\/tags?post=126018"}],"curies":[{"name":"wp","href":"https:\/\/api.w.org\/{rel}","templated":true}]}}