{"id":126020,"date":"2026-01-05T07:33:11","date_gmt":"2026-01-05T07:33:11","guid":{"rendered":"https:\/\/www.europesays.com\/se\/126020\/"},"modified":"2026-01-05T07:33:11","modified_gmt":"2026-01-05T07:33:11","slug":"hms-networks-slutfor-forvarvet-av-molex-industrial-communications","status":"publish","type":"post","link":"https:\/\/www.europesays.com\/se\/126020\/","title":{"rendered":"HMS Networks slutf\u00f6r f\u00f6rv\u00e4rvet av Molex \u201dIndustrial Communications\u201d"},"content":{"rendered":"<p>HMS Networks meddelar nu att f\u00f6rv\u00e4rvet har genomf\u00f6rts, och konsolideringen kommer ske fr\u00e5n och med 2 januari 2026.<\/p>\n<p>F\u00f6rv\u00e4rvet omfattar immateriella r\u00e4ttigheter f\u00f6r h\u00e5rdvara och mjukvara, en produktportf\u00f6lj med n\u00e4tverkskort och mjukvarustackar, kundrelationer fr\u00e4mst i USA och Japan samt mjukvaruutvecklingsteam i Kanada och Frankrike. \u00c4ven det franska bolaget Woodhead Software &amp; Electronics S.A.S.U. ing\u00e5r i f\u00f6rv\u00e4rvet.<\/p>\n<p>Utforska de senaste trenderna och utvecklingen inom elektronikindustrin, och m\u00f6t oss under v\u00e5ra kommande <a href=\"https:\/\/evertiq.se\/expo\" class=\"bblc\" rel=\"nofollow noopener\" target=\"_blank\">Evertiq Expo.<\/a> N\u00e4sta Expo g\u00e5r av stapeln den 26:e mars, 2026 i <a href=\"https:\/\/evertiq.com\/expo\/tmp2026_about\" class=\"bblc\" rel=\"nofollow noopener\" target=\"_blank\">Tammerfors, Finland.<\/a><\/p>\n<p>Prenumerera p\u00e5 v\u00e5rt <a href=\"https:\/\/evertiq.se\/news-register\" class=\"bblc\" rel=\"nofollow noopener\" target=\"_blank\">nyhetsbrev<\/a> om du vill h\u00e5lla \u00f6rat mot r\u00e4lsen och ta del av branschens senaste nyheter.<\/p>\n","protected":false},"excerpt":{"rendered":"HMS Networks meddelar nu att f\u00f6rv\u00e4rvet har genomf\u00f6rts, och konsolideringen kommer ske fr\u00e5n och med 2 januari 2026.&hellip;\n","protected":false},"author":2,"featured_media":126021,"comment_status":"","ping_status":"","sticky":false,"template":"","format":"standard","meta":{"footnotes":""},"categories":[65],"tags":[72,70,71,34,31,33,32,30],"class_list":{"0":"post-126020","1":"post","2":"type-post","3":"status-publish","4":"format-standard","5":"has-post-thumbnail","7":"category-ekonomi","8":"tag-business","9":"tag-economy","10":"tag-ekonomi","11":"tag-se","12":"tag-svenska","13":"tag-sverige","14":"tag-sweden","15":"tag-swedish"},"share_on_mastodon":{"url":"https:\/\/pubeurope.com\/@se\/115841335546301302","error":""},"_links":{"self":[{"href":"https:\/\/www.europesays.com\/se\/wp-json\/wp\/v2\/posts\/126020","targetHints":{"allow":["GET"]}}],"collection":[{"href":"https:\/\/www.europesays.com\/se\/wp-json\/wp\/v2\/posts"}],"about":[{"href":"https:\/\/www.europesays.com\/se\/wp-json\/wp\/v2\/types\/post"}],"author":[{"embeddable":true,"href":"https:\/\/www.europesays.com\/se\/wp-json\/wp\/v2\/users\/2"}],"replies":[{"embeddable":true,"href":"https:\/\/www.europesays.com\/se\/wp-json\/wp\/v2\/comments?post=126020"}],"version-history":[{"count":0,"href":"https:\/\/www.europesays.com\/se\/wp-json\/wp\/v2\/posts\/126020\/revisions"}],"wp:featuredmedia":[{"embeddable":true,"href":"https:\/\/www.europesays.com\/se\/wp-json\/wp\/v2\/media\/126021"}],"wp:attachment":[{"href":"https:\/\/www.europesays.com\/se\/wp-json\/wp\/v2\/media?parent=126020"}],"wp:term":[{"taxonomy":"category","embeddable":true,"href":"https:\/\/www.europesays.com\/se\/wp-json\/wp\/v2\/categories?post=126020"},{"taxonomy":"post_tag","embeddable":true,"href":"https:\/\/www.europesays.com\/se\/wp-json\/wp\/v2\/tags?post=126020"}],"curies":[{"name":"wp","href":"https:\/\/api.w.org\/{rel}","templated":true}]}}