{"id":126022,"date":"2026-01-05T07:34:06","date_gmt":"2026-01-05T07:34:06","guid":{"rendered":"https:\/\/www.europesays.com\/se\/126022\/"},"modified":"2026-01-05T07:34:06","modified_gmt":"2026-01-05T07:34:06","slug":"trump-avfardar-pastaende-om-attack-mot-putins-bostad","status":"publish","type":"post","link":"https:\/\/www.europesays.com\/se\/126022\/","title":{"rendered":"Trump avf\u00e4rdar p\u00e5st\u00e5ende om attack mot Putins bostad"},"content":{"rendered":"<p>USA tror inte p\u00e5 Rysslands p\u00e5st\u00e5ende att Ukraina attackerade Vladimir Putins sommarbostad f\u00f6rra veckan, s\u00e4ger president Donald Trump.<\/p>\n<p>\u2013 Efter att ha unders\u00f6kt saken tror vi inte att det har h\u00e4nt, s\u00e4ger Trump enligt nyhetsbyr\u00e5n AP.<\/p>\n<p>Han till\u00e4gger att \u201dn\u00e5got h\u00e4nde\u201d i n\u00e4rheten, men att det inte hade med Putins bostad att g\u00f6ra. <\/p>\n<p>Det var den 29 december som Ryssland h\u00e4vdade att Ukraina skickat en m\u00e4ngd dr\u00f6nare mot Putins sommarresidens i Novgorod, n\u00e5got Putin senare upprepade i ett telefonsamtal med Trump. P\u00e5st\u00e5endet har av flera bed\u00f6mare redan d\u00f6mts ut som falskt och som politisk teater f\u00f6r att undvika ett fredsavtal.<\/p>\n<p>Omni \u00e4r politiskt obundna och oberoende. Vi str\u00e4var efter att ge fler perspektiv p\u00e5 nyheterna. Har du fr\u00e5gor eller synpunkter kring v\u00e5r rapportering? <a href=\"https:\/\/omni.se\/trump-avfardar-pastaende-om-attack-mot-putins-bostad\/a\/mailto:redaktion@omni.se\" class=\"ArticleActions_contactLink__W2F1M\" rel=\"nofollow noopener\" target=\"_blank\">Kontakta redaktionen<\/a><\/p>\n","protected":false},"excerpt":{"rendered":"USA tror inte p\u00e5 Rysslands p\u00e5st\u00e5ende att Ukraina attackerade Vladimir Putins sommarbostad f\u00f6rra veckan, s\u00e4ger president Donald Trump.&hellip;\n","protected":false},"author":2,"featured_media":126023,"comment_status":"","ping_status":"","sticky":false,"template":"","format":"standard","meta":{"footnotes":""},"categories":[14],"tags":[22,23,385,26,27,17,21,24,25,28,29,15,16,18,269,264,34,31,33,32,30,19,20,263,74,51,261,52,53,54],"class_list":{"0":"post-126022","1":"post","2":"type-post","3":"status-publish","4":"format-standard","5":"has-post-thumbnail","7":"category-varlden","8":"tag-breaking-news","9":"tag-breakingnews","10":"tag-donald-trump","11":"tag-featured-news","12":"tag-featurednews","13":"tag-headlines","14":"tag-huvudnyheter","15":"tag-latest-news","16":"tag-latestnews","17":"tag-main-news","18":"tag-mainnews","19":"tag-news","20":"tag-nyheter","21":"tag-rubriker","22":"tag-ryska-invasionen","23":"tag-ryssland","24":"tag-se","25":"tag-svenska","26":"tag-sverige","27":"tag-sweden","28":"tag-swedish","29":"tag-top-stories","30":"tag-topstories","31":"tag-ukraina","32":"tag-usa","33":"tag-varlden","34":"tag-vladimir-putin","35":"tag-world","36":"tag-world-news","37":"tag-worldnews"},"share_on_mastodon":{"url":"https:\/\/pubeurope.com\/@se\/115841339421661852","error":""},"_links":{"self":[{"href":"https:\/\/www.europesays.com\/se\/wp-json\/wp\/v2\/posts\/126022","targetHints":{"allow":["GET"]}}],"collection":[{"href":"https:\/\/www.europesays.com\/se\/wp-json\/wp\/v2\/posts"}],"about":[{"href":"https:\/\/www.europesays.com\/se\/wp-json\/wp\/v2\/types\/post"}],"author":[{"embeddable":true,"href":"https:\/\/www.europesays.com\/se\/wp-json\/wp\/v2\/users\/2"}],"replies":[{"embeddable":true,"href":"https:\/\/www.europesays.com\/se\/wp-json\/wp\/v2\/comments?post=126022"}],"version-history":[{"count":0,"href":"https:\/\/www.europesays.com\/se\/wp-json\/wp\/v2\/posts\/126022\/revisions"}],"wp:featuredmedia":[{"embeddable":true,"href":"https:\/\/www.europesays.com\/se\/wp-json\/wp\/v2\/media\/126023"}],"wp:attachment":[{"href":"https:\/\/www.europesays.com\/se\/wp-json\/wp\/v2\/media?parent=126022"}],"wp:term":[{"taxonomy":"category","embeddable":true,"href":"https:\/\/www.europesays.com\/se\/wp-json\/wp\/v2\/categories?post=126022"},{"taxonomy":"post_tag","embeddable":true,"href":"https:\/\/www.europesays.com\/se\/wp-json\/wp\/v2\/tags?post=126022"}],"curies":[{"name":"wp","href":"https:\/\/api.w.org\/{rel}","templated":true}]}}