{"id":126024,"date":"2026-01-05T07:35:10","date_gmt":"2026-01-05T07:35:10","guid":{"rendered":"https:\/\/www.europesays.com\/se\/126024\/"},"modified":"2026-01-05T07:35:10","modified_gmt":"2026-01-05T07:35:10","slug":"bli-trygg-i-trafiken-for-allas-sakerhet-boras-tidning","status":"publish","type":"post","link":"https:\/\/www.europesays.com\/se\/126024\/","title":{"rendered":"Bli trygg i trafiken \u2013 f\u00f6r allas s\u00e4kerhet \u2013 Bor\u00e5s Tidning"},"content":{"rendered":"<p><strong>Replik.<\/strong> Jag h\u00e5ller med dig Staffan \u2013 \u00e4r man os\u00e4ker och r\u00e4dd i trafiken och d\u00e4rmed k\u00f6r \u201dalldeles f\u00f6r sakta\u201d s\u00e5 att man stoppar upp och potentiellt skapar farliga situationer. D\u00e5 b\u00f6r man kanske fundera p\u00e5 om man inte ska l\u00e4ra sig att bli kvitt r\u00e4dslan och os\u00e4kerheten?<\/p>\n<p>Jag har sj\u00e4lv sett detta flera g\u00e5nger men jag f\u00f6rst\u00e5r ocks\u00e5 den troliga anledningen bakom det hela \u2013 en viss m\u00e5n av r\u00e4dsla och os\u00e4kerhet g\u00f6r att personen\/personerna v\u00e4ljer att ta det lugnt i st\u00e4llet f\u00f6r att chansa och k\u00f6ra \u201dos\u00e4kert\u201d.<\/p>\n<p>Dock v\u00e4ljer jag att inte reagera d\u00e5 jag \u00e4r trygg i min bilk\u00f6rning. <\/p>\n<p>Och till sist ett tips: Genom G\u00e5nghester \u00e4r hastigheten 50 km\/tim (det var det sist jag \u00e5kte genom byn f\u00f6r ett par veckor sedan). S\u00e5 om du har synpunkter p\u00e5 att en person k\u00f6r i 55\u201360 km\/tim genom det lilla samh\u00e4llet s\u00e5 bryter ni b\u00e5da mot g\u00e4llande hastighet och riskerar d\u00e4rmed b\u00f6ter.<\/p>\n<p><strong>Mindre roadrage<\/strong><\/p>\n<p><strong>L\u00e4s mer:<\/strong> <a class=\"article__content-link\" href=\"https:\/\/www.bt.se\/insandare\/folk-kor-for-langsamt-koer-bildas-i-trafiken\/\" rel=\"nofollow noopener\" target=\"_blank\">Folk k\u00f6r f\u00f6r l\u00e5ngsamt \u2013 k\u00f6er bildas i trafiken<\/a><\/p>\n","protected":false},"excerpt":{"rendered":"Replik. Jag h\u00e5ller med dig Staffan \u2013 \u00e4r man os\u00e4ker och r\u00e4dd i trafiken och d\u00e4rmed k\u00f6r \u201dalldeles&hellip;\n","protected":false},"author":2,"featured_media":126025,"comment_status":"","ping_status":"","sticky":false,"template":"","format":"standard","meta":{"footnotes":""},"categories":[12],"tags":[22,23,26,27,17,21,24,25,28,29,15,16,18,34,31,33,32,30,19,20],"class_list":{"0":"post-126024","1":"post","2":"type-post","3":"status-publish","4":"format-standard","5":"has-post-thumbnail","7":"category-sverige","8":"tag-breaking-news","9":"tag-breakingnews","10":"tag-featured-news","11":"tag-featurednews","12":"tag-headlines","13":"tag-huvudnyheter","14":"tag-latest-news","15":"tag-latestnews","16":"tag-main-news","17":"tag-mainnews","18":"tag-news","19":"tag-nyheter","20":"tag-rubriker","21":"tag-se","22":"tag-svenska","23":"tag-sverige","24":"tag-sweden","25":"tag-swedish","26":"tag-top-stories","27":"tag-topstories"},"share_on_mastodon":{"url":"https:\/\/pubeurope.com\/@se\/115841343377747769","error":""},"_links":{"self":[{"href":"https:\/\/www.europesays.com\/se\/wp-json\/wp\/v2\/posts\/126024","targetHints":{"allow":["GET"]}}],"collection":[{"href":"https:\/\/www.europesays.com\/se\/wp-json\/wp\/v2\/posts"}],"about":[{"href":"https:\/\/www.europesays.com\/se\/wp-json\/wp\/v2\/types\/post"}],"author":[{"embeddable":true,"href":"https:\/\/www.europesays.com\/se\/wp-json\/wp\/v2\/users\/2"}],"replies":[{"embeddable":true,"href":"https:\/\/www.europesays.com\/se\/wp-json\/wp\/v2\/comments?post=126024"}],"version-history":[{"count":0,"href":"https:\/\/www.europesays.com\/se\/wp-json\/wp\/v2\/posts\/126024\/revisions"}],"wp:featuredmedia":[{"embeddable":true,"href":"https:\/\/www.europesays.com\/se\/wp-json\/wp\/v2\/media\/126025"}],"wp:attachment":[{"href":"https:\/\/www.europesays.com\/se\/wp-json\/wp\/v2\/media?parent=126024"}],"wp:term":[{"taxonomy":"category","embeddable":true,"href":"https:\/\/www.europesays.com\/se\/wp-json\/wp\/v2\/categories?post=126024"},{"taxonomy":"post_tag","embeddable":true,"href":"https:\/\/www.europesays.com\/se\/wp-json\/wp\/v2\/tags?post=126024"}],"curies":[{"name":"wp","href":"https:\/\/api.w.org\/{rel}","templated":true}]}}