{"id":126026,"date":"2026-01-05T07:36:10","date_gmt":"2026-01-05T07:36:10","guid":{"rendered":"https:\/\/www.europesays.com\/se\/126026\/"},"modified":"2026-01-05T07:36:10","modified_gmt":"2026-01-05T07:36:10","slug":"svd-morgonrapport-minst-tva-doda-i-ryska-attacker-mot-ukraina-svd","status":"publish","type":"post","link":"https:\/\/www.europesays.com\/se\/126026\/","title":{"rendered":"SvD Morgonrapport: Minst tv\u00e5 d\u00f6da i ryska attacker mot Ukraina &#8211; SvD"},"content":{"rendered":"<ol>\n<li><a href=\"https:\/\/news.google.com\/rss\/articles\/CBMie0FVX3lxTFBaZlFnS3pWUHA0NGc0TmRNblI0WWZiTUwyTVk0WHpOQnZzaHRGUHFVSnhpRWlRY2lJRG1WLXR6dUJuWDE4U1hlNjZ5aFc5X1JQUEMwVzEwU1FxQzFkMTRYc2NrdWEyaDhzQjE3VGNsSnJtdTNDRHNKZ2Mycw?oc=5\" target=\"_blank\" rel=\"nofollow noopener\">SvD Morgonrapport: Minst tv\u00e5 d\u00f6da i ryska attacker mot Ukraina<\/a>&nbsp;&nbsp;SvD<\/li>\n<li><a href=\"https:\/\/news.google.com\/rss\/articles\/CBMiigFBVV95cUxQWkZrOUVXbVBBZll3SEZoSlMwZUl0ZEdnR1R1Y1ZIRUxMdm1FdW5uQ0pkZElaMXE3dXVLUFZCWFVvbHQ3TDFXd0d6ekhLWU4zSHYzTzFkS2xETHlKbDQxRkJjT2RnZEF5UkV2dk5ocF9pRVNKc0tZRHBteXdXa2toaHFsdG5KeHg4M0E?oc=5\" target=\"_blank\" rel=\"nofollow noopener\">Polen st\u00e4nger delar av sitt luftrum<\/a>&nbsp;&nbsp;Aftonbladet<\/li>\n<li><a href=\"https:\/\/news.google.com\/rss\/articles\/CBMilwFBVV95cUxOQUtzWHZqTmVjR2VLVFE4bUlRV1M4dGxFVlVZcUJBeFNLNVZTNkt6Rlgwa1Q3bXh4RlhrYk1lWENxUnpvR3pJY1RUbVh2OUdKQmpUX0s1cllpVEdBUE1WUWNaWnJXbUppWTA3ckcxZF9NUXNLOVVDRmZUZzRfNktWUllCWHhSeWY1UFNKelZ0dnlEckwxeS0w?oc=5\" target=\"_blank\" rel=\"nofollow noopener\">LEDARE: \u201dVid fred b\u00f6rjar klockan ticka f\u00f6r ett nytt anfall\u201d<\/a>&nbsp;&nbsp;Kristianstadsbladet<\/li>\n<li><a href=\"https:\/\/news.google.com\/rss\/articles\/CBMinAFBVV95cUxNVmtFRDdibnc0MzFkRXFGUldhOE16Zjc2SWVJM1VNcmZxdjVSZjJ4cm1QaTY0aElkNk1DT1ZJZl8zcXRidEROMWROZWd2ek9NNWpKa1NMWHFoWS04a1JKNE9jTXl5SDdfcWMzQ180UXkwY2NfTExSVWFtWlpiUUtzS0RXblpZT2FPeTVlb2F1R1RIZm1BVWpBYnJaTDQ?oc=5\" target=\"_blank\" rel=\"nofollow noopener\">Europa befinner sig i krigstillst\u00e5nd \u2013 Ukraina \u00e4r frontlinjen<\/a>&nbsp;&nbsp;Aff\u00e4rsv\u00e4rlden<\/li>\n<li><a href=\"https:\/\/news.google.com\/rss\/articles\/CBMiakFVX3lxTE9oY2prWGstdkNPUjRyWjJuV1VaZUYyMUMzSGVuWXRlMkNoT3M0dlIxUmpCczdfZlZoMC1hM19aWldTaHJ6NGdRVHV0cnllb3RSSEZvTjRnNVlNb3pGdkNlT1pJYjlCcEtoblE?oc=5\" target=\"_blank\" rel=\"nofollow noopener\">Del 3: \u201dH\u00e4r \u00e4r vi beredda p\u00e5 allt\u201d<\/a>&nbsp;&nbsp;Blekinge L\u00e4ns Tidning<\/li>\n<\/ol>\n","protected":false},"excerpt":{"rendered":"SvD Morgonrapport: Minst tv\u00e5 d\u00f6da i ryska attacker mot Ukraina&nbsp;&nbsp;SvD Polen st\u00e4nger delar av sitt luftrum&nbsp;&nbsp;Aftonbladet LEDARE: \u201dVid&hellip;\n","protected":false},"author":2,"featured_media":126027,"comment_status":"","ping_status":"","sticky":false,"template":"","format":"standard","meta":{"footnotes":""},"categories":[5],"tags":[22,23,26,27,17,21,24,25,28,29,15,16,18,34,31,33,32,30,19,20],"class_list":{"0":"post-126026","1":"post","2":"type-post","3":"status-publish","4":"format-standard","5":"has-post-thumbnail","7":"category-rubriker","8":"tag-breaking-news","9":"tag-breakingnews","10":"tag-featured-news","11":"tag-featurednews","12":"tag-headlines","13":"tag-huvudnyheter","14":"tag-latest-news","15":"tag-latestnews","16":"tag-main-news","17":"tag-mainnews","18":"tag-news","19":"tag-nyheter","20":"tag-rubriker","21":"tag-se","22":"tag-svenska","23":"tag-sverige","24":"tag-sweden","25":"tag-swedish","26":"tag-top-stories","27":"tag-topstories"},"share_on_mastodon":{"url":"https:\/\/pubeurope.com\/@se\/115841347238707272","error":""},"_links":{"self":[{"href":"https:\/\/www.europesays.com\/se\/wp-json\/wp\/v2\/posts\/126026","targetHints":{"allow":["GET"]}}],"collection":[{"href":"https:\/\/www.europesays.com\/se\/wp-json\/wp\/v2\/posts"}],"about":[{"href":"https:\/\/www.europesays.com\/se\/wp-json\/wp\/v2\/types\/post"}],"author":[{"embeddable":true,"href":"https:\/\/www.europesays.com\/se\/wp-json\/wp\/v2\/users\/2"}],"replies":[{"embeddable":true,"href":"https:\/\/www.europesays.com\/se\/wp-json\/wp\/v2\/comments?post=126026"}],"version-history":[{"count":0,"href":"https:\/\/www.europesays.com\/se\/wp-json\/wp\/v2\/posts\/126026\/revisions"}],"wp:featuredmedia":[{"embeddable":true,"href":"https:\/\/www.europesays.com\/se\/wp-json\/wp\/v2\/media\/126027"}],"wp:attachment":[{"href":"https:\/\/www.europesays.com\/se\/wp-json\/wp\/v2\/media?parent=126026"}],"wp:term":[{"taxonomy":"category","embeddable":true,"href":"https:\/\/www.europesays.com\/se\/wp-json\/wp\/v2\/categories?post=126026"},{"taxonomy":"post_tag","embeddable":true,"href":"https:\/\/www.europesays.com\/se\/wp-json\/wp\/v2\/tags?post=126026"}],"curies":[{"name":"wp","href":"https:\/\/api.w.org\/{rel}","templated":true}]}}