{"id":126030,"date":"2026-01-05T07:41:07","date_gmt":"2026-01-05T07:41:07","guid":{"rendered":"https:\/\/www.europesays.com\/se\/126030\/"},"modified":"2026-01-05T07:41:07","modified_gmt":"2026-01-05T07:41:07","slug":"nyforetagandet-i-sverige-visar-positiv-trend-2025","status":"publish","type":"post","link":"https:\/\/www.europesays.com\/se\/126030\/","title":{"rendered":"Nyf\u00f6retagandet i Sverige visar positiv trend 2025"},"content":{"rendered":"<p class=\"css-176tai e10i1bew2\">I synnerhet var december stark med en \u00f6kning p\u00e5 28 procent.<\/p>\n<p class=\"css-176tai e10i1bew2\">N\u00e4r det kommer till l\u00e4n uppvisade Gotland den h\u00f6gsta tillv\u00e4xten p\u00e5 18 procent. I de ekonomiskt starkaste l\u00e4nen, Stockholms l\u00e4n och V\u00e4stra G\u00f6taland, var tillv\u00e4xten 7 respektive 4 procent. Enda regioner att uppvisa negativa siffror var \u00d6sterg\u00f6tland och Blekinge p\u00e5 -3 respektive -1 procent.<\/p>\n<p class=\"css-176tai e10i1bew2\">Under de tre f\u00f6reg\u00e5ende \u00e5ren hade nyf\u00f6retagandet minskat. Detta med 6 procent under 2022, 15 procent under 2023 och 9 procent under 2024.<\/p>\n<p class=\"css-176tai e10i1bew2\">\u2013 Efter flera \u00e5r av dystra siffror ser vi nu ett v\u00e4lkommet trendbrott f\u00f6r nyf\u00f6retagandet. Det \u00e4r ett viktigt styrketecken, s\u00e4rskilt efter att 2024 blev det svagaste \u00e5ret sedan finanskrisen, s\u00e4ger Boo Gunnarson, f\u00f6retagarexpert f\u00f6r Spiris, i ett pressmeddelande.<\/p>\n<p class=\"css-176tai e10i1bew2\">Samtidigt som 2025 blev ett trendbrott, var antalet nya f\u00f6retag det n\u00e4st l\u00e4gsta sedan 2013. Rekord\u00e5ret \u00e4r 2021 n\u00e4r 78 700 nya bolag startades.<\/p>\n<p class=\"css-176tai e10i1bew2\">Det finns totalt cirka en miljon bolag registrerade hos Bolagsverket. De flesta \u00e4r sm\u00e5bolag med upp till nio anst\u00e4llda.<\/p>\n<p class=\"css-176tai e10i1bew2\"><strong>L\u00c4S OCKS\u00c5: <\/strong><strong><a href=\"https:\/\/www.market.se\/retailtrender\/guide\/jatteenkat-retailbossarna-avslojar-sina-strategier-sa-blir-du-en-vinnare-2026\/\" rel=\"nofollow noopener\" target=\"_blank\">J\u00e4tteenk\u00e4t: Retailbossarna avsl\u00f6jar sina strategier \u2013 s\u00e5 blir du en vinnare 2026<\/a><\/strong><\/p>\n","protected":false},"excerpt":{"rendered":"I synnerhet var december stark med en \u00f6kning p\u00e5 28 procent. N\u00e4r det kommer till l\u00e4n uppvisade Gotland&hellip;\n","protected":false},"author":2,"featured_media":126031,"comment_status":"","ping_status":"","sticky":false,"template":"","format":"standard","meta":{"footnotes":""},"categories":[65],"tags":[72,70,71,34,31,33,32,30],"class_list":{"0":"post-126030","1":"post","2":"type-post","3":"status-publish","4":"format-standard","5":"has-post-thumbnail","7":"category-ekonomi","8":"tag-business","9":"tag-economy","10":"tag-ekonomi","11":"tag-se","12":"tag-svenska","13":"tag-sverige","14":"tag-sweden","15":"tag-swedish"},"share_on_mastodon":{"url":"https:\/\/pubeurope.com\/@se\/115841366958679426","error":""},"_links":{"self":[{"href":"https:\/\/www.europesays.com\/se\/wp-json\/wp\/v2\/posts\/126030","targetHints":{"allow":["GET"]}}],"collection":[{"href":"https:\/\/www.europesays.com\/se\/wp-json\/wp\/v2\/posts"}],"about":[{"href":"https:\/\/www.europesays.com\/se\/wp-json\/wp\/v2\/types\/post"}],"author":[{"embeddable":true,"href":"https:\/\/www.europesays.com\/se\/wp-json\/wp\/v2\/users\/2"}],"replies":[{"embeddable":true,"href":"https:\/\/www.europesays.com\/se\/wp-json\/wp\/v2\/comments?post=126030"}],"version-history":[{"count":0,"href":"https:\/\/www.europesays.com\/se\/wp-json\/wp\/v2\/posts\/126030\/revisions"}],"wp:featuredmedia":[{"embeddable":true,"href":"https:\/\/www.europesays.com\/se\/wp-json\/wp\/v2\/media\/126031"}],"wp:attachment":[{"href":"https:\/\/www.europesays.com\/se\/wp-json\/wp\/v2\/media?parent=126030"}],"wp:term":[{"taxonomy":"category","embeddable":true,"href":"https:\/\/www.europesays.com\/se\/wp-json\/wp\/v2\/categories?post=126030"},{"taxonomy":"post_tag","embeddable":true,"href":"https:\/\/www.europesays.com\/se\/wp-json\/wp\/v2\/tags?post=126030"}],"curies":[{"name":"wp","href":"https:\/\/api.w.org\/{rel}","templated":true}]}}