{"id":126034,"date":"2026-01-05T07:43:07","date_gmt":"2026-01-05T07:43:07","guid":{"rendered":"https:\/\/www.europesays.com\/se\/126034\/"},"modified":"2026-01-05T07:43:07","modified_gmt":"2026-01-05T07:43:07","slug":"misstankt-manniskorov-man-anhallen","status":"publish","type":"post","link":"https:\/\/www.europesays.com\/se\/126034\/","title":{"rendered":"Misst\u00e4nkt m\u00e4nniskorov \u2013 man anh\u00e5llen"},"content":{"rendered":"<p>share-arrowDela<\/p>\n<p>unsaveSpara<\/p>\n<p>expand-left<\/p>\n<p>helsk\u00e4rm<img decoding=\"async\" class=\"image-asset hyperion-css-u06ts1\" data-test-tag=\"image-asset\" src=\"https:\/\/www.europesays.com\/se\/wp-content\/uploads\/2026\/01\/cd21877d-e69c-40d8-9654-9776f3918569.jpeg\"  alt=\"Polis larmades till en adress i Helsingborg sent p\u00e5 s\u00f6ndagskv\u00e4llen.\"  loading=\"eager\" fetchpriority=\"high\" style=\"aspect-ratio:1900 \/ 1236\"\/>Polis larmades till en adress i Helsingborg sent p\u00e5 s\u00f6ndagskv\u00e4llen. Foto: Johan Nilsson\/TT<\/p>\n<p class=\"hyperion-css-1shl3oz\" data-test-tag=\"lead-text\">En man har h\u00e5llits mot sin vilja i en l\u00e4genhet i Helsingborg och misshandlats med ett tillhygge. En person \u00e4r anh\u00e5llen, misst\u00e4nkt f\u00f6r m\u00e4nniskorov och grov misshandel, rapporterar Helsingborgs Dagblad.<\/p>\n<p class=\"hyperion-css-1v9qo5x\">Polisen kom till bostaden sent p\u00e5 s\u00f6ndagskv\u00e4llen sedan en kvinna lyckats ta sig ut ur l\u00e4genheten och stoppa en f\u00f6rbipasserande bil.<\/p>\n<p class=\"hyperion-css-1v9qo5x\">\u2013 Sedan larmade hon oss, s\u00e4ger Marcus Andersson vid Helsingborgspolisen till tidningen.<\/p>\n<p class=\"hyperion-css-1v9qo5x\">Den misst\u00e4nkte, en man i 35-\u00e5rs\u00e5ldern, greps i l\u00e4genheten och anh\u00f6lls senare. Den m\u00e5ls\u00e4gande mannen f\u00f6rdes med ambulans till sjukhus. Skadorna bed\u00f6ms inte vara livshotande.<\/p>\n","protected":false},"excerpt":{"rendered":"share-arrowDela unsaveSpara expand-left helsk\u00e4rmPolis larmades till en adress i Helsingborg sent p\u00e5 s\u00f6ndagskv\u00e4llen. Foto: Johan Nilsson\/TT En man&hellip;\n","protected":false},"author":2,"featured_media":126035,"comment_status":"","ping_status":"","sticky":false,"template":"","format":"standard","meta":{"footnotes":""},"categories":[12],"tags":[22,23,26,27,17,21,24,25,28,29,15,16,18,34,31,33,32,30,19,20],"class_list":{"0":"post-126034","1":"post","2":"type-post","3":"status-publish","4":"format-standard","5":"has-post-thumbnail","7":"category-sverige","8":"tag-breaking-news","9":"tag-breakingnews","10":"tag-featured-news","11":"tag-featurednews","12":"tag-headlines","13":"tag-huvudnyheter","14":"tag-latest-news","15":"tag-latestnews","16":"tag-main-news","17":"tag-mainnews","18":"tag-news","19":"tag-nyheter","20":"tag-rubriker","21":"tag-se","22":"tag-svenska","23":"tag-sverige","24":"tag-sweden","25":"tag-swedish","26":"tag-top-stories","27":"tag-topstories"},"share_on_mastodon":{"url":"https:\/\/pubeurope.com\/@se\/115841374835052278","error":""},"_links":{"self":[{"href":"https:\/\/www.europesays.com\/se\/wp-json\/wp\/v2\/posts\/126034","targetHints":{"allow":["GET"]}}],"collection":[{"href":"https:\/\/www.europesays.com\/se\/wp-json\/wp\/v2\/posts"}],"about":[{"href":"https:\/\/www.europesays.com\/se\/wp-json\/wp\/v2\/types\/post"}],"author":[{"embeddable":true,"href":"https:\/\/www.europesays.com\/se\/wp-json\/wp\/v2\/users\/2"}],"replies":[{"embeddable":true,"href":"https:\/\/www.europesays.com\/se\/wp-json\/wp\/v2\/comments?post=126034"}],"version-history":[{"count":0,"href":"https:\/\/www.europesays.com\/se\/wp-json\/wp\/v2\/posts\/126034\/revisions"}],"wp:featuredmedia":[{"embeddable":true,"href":"https:\/\/www.europesays.com\/se\/wp-json\/wp\/v2\/media\/126035"}],"wp:attachment":[{"href":"https:\/\/www.europesays.com\/se\/wp-json\/wp\/v2\/media?parent=126034"}],"wp:term":[{"taxonomy":"category","embeddable":true,"href":"https:\/\/www.europesays.com\/se\/wp-json\/wp\/v2\/categories?post=126034"},{"taxonomy":"post_tag","embeddable":true,"href":"https:\/\/www.europesays.com\/se\/wp-json\/wp\/v2\/tags?post=126034"}],"curies":[{"name":"wp","href":"https:\/\/api.w.org\/{rel}","templated":true}]}}