{"id":126042,"date":"2026-01-05T07:58:20","date_gmt":"2026-01-05T07:58:20","guid":{"rendered":"https:\/\/www.europesays.com\/se\/126042\/"},"modified":"2026-01-05T07:58:20","modified_gmt":"2026-01-05T07:58:20","slug":"skogsagarna-ar-sveriges-verkliga-klimathjaltar-ostersunds-posten","status":"publish","type":"post","link":"https:\/\/www.europesays.com\/se\/126042\/","title":{"rendered":"Skogs\u00e4garna \u00e4r Sveriges verkliga klimathj\u00e4ltar \u2013 \u00d6stersunds-Posten"},"content":{"rendered":"<p>Att upptaget i skogen \u00f6kar \u00e4r bra.<\/p>\n<p>Detta \u00e4r en opinionstext.Tidningens h\u00e5llning \u00e4r centerpartistisk.<\/p>\n<p><img loading=\"lazy\" decoding=\"async\" width=\"980\" height=\"551\" class=\"article-image article-image--featured\" alt=\"Svenskt skogsbruk \u00e4r den tillg\u00e5ng som s\u00e4kerst\u00e4ller att Sverige har r\u00e5d att bedriva en l\u00e5ngsiktig och h\u00e5llbar omst\u00e4llning. \" src=\"https:\/\/www.europesays.com\/se\/wp-content\/uploads\/2026\/01\/35dcc06a-9e4f-4a1e-9df5-935368d30159.jpeg\"  \/><a class=\"article__lightbox-link\" href=\"https:\/\/static.bonniernews.se\/ba\/35dcc06a-9e4f-4a1e-9df5-935368d30159.jpeg?crop=5568%2C3132%2Cx0%2Cy290&amp;width=1400&amp;format=pjpg&amp;auto=avif\" data-pswp-width=\"1400\" data-pswp-height=\"788\" data-pswp-caption=\"Svenskt skogsbruk \u00e4r den tillg\u00e5ng som s\u00e4kerst\u00e4ller att Sverige har r\u00e5d att bedriva en l\u00e5ngsiktig och h\u00e5llbar omst\u00e4llning.  Bild: Paul Wennerholm\/TT\" data-pswp- rel=\"nofollow noopener\" target=\"_blank\">\u00d6ppna bild i helsk\u00e4rmsl\u00e4ge<\/a><\/p>\n<p class=\"txt-style-muted\" aria-hidden=\"true\">Svenskt skogsbruk \u00e4r den tillg\u00e5ng som s\u00e4kerst\u00e4ller att Sverige har r\u00e5d att bedriva en l\u00e5ngsiktig och h\u00e5llbar omst\u00e4llning. <\/p>\n<p class=\"article__figcaption-attribution txt-style-muted\">Bild: Paul Wennerholm\/TT<\/p>\n<p>Centerpartiledaren Elisabeth Thand-Ringqvist beskrev Naturv\u00e5rdsverkets statistik p\u00e5 Sveriges utsl\u00e4pp av v\u00e4xthusgaser som \u201d\u00c5rets s\u00e4msta julklapp\u201d. Samma siffror har ocks\u00e5 beskrivits i mer gl\u00e4djande termer, kanske till och med som den b\u00e4sta julklappen p\u00e5 mycket l\u00e4nge, eftersom det stora upptaget av v\u00e4xthusgaser av skog och mark till och med medf\u00f6rde att Sverige var klimatneutralt \u00e5ret 2024.\u00a0<\/p>\n<p>S\u00e5 hur ska man egentligen f\u00f6rst\u00e5 Sveriges utsl\u00e4ppssiffror fr\u00e5n f\u00f6rra \u00e5ret? Jo. Kanske var det helt enkelt en halvdan julklapp, en d\u00e4r g\u00e5vomottagaren m\u00e4rker att givaren i fr\u00e5ga inte anstr\u00e4ngt sig alls. Utsl\u00e4ppen av koldioxidekvivalenter inom landets gr\u00e4nser \u00f6kade n\u00e4mligen med tre miljoner ton j\u00e4mf\u00f6rt med \u00e5ret dessf\u00f6rinnan. Boven i dramat \u00e4r den h\u00f6gre anv\u00e4ndningen av fossil diesel i trafiken, sannolikt en direkt konsekvens av regeringens beslut att minska reduktionsplikten.\u00a0<\/p>\n<p aria-disabled=\"true\" class=\"ad__preamble ad-text txt-style-muted txt-ui txt-ui--strong txt-ui-2\">Annons<\/p>\n<p aria-disabled=\"true\" class=\"ad__preamble ad-text txt-style-muted txt-ui txt-ui--strong txt-ui-2\">Annons<\/p>\n<blockquote class=\"article__blockquote\">\n<p class=\"article__blockquote-text txt-headline txt-headline-3\">Att Sveriges hundratusentals skogs\u00e4gare, d\u00e4r det stora flertalet utg\u00f6rs av mindre familjeskogsbruk, \u00e4r landets verkliga klimathj\u00e4ltar \u00e4r ett perspektiv som saknats i den st\u00e4ndigt eldiga, stundtals enfaldiga skogsdebatten<\/p>\n<\/blockquote>\n<p>Sedan den nuvarande regeringen tilltr\u00e4dde har som bekant f\u00f6rsvinnande lite h\u00e4nt p\u00e5 klimatomr\u00e5det. Man har slopat eller s\u00e4nkt ett par illa omtyckta ordningar (v\u00e4ljarna gjorde det tydligt att diesel f\u00f6r 30 kronor litern inte var ett g\u00e5ngbart alternativ f\u00f6r att n\u00e5 Sveriges klimatm\u00e5l). Och visst g\u00f6r regeringen r\u00e4tt i att slopa ineffektiva avdrag f\u00f6r den nybilsivrande \u00f6vre medelklassen och symbolpolitik s\u00e5som plastp\u00e5seskatten \u2013 problemet \u00e4r bara att somliga v\u00e4ljare f\u00f6redrar symbolpolitik framf\u00f6r att g\u00f6ra mycket litet eller inget alls. Den allm\u00e4nna k\u00e4nslan, som oppositionen g\u00e4rna upprepar, \u00e4r att regeringen s\u00e4tter sin tillit till k\u00e4rnkraftsutbyggnader i en mer eller mindre avl\u00e4gsen framtid och hoppas att skogens koldioxidupptag ska bidra till att snygga till siffrorna dessf\u00f6rinnan.\u00a0<\/p>\n<p>Vilket det gjorde. Sveriges utsl\u00e4pp uppgick \u00e5r 2024 till 47,5 miljoner ton koldioxidekvivalenter. Nettoupptaget av v\u00e4xthusgaser i skog och mark var 54,3 miljoner ton samma \u00e5r, en \u00f6kning med 8 miljoner ton j\u00e4mf\u00f6rt med \u00e5ret 2023.<\/p>\n<p>Det \u00e4r f\u00f6rst\u00e5s bra. Att Sveriges hundratusentals skogs\u00e4gare, d\u00e4r det stora flertalet utg\u00f6rs av mindre familjeskogsbruk, \u00e4r landets verkliga klimathj\u00e4ltar \u00e4r ett perspektiv som saknats i den st\u00e4ndigt eldiga, stundtals enfaldiga skogsdebatten. Att upptaget i skogen \u00f6kar \u00e4r bra. Det hade den nya centerpartiledaren gott kunnat understryka.\u00a0<\/p>\n<p aria-disabled=\"true\" class=\"ad__preamble ad-text txt-style-muted txt-ui txt-ui--strong txt-ui-2\">Annons<\/p>\n<p aria-disabled=\"true\" class=\"ad__preamble ad-text txt-style-muted txt-ui txt-ui--strong txt-ui-2\">Annons<\/p>\n<p>Oppositionspartiernas ilska mot regeringen m\u00e5ste samtidigt begripas. Naturen, och mer specifikt skogen och dess roll som kols\u00e4nka, \u00e4r en tillg\u00e5ng med generationsl\u00e5nga perspektiv. Av detta f\u00f6ljer ett ansvar att skogsbruket bedrivs p\u00e5 ett b\u00e5de milj\u00f6m\u00e4ssigt som ekonomiskt rationellt s\u00e4tt. Skogstillg\u00e5ngarna \u00e4r inte, och ska inte vara, n\u00e5got som r\u00e4ddar upp risiga utsl\u00e4ppssiffror \u00e5r fr\u00e5n \u00e5r, eller som fr\u00e5ntar vid var tid sittande regering fr\u00e5n att faktiskt f\u00f6rs\u00f6ka s\u00e4nka svenskarnas egna utsl\u00e4pp.\u00a0<\/p>\n<p>D\u00e4remot \u00e4r den vidstr\u00e4ckta skogen just den f\u00f6rs\u00e4kring som medger att svenskarnas gr\u00f6na omst\u00e4llning kan ske klokt, varsamt och smart, snarare \u00e4n dyrt, panikartat och destruktivt. Det \u00e4r ocks\u00e5 vad opinionen \u00f6nskar. En gr\u00f6n omst\u00e4llning som sker hand i hand med tillv\u00e4xt och bibeh\u00e5llna f\u00f6ruts\u00e4ttningar att bo och verka i hela landet. N\u00e4sta regering kommer d\u00e4rf\u00f6r, vad \u00e4n oppositionen s\u00e4ger, knappast h\u00f6ja reduktionsplikten till gamla niv\u00e5er igen.\u00a0<\/p>\n","protected":false},"excerpt":{"rendered":"Att upptaget i skogen \u00f6kar \u00e4r bra. Detta \u00e4r en opinionstext.Tidningens h\u00e5llning \u00e4r centerpartistisk. \u00d6ppna bild i helsk\u00e4rmsl\u00e4ge&hellip;\n","protected":false},"author":2,"featured_media":126043,"comment_status":"","ping_status":"","sticky":false,"template":"","format":"standard","meta":{"footnotes":""},"categories":[65],"tags":[72,70,71,34,31,33,32,30],"class_list":{"0":"post-126042","1":"post","2":"type-post","3":"status-publish","4":"format-standard","5":"has-post-thumbnail","7":"category-ekonomi","8":"tag-business","9":"tag-economy","10":"tag-ekonomi","11":"tag-se","12":"tag-svenska","13":"tag-sverige","14":"tag-sweden","15":"tag-swedish"},"share_on_mastodon":{"url":"https:\/\/pubeurope.com\/@se\/115841433741203497","error":""},"_links":{"self":[{"href":"https:\/\/www.europesays.com\/se\/wp-json\/wp\/v2\/posts\/126042","targetHints":{"allow":["GET"]}}],"collection":[{"href":"https:\/\/www.europesays.com\/se\/wp-json\/wp\/v2\/posts"}],"about":[{"href":"https:\/\/www.europesays.com\/se\/wp-json\/wp\/v2\/types\/post"}],"author":[{"embeddable":true,"href":"https:\/\/www.europesays.com\/se\/wp-json\/wp\/v2\/users\/2"}],"replies":[{"embeddable":true,"href":"https:\/\/www.europesays.com\/se\/wp-json\/wp\/v2\/comments?post=126042"}],"version-history":[{"count":0,"href":"https:\/\/www.europesays.com\/se\/wp-json\/wp\/v2\/posts\/126042\/revisions"}],"wp:featuredmedia":[{"embeddable":true,"href":"https:\/\/www.europesays.com\/se\/wp-json\/wp\/v2\/media\/126043"}],"wp:attachment":[{"href":"https:\/\/www.europesays.com\/se\/wp-json\/wp\/v2\/media?parent=126042"}],"wp:term":[{"taxonomy":"category","embeddable":true,"href":"https:\/\/www.europesays.com\/se\/wp-json\/wp\/v2\/categories?post=126042"},{"taxonomy":"post_tag","embeddable":true,"href":"https:\/\/www.europesays.com\/se\/wp-json\/wp\/v2\/tags?post=126042"}],"curies":[{"name":"wp","href":"https:\/\/api.w.org\/{rel}","templated":true}]}}