{"id":126063,"date":"2026-01-05T08:21:11","date_gmt":"2026-01-05T08:21:11","guid":{"rendered":"https:\/\/www.europesays.com\/se\/126063\/"},"modified":"2026-01-05T08:21:11","modified_gmt":"2026-01-05T08:21:11","slug":"samsungs-nya-flaggskepps-oled-har-bade-en-dold-uppgradering-och-en-nedgradering","status":"publish","type":"post","link":"https:\/\/www.europesays.com\/se\/126063\/","title":{"rendered":"Samsungs nya flaggskepps-OLED har b\u00e5de en dold uppgradering och en nedgradering"},"content":{"rendered":"<p id=\"af658382-fea0-4eaf-a731-ecd9e6eca621\"><a data-analytics-id=\"inline-link\" href=\"https:\/\/global.techradar.com\/sv-se\/tag\/samsung\" data-auto-tag-linker=\"true\" data-url=\"https:\/\/global.techradar.com\/sv-se\/tag\/samsung\" data-hl-processed=\"none\" data-mrf-recirculation=\"inline-link\" data-before-rewrite-localise=\"https:\/\/global.techradar.com\/sv-se\/tag\/samsung\" rel=\"nofollow noopener\" target=\"_blank\">Samsung<\/a> har <a data-analytics-id=\"inline-link\" href=\"https:\/\/www.techradar.com\/televisions\/embargoed-5th-jan-3am-gmt-samsung-reveals-upgraded-oled-tvs-super-sized-screens-and-a-new-lifestyle-projector-at-ces-2026\" target=\"_blank\" data-mrf-recirculation=\"inline-link\" rel=\"nofollow noopener\">presenterat sina nya OLED-TV-apparater p\u00e5 CES 2026<\/a>, d\u00e4r flaggskeppet Samsung S95H OLED-TV sticker ut som den mest p\u00e5kostade modellen. Precis som f\u00f6reg\u00e5ngaren kommer den i storlekarna 55, 65, 77 och 83 tum, och Samsung lovar upp till 35 procent h\u00f6gre ljusstyrka \u00e4n <a data-analytics-id=\"inline-link\" href=\"https:\/\/global.techradar.com\/sv-se\/televisions\/vi-har-testat-samsungs-toppmodell-s95f-och-dess-ljusstarka-bild-och-reflexfria-skarm-gor-oled-striden-2025-annu-mer-spannande\" target=\"_blank\" data-url=\"https:\/\/global.techradar.com\/sv-se\/televisions\/vi-har-testat-samsungs-toppmodell-s95f-och-dess-ljusstarka-bild-och-reflexfria-skarm-gor-oled-striden-2025-annu-mer-spannande\" data-hl-processed=\"none\" data-mrf-recirculation=\"inline-link\" data-before-rewrite-localise=\"https:\/\/global.techradar.com\/sv-se\/televisions\/vi-har-testat-samsungs-toppmodell-s95f-och-dess-ljusstarka-bild-och-reflexfria-skarm-gor-oled-striden-2025-annu-mer-spannande\" rel=\"nofollow noopener\">Samsung S95F<\/a>, som redan var den ljusstarkaste OLED-TV:n p\u00e5 marknaden.<\/p>\n<p>TV:n f\u00e5r dessutom en ny generation bildprocessor f\u00f6r f\u00f6rb\u00e4ttrad bildkvalitet, en metallram runt ramen och st\u00f6d f\u00f6r Samsungs Art Mode, n\u00e5got som \u00e4r nytt f\u00f6r f\u00f6retagets <a data-analytics-id=\"inline-link\" href=\"https:\/\/global.techradar.com\/sv-se\/tag\/oled\" data-auto-tag-linker=\"true\" data-url=\"https:\/\/global.techradar.com\/sv-se\/tag\/oled\" data-hl-processed=\"none\" data-mrf-recirculation=\"inline-link\" data-before-rewrite-localise=\"https:\/\/global.techradar.com\/sv-se\/tag\/oled\" rel=\"nofollow noopener\" target=\"_blank\">OLED<\/a>-modeller.<\/p>\n<p><a id=\"elk-seasonal\" data-url=\"\" href=\"\" target=\"_blank\" referrerpolicy=\"no-referrer-when-downgrade\" data-hl-processed=\"none\"\/><\/p>\n<p id=\"af658382-fea0-4eaf-a731-ecd9e6eca621-2\">Den mest intressanta f\u00f6r\u00e4ndringen \u00e4r dock betydligt mer dold. Samsung har bekr\u00e4ftat f\u00f6r oss att S95H inte l\u00e4ngre anv\u00e4nder One Connect-boxen som standard. Det \u00e4r den externa box som tidigare hanterade str\u00f6m, bildbehandling och anslutningar, med en enda kabel till sj\u00e4lva sk\u00e4rmen.<\/p>\n<p>Du kanske gillar<\/p>\n<p class=\"paywall\" aria-hidden=\"true\">Den l\u00f6sningen gjorde TV:n extremt tunn och perfekt f\u00f6r v\u00e4ggmontering, eftersom endast en kabel beh\u00f6vde dras till panelen. I st\u00e4llet sitter nu alla anslutningar direkt p\u00e5 baksidan av TV:n, som p\u00e5 de flesta andra modeller.<\/p>\n<p class=\"vanilla-image-block\" style=\"padding-top:56.25%;\">\n<p><img decoding=\"async\" src=\"https:\/\/www.europesays.com\/se\/wp-content\/uploads\/2026\/01\/3niwM3tu23HgjS7eWMQdQU.jpg\" alt=\"One Connect-boxen till S95F p&amp;aring; en matta i ett vardagsrum.\"   loading=\"lazy\" data-new-v2-image=\"true\" data-original-mos=\"https:\/\/www.europesays.com\/se\/wp-content\/uploads\/2026\/01\/3niwM3tu23HgjS7eWMQdQU.jpg\" data-pin-media=\"https:\/\/www.europesays.com\/se\/wp-content\/uploads\/2026\/01\/3niwM3tu23HgjS7eWMQdQU.jpg\" class=\"inline\"\/>\n<\/p>\n<p>One Connect-boxen till S95F. (Image credit: Future)<\/p>\n<p id=\"e99e77d0-4a3c-43f4-acfd-21fd4adc5699\">F\u00f6r den som letar efter en extremt stilren installation \u00e4r detta en klar besvikelse, och om Samsung beh\u00e5ller samma prisniv\u00e5 som f\u00f6r S95F kan f\u00f6r\u00e4ndringen upplevas som en v\u00e4rdem\u00e4ssig nedgradering.<\/p>\n<p>Samtidigt finns det anv\u00e4ndare som kommer att v\u00e4lkomna beslutet. One Connect-boxen har n\u00e4mligen haft vissa begr\u00e4nsningar i HDMI-bandbredd, vilket i vissa PC-scenarier kunnat vara ett problem, \u00e4ven om det inte p\u00e5verkat vanlig TV-anv\u00e4ndning.<\/p>\n<p><a id=\"elk-3049bad4-0c4a-4369-b966-d77b9c2d9eb1\" class=\"paywall\" aria-hidden=\"true\" data-url=\"\" href=\"\" target=\"_blank\" referrerpolicy=\"no-referrer-when-downgrade\" data-hl-processed=\"none\"\/>Samsung b\u00e5de ger och tar<\/p>\n<p id=\"f3ca2a96-2e16-4c3a-8854-2e60a2b10088\">Det \u00e4r dock inte bara d\u00e5liga nyheter. F\u00f6r\u00e4ndringen inneb\u00e4r n\u00e4mligen att Samsung introducerar ett nytt alternativ till S95H: det g\u00e5r att k\u00f6pa till och anv\u00e4nda f\u00f6retagets nya Wireless One Connect-box, vilket i praktiken kan f\u00f6rdubbla antalet HDMI-portar.<\/p>\n<p class=\"newsletter-form__strapline\">Registrera dig f\u00f6r senaste nyheter, recensioner, \u00e5sikter, toppteknologiska erbjudanden och mer.<\/p>\n<p>Den tr\u00e5dl\u00f6sa boxen d\u00f6k f\u00f6rst upp p\u00e5 Samsung The Frame Pro och <a data-analytics-id=\"inline-link\" href=\"https:\/\/www.techradar.com\/televisions\/i-tested-the-new-samsung-qn990f-mini-led-tv-and-its-an-8k-wireless-wonder-with-a-couple-of-catches\" target=\"_blank\" data-mrf-recirculation=\"inline-link\" rel=\"nofollow noopener\">Samsung QN990F<\/a> under fjol\u00e5ret, och kan tr\u00e5dl\u00f6st skicka f\u00f6rlustfri <a data-analytics-id=\"inline-link\" href=\"https:\/\/global.techradar.com\/sv-se\/tag\/4k\" data-auto-tag-linker=\"true\" data-url=\"https:\/\/global.techradar.com\/sv-se\/tag\/4k\" data-hl-processed=\"none\" data-mrf-recirculation=\"inline-link\" data-before-rewrite-localise=\"https:\/\/global.techradar.com\/sv-se\/tag\/4k\" rel=\"nofollow noopener\" target=\"_blank\">4K<\/a>-bild i upp till 165 Hz med <a data-analytics-id=\"inline-link\" href=\"https:\/\/global.techradar.com\/sv-se\/tag\/hdr\" data-auto-tag-linker=\"true\" data-url=\"https:\/\/global.techradar.com\/sv-se\/tag\/hdr\" data-hl-processed=\"none\" data-mrf-recirculation=\"inline-link\" data-before-rewrite-localise=\"https:\/\/global.techradar.com\/sv-se\/tag\/hdr\" rel=\"nofollow noopener\" target=\"_blank\">HDR<\/a> till TV:n. Funktionen p\u00e5minner mycket om den gamla One Connect-l\u00f6sningen, men helt utan kabel mellan box och sk\u00e4rm.<\/p>\n<p>Den verkliga uppgraderingen \u00e4r dock inte det tr\u00e5dl\u00f6sa i sig, utan m\u00f6jligheten att kombinera TV:ns inbyggda HDMI-portar med de som sitter p\u00e5 Wireless One Connect-boxen. Resultatet blir upp till \u00e5tta fullstora HDMI 2.1-portar tillg\u00e4ngliga samtidigt, utan att beh\u00f6va anv\u00e4nda externa switchar.<\/p>\n<p>Det h\u00e4r \u00e4r en l\u00f6sning som vissa g\u00e4rna betalar extra f\u00f6r. Vi k\u00e4nner igen problemet sj\u00e4lva, med fler anslutna enheter \u00e4n vad fyra HDMI-portar r\u00e4cker till, trots att upps\u00e4ttningen egentligen inte \u00e4r s\u00e4rskilt extrem.<\/p>\n<p>Du kanske gillar<\/p>\n<p>V\u00e5r f\u00f6rsta reaktion p\u00e5 att Samsung tog bort den klassiska One Connect-boxen var d\u00e4rf\u00f6r negativ. Men n\u00e4r vi fick veta att det i st\u00e4llet \u00f6ppnar upp f\u00f6r \u00e5tta HDMI-portar som fungerar helt s\u00f6ml\u00f6st i TV:ns menyer, k\u00e4nns helhetsl\u00f6sningen betydligt mer tilltalande.<\/p>\n<p>Samsung S95H har \u00e4nnu inget bekr\u00e4ftat pris eller lanseringsdatum, men Samsungs flaggskepps-OLED brukar vanligtvis sl\u00e4ppas i februari eller mars.<\/p>\n<p id=\"e51d03fd-2bfb-4951-847d-33b21c6e2988\">TechRadar bevakar CES 2026 p\u00e5 plats och rapporterar om alla stora nyheter n\u00e4r de h\u00e4nder. Kolla in v\u00e5r <a data-analytics-id=\"inline-link\" href=\"https:\/\/www.techradar.com\/tag\/ces\" target=\"_blank\" data-mrf-recirculation=\"inline-link\" rel=\"nofollow noopener\">CES 2026-sida<\/a> f\u00f6r de senaste artiklarna och v\u00e5ra f\u00f6rsta intryck av allt fr\u00e5n tr\u00e5dl\u00f6sa TV-apparater och vikbara sk\u00e4rmar till nya telefoner, datorer, smarthem-prylar och det senaste inom AI.<\/p>\n<p>Gl\u00f6m inte att f\u00f6lja oss p\u00e5 <a data-analytics-id=\"inline-link\" href=\"https:\/\/www.tiktok.com\/@techradar\" target=\"_blank\" data-url=\"https:\/\/www.tiktok.com\/@techradar\" referrerpolicy=\"no-referrer-when-downgrade\" data-hl-processed=\"none\" data-mrf-recirculation=\"inline-link\" rel=\"nofollow noopener\">TikTok<\/a> och <a data-analytics-id=\"inline-link\" href=\"https:\/\/www.whatsapp.com\/channel\/0029Va6HybZ9RZAY7pIUK12h\" target=\"_blank\" data-url=\"https:\/\/www.whatsapp.com\/channel\/0029Va6HybZ9RZAY7pIUK12h\" referrerpolicy=\"no-referrer-when-downgrade\" data-hl-processed=\"none\" data-mrf-recirculation=\"inline-link\" rel=\"nofollow noopener\">WhatsApp<\/a> f\u00f6r l\u00f6pande uppdateringar direkt fr\u00e5n m\u00e4ssgolvet.<\/p>\n<p><script async src=\"\/\/www.tiktok.com\/embed.js\"><\/script><\/p>\n","protected":false},"excerpt":{"rendered":"Samsung har presenterat sina nya OLED-TV-apparater p\u00e5 CES 2026, d\u00e4r flaggskeppet Samsung S95H OLED-TV sticker ut som den&hellip;\n","protected":false},"author":2,"featured_media":126064,"comment_status":"","ping_status":"","sticky":false,"template":"","format":"standard","meta":{"footnotes":""},"categories":[66],"tags":[80,78,79,34,31,33,32,30,81,84,83,82],"class_list":{"0":"post-126063","1":"post","2":"type-post","3":"status-publish","4":"format-standard","5":"has-post-thumbnail","7":"category-vetenskap-och-teknik","8":"tag-science","9":"tag-science-and-technology","10":"tag-scienceandtechnology","11":"tag-se","12":"tag-svenska","13":"tag-sverige","14":"tag-sweden","15":"tag-swedish","16":"tag-technology","17":"tag-teknik","18":"tag-vetenskap","19":"tag-vetenskapteknik"},"share_on_mastodon":{"url":"https:\/\/pubeurope.com\/@se\/115841524266429219","error":""},"_links":{"self":[{"href":"https:\/\/www.europesays.com\/se\/wp-json\/wp\/v2\/posts\/126063","targetHints":{"allow":["GET"]}}],"collection":[{"href":"https:\/\/www.europesays.com\/se\/wp-json\/wp\/v2\/posts"}],"about":[{"href":"https:\/\/www.europesays.com\/se\/wp-json\/wp\/v2\/types\/post"}],"author":[{"embeddable":true,"href":"https:\/\/www.europesays.com\/se\/wp-json\/wp\/v2\/users\/2"}],"replies":[{"embeddable":true,"href":"https:\/\/www.europesays.com\/se\/wp-json\/wp\/v2\/comments?post=126063"}],"version-history":[{"count":0,"href":"https:\/\/www.europesays.com\/se\/wp-json\/wp\/v2\/posts\/126063\/revisions"}],"wp:featuredmedia":[{"embeddable":true,"href":"https:\/\/www.europesays.com\/se\/wp-json\/wp\/v2\/media\/126064"}],"wp:attachment":[{"href":"https:\/\/www.europesays.com\/se\/wp-json\/wp\/v2\/media?parent=126063"}],"wp:term":[{"taxonomy":"category","embeddable":true,"href":"https:\/\/www.europesays.com\/se\/wp-json\/wp\/v2\/categories?post=126063"},{"taxonomy":"post_tag","embeddable":true,"href":"https:\/\/www.europesays.com\/se\/wp-json\/wp\/v2\/tags?post=126063"}],"curies":[{"name":"wp","href":"https:\/\/api.w.org\/{rel}","templated":true}]}}