{"id":126070,"date":"2026-01-05T08:28:07","date_gmt":"2026-01-05T08:28:07","guid":{"rendered":"https:\/\/www.europesays.com\/se\/126070\/"},"modified":"2026-01-05T08:28:07","modified_gmt":"2026-01-05T08:28:07","slug":"regeringen-vill-se-ny-filmpolitik-fore-valet","status":"publish","type":"post","link":"https:\/\/www.europesays.com\/se\/126070\/","title":{"rendered":"Regeringen vill se ny filmpolitik f\u00f6re valet"},"content":{"rendered":"<p>Regeringen vill driva igenom en ny filmpolitik f\u00f6re valet i september, s\u00e4ger kulturminister Parisa Liljestrand (M) till<a href=\"https:\/\/www.sverigesradio.se\/artikel\/regeringen-vill-driva-igenom-ny-filmpolitik-innan-valet\" rel=\"nofollow noopener\" target=\"_blank\"> Sveriges Radios \u201dKulturnytt\u201d<\/a>.<\/p>\n<p>Senaste nyhetsklippen fr\u00e5n Expressen.<img   alt=\"\"\/><\/p>\n<p>Kulturminister Parisa Liljestrand (M).<\/p>\n<p>Foto: Lars Schr\u00f6der\/TT \/ TT NYHETSBYR\u00c5N<\/p>\n<p>\u00d6ppna bild i helsk\u00e4rm<img loading=\"lazy\"   alt=\"\"\/><\/p>\n<p>Regeringen vill driva igenom en ny filmpolitik f\u00f6re valet i september, s\u00e4ger kulturminister Parisa Liljestrand (M) till Sveriges Radios \u201dKulturnytt\u201d.<\/p>\n<p>Foto: Jeppe Gustafsson\/Shutterstock \/ TT NYHETSBYR\u00c5N<\/p>\n<p>\u00d6ppna bild i helsk\u00e4rm<\/p>\n<p>I fjol lade den statliga filmutredningen fram f\u00f6rslag som bland annat innebar s\u00e4nkt moms p\u00e5 biobiljetter samt en filmfond som ska st\u00f6tta svensk filmproduktion. Fonden ska bland annat finansieras genom en avgift fr\u00e5n str\u00f6mningsbolag.<\/p>\n<p>Kulturministern vill dock inte binda sig vid de specifika f\u00f6rslagen.<\/p>\n<p>\u2013 Generellt kring filmutredningen s\u00e5 \u00e4r det en fr\u00e5ga som jag och regeringen hoppas att vi kommer kunna \u00f6verl\u00e4mna en proposition till riksdagen om innan valet, s\u00e4ger hon till SR.<\/p>\n","protected":false},"excerpt":{"rendered":"Regeringen vill driva igenom en ny filmpolitik f\u00f6re valet i september, s\u00e4ger kulturminister Parisa Liljestrand (M) till Sveriges&hellip;\n","protected":false},"author":2,"featured_media":126071,"comment_status":"","ping_status":"","sticky":false,"template":"","format":"standard","meta":{"footnotes":""},"categories":[67],"tags":[104,3464,2181,34,583,31,33,32,30,105],"class_list":{"0":"post-126070","1":"post","2":"type-post","3":"status-publish","4":"format-standard","5":"has-post-thumbnail","7":"category-underhallning","8":"tag-entertainment","9":"tag-newsstory-val-2026","10":"tag-person-parisa-liljestrand","11":"tag-se","12":"tag-sections-politik","13":"tag-svenska","14":"tag-sverige","15":"tag-sweden","16":"tag-swedish","17":"tag-underhallning"},"share_on_mastodon":{"url":"https:\/\/pubeurope.com\/@se\/115841552070122839","error":""},"_links":{"self":[{"href":"https:\/\/www.europesays.com\/se\/wp-json\/wp\/v2\/posts\/126070","targetHints":{"allow":["GET"]}}],"collection":[{"href":"https:\/\/www.europesays.com\/se\/wp-json\/wp\/v2\/posts"}],"about":[{"href":"https:\/\/www.europesays.com\/se\/wp-json\/wp\/v2\/types\/post"}],"author":[{"embeddable":true,"href":"https:\/\/www.europesays.com\/se\/wp-json\/wp\/v2\/users\/2"}],"replies":[{"embeddable":true,"href":"https:\/\/www.europesays.com\/se\/wp-json\/wp\/v2\/comments?post=126070"}],"version-history":[{"count":0,"href":"https:\/\/www.europesays.com\/se\/wp-json\/wp\/v2\/posts\/126070\/revisions"}],"wp:featuredmedia":[{"embeddable":true,"href":"https:\/\/www.europesays.com\/se\/wp-json\/wp\/v2\/media\/126071"}],"wp:attachment":[{"href":"https:\/\/www.europesays.com\/se\/wp-json\/wp\/v2\/media?parent=126070"}],"wp:term":[{"taxonomy":"category","embeddable":true,"href":"https:\/\/www.europesays.com\/se\/wp-json\/wp\/v2\/categories?post=126070"},{"taxonomy":"post_tag","embeddable":true,"href":"https:\/\/www.europesays.com\/se\/wp-json\/wp\/v2\/tags?post=126070"}],"curies":[{"name":"wp","href":"https:\/\/api.w.org\/{rel}","templated":true}]}}