{"id":126074,"date":"2026-01-05T08:30:16","date_gmt":"2026-01-05T08:30:16","guid":{"rendered":"https:\/\/www.europesays.com\/se\/126074\/"},"modified":"2026-01-05T08:30:16","modified_gmt":"2026-01-05T08:30:16","slug":"stabila-siffror-for-tallink-grupp","status":"publish","type":"post","link":"https:\/\/www.europesays.com\/se\/126074\/","title":{"rendered":"Stabila siffror f\u00f6r Tallink Grupp"},"content":{"rendered":"<p>\t\t\t\t\tPublicerat av <a href=\"https:\/\/www.bussmagasinet.se\/author\/ulo\/\" title=\"Inl\u00e4gg av ulo\" rel=\"author nofollow noopener\" target=\"_blank\">ulo<\/a> \u2022 5 januari 2026  \u2022<br \/>\n\t\t\t\t\t<a href=\"#printpreview\" onclick=\"printPreview();\">Sida f\u00f6r utskrift<\/a><\/p>\n<p><a href=\"https:\/\/www.europesays.com\/se\/wp-content\/uploads\/2026\/01\/Tallink-FY-2025.jpg\"><img loading=\"lazy\" decoding=\"async\" aria-describedby=\"caption-attachment-99622\" class=\"wp-image-99622\" src=\"https:\/\/www.europesays.com\/se\/wp-content\/uploads\/2026\/01\/Tallink-FY-2025.jpg\" alt=\"\" width=\"450\" height=\"297\"  \/><\/a><\/p>\n<p id=\"caption-attachment-99622\" class=\"wp-caption-text\">Tallink Grupp redovisar stabila resandesiffror f\u00f6r 2025. Foto: Tallink Grupp.<\/p>\n<p><strong>F\u00e4rjerederiet Tallink Grupp redovisar stabila passagerarsiffror, b\u00e5de f\u00f6r december, det fj\u00e4rde kvartalet 2025 och hela f\u00f6rra \u00e5ret. Rederiets linjer fr\u00e5n Sverige tappade resen\u00e4rer, men p\u00e5 linjen mellan Tallinn och Helsingfors \u00f6kade antalet resen\u00e4rer<\/strong>.<\/p>\n<p>F\u00f6r hel\u00e5ret minskade antalet passagerare p\u00e5 Tallinks rutter med 0,9 procent, j\u00e4mf\u00f6rt med \u00e5ret innan, men i december \u00f6kade resen\u00e4rerna med 0,2 procent j\u00e4mf\u00f6rt med samma m\u00e5nad \u00e5r 2024. Totalt reste f\u00f6rra \u00e5ret 5 531 132 passagerare p\u00e5 rederiets rutter.<\/p>\n<p>Mellan Estland och Finland \u00f6kade antalet passagerare med 1,8 procent men p\u00e5 rutten Sverige \u2013 Estland var resen\u00e4rerna 12,5 procent f\u00e4rre och mellan Sverige och Finland 2,4 procent f\u00e4rre. Tallink f\u00f6rklarar den st\u00f6rre nedg\u00e5ngen mellan Sverige och Estland med att rutten sommaren 2024 trafikerades med tv\u00e5 fartyg men bara med ett fartyg den g\u00e5ngna sommaren.<\/p>\n<p>\u2013 2025 var ett \u00e5r pr\u00e4glat av utmaningar, fr\u00e5n ett generellt ogynnsamt ekonomiskt klimat i regionen till ett fortsatt svagt konsumentf\u00f6rtroende. V\u00e5ra resultat p\u00e5verkades s\u00e4rskilt av utvecklingen p\u00e5 v\u00e5r st\u00f6rsta marknad, Finland, s\u00e4ger Paavo N\u00f5gene, vd f\u00f6r Tallink Grupp.<\/p>\n<p><strong>Taggat som: <\/strong> <a href=\"https:\/\/www.bussmagasinet.se\/tag\/tallink\/\" rel=\"tag nofollow noopener\" target=\"_blank\">Tallink<\/a>, <a href=\"https:\/\/www.bussmagasinet.se\/tag\/tallink-grupp\/\" rel=\"tag nofollow noopener\" target=\"_blank\">Tallink Grupp<\/a><\/p>\n<p><strong>Categorised in: <\/strong><a href=\"https:\/\/www.bussmagasinet.se\/category\/nyheter\/\" rel=\"category tag nofollow noopener\" target=\"_blank\">Nyheter<\/a>, <a href=\"https:\/\/www.bussmagasinet.se\/category\/turism\/\" rel=\"category tag nofollow noopener\" target=\"_blank\">Turism<\/a><\/p>\n<p>\u00ab <a href=\"https:\/\/www.bussmagasinet.se\/2026\/01\/elbussar-sverige-sjua-i-europa\/\" rel=\"prev nofollow noopener\" target=\"_blank\">Elbussar: Sverige sjua i Europa<\/a>\t\t\t<\/p>\n","protected":false},"excerpt":{"rendered":"Publicerat av ulo \u2022 5 januari 2026 \u2022 Sida f\u00f6r utskrift Tallink Grupp redovisar stabila resandesiffror f\u00f6r 2025.&hellip;\n","protected":false},"author":2,"featured_media":126075,"comment_status":"","ping_status":"","sticky":false,"template":"","format":"standard","meta":{"footnotes":""},"categories":[65],"tags":[72,70,71,34,31,33,32,30],"class_list":{"0":"post-126074","1":"post","2":"type-post","3":"status-publish","4":"format-standard","5":"has-post-thumbnail","7":"category-ekonomi","8":"tag-business","9":"tag-economy","10":"tag-ekonomi","11":"tag-se","12":"tag-svenska","13":"tag-sverige","14":"tag-sweden","15":"tag-swedish"},"share_on_mastodon":{"url":"https:\/\/pubeurope.com\/@se\/115841559607483036","error":""},"_links":{"self":[{"href":"https:\/\/www.europesays.com\/se\/wp-json\/wp\/v2\/posts\/126074","targetHints":{"allow":["GET"]}}],"collection":[{"href":"https:\/\/www.europesays.com\/se\/wp-json\/wp\/v2\/posts"}],"about":[{"href":"https:\/\/www.europesays.com\/se\/wp-json\/wp\/v2\/types\/post"}],"author":[{"embeddable":true,"href":"https:\/\/www.europesays.com\/se\/wp-json\/wp\/v2\/users\/2"}],"replies":[{"embeddable":true,"href":"https:\/\/www.europesays.com\/se\/wp-json\/wp\/v2\/comments?post=126074"}],"version-history":[{"count":0,"href":"https:\/\/www.europesays.com\/se\/wp-json\/wp\/v2\/posts\/126074\/revisions"}],"wp:featuredmedia":[{"embeddable":true,"href":"https:\/\/www.europesays.com\/se\/wp-json\/wp\/v2\/media\/126075"}],"wp:attachment":[{"href":"https:\/\/www.europesays.com\/se\/wp-json\/wp\/v2\/media?parent=126074"}],"wp:term":[{"taxonomy":"category","embeddable":true,"href":"https:\/\/www.europesays.com\/se\/wp-json\/wp\/v2\/categories?post=126074"},{"taxonomy":"post_tag","embeddable":true,"href":"https:\/\/www.europesays.com\/se\/wp-json\/wp\/v2\/tags?post=126074"}],"curies":[{"name":"wp","href":"https:\/\/api.w.org\/{rel}","templated":true}]}}