{"id":126077,"date":"2026-01-05T08:33:12","date_gmt":"2026-01-05T08:33:12","guid":{"rendered":"https:\/\/www.europesays.com\/se\/126077\/"},"modified":"2026-01-05T08:33:12","modified_gmt":"2026-01-05T08:33:12","slug":"har-ar-arets-mest-omtalade-tv-serier","status":"publish","type":"post","link":"https:\/\/www.europesays.com\/se\/126077\/","title":{"rendered":"H\u00e4r \u00e4r \u00e5rets mest omtalade tv-serier"},"content":{"rendered":"<p class=\"boxtextgrotesk-root_baa6 hyperion-css-7pajle\">Uppdaterad 08.22 | Publicerad 07.00<\/p>\n<p>share-arrowDela<\/p>\n<p>unsaveSpara<\/p>\n<p>chevron-leftf\u00f6reg\u00e5endechevron-rightn\u00e4staZendaya \u00e4r tillbaka i &#8221;Euphoria&#8221; \u2013 en av \u00e5rets mest omtalade tv-serier.<\/p>\n<p>1 \/ 5Foto: Hbo Max<\/p>\n<p class=\"hyperion-css-1shl3oz\" data-test-tag=\"lead-text\">Det blir comeback f\u00f6r \u201dThe night manager\u201d och \u201dEuphoria\u201d \u2013 samt f\u00f6r Larry David med en ny hemlig serie. Trustorh\u00e4rvan blir drama p\u00e5 TV4 och vi f\u00e5r fira jul med poliserna i \u201dTunna bl\u00e5 linjen\u201d.<\/p>\n<p class=\"hyperion-css-1shl3oz\" data-test-tag=\"lead-text\">H\u00e4r \u00e4r tv-serierna det kommer att snackas om under 2026.<\/p>\n<p class=\"hyperion-css-1v9qo5x\">\u201dThe pitt\u201d (premi\u00e4r 9\/1, HBO Max).<\/p>\n<p class=\"hyperion-css-1v9qo5x\">Den hyllade sjukhusserien som utspelas under en arbetsdag p\u00e5 en cityakut i Pittsburgh \u00e4r tillbaka med en andra s\u00e4song, fast tio m\u00e5nader senare under 4 juli-firandet.<\/p>\n<p class=\"hyperion-css-1v9qo5x\">\u201dThe night manager\u201d (11\/1, Prime Video).<\/p>\n<p class=\"hyperion-css-1v9qo5x\">Det \u00e4r tio \u00e5r sedan thrillerserien gjorde Tom Hiddleston till ett stort namn. Nu \u00e5terv\u00e4nder han till rollen som agenten Pine, vars m\u00e5ltavla den h\u00e4r g\u00e5ngen \u00e4r en colombiansk vapenhandlare.<\/p>\n<p class=\"hyperion-css-1v9qo5x\">\u201dA knight of seven kingdoms\u201d (19\/1, HBO Max).<\/p>\n<p class=\"hyperion-css-1v9qo5x\">En sorts spinoffserie till \u201dGame of thrones\u201d, som ocks\u00e5 baseras p\u00e5 George RR Martins ber\u00e4ttelser, men utspelas 100 \u00e5r tidigare.<\/p>\n<p class=\"hyperion-css-1v9qo5x\">\u201dThe death of Bunny Munro\u201d (30\/1, SkyShowtime).<\/p>\n<p class=\"hyperion-css-1v9qo5x\">Den svenska regiss\u00f6ren Isabella Ekl\u00f6f ligger bakom filmatiseringen av Nick Caves roman med samma namn om en gr\u00e4nsl\u00f6s och alkoholiserad kvinnokarl (Matt Smith).<\/p>\n<p class=\"hyperion-css-1v9qo5x\">\u201dHarry Hole\u201d (26\/3, Netflix).<\/p>\n<p class=\"hyperion-css-1v9qo5x\">\u201dExit\u201d-stj\u00e4rnan Tobias Santelmann och Joel Kinnaman spelar huvudrollerna i en ny tv-version av den norske f\u00f6rfattaren Jo Nesb\u00f8s deckare.<\/p>\n<p class=\"hyperion-css-1v9qo5x\">\u201dEuphoria\u201d (april, HBO Max).<\/p>\n<p class=\"hyperion-css-1v9qo5x\">Hollywoodstj\u00e4rnorna Zendaya, Sydney Sweeney och Jacob Elordi \u00e4r tillbaka i serien som gjorde dem stora. Men det har g\u00e5tt m\u00e5nga \u00e5r, \u00e4ven i serien. Eleverna har l\u00e4mnat skolan och f\u00f6rs\u00f6ker nu hantera vuxenlivet.<\/p>\n<p class=\"hyperion-css-1v9qo5x\">\u201dGolden boys\u201d (under v\u00e5ren, TV4).<\/p>\n<p class=\"hyperion-css-1v9qo5x\">Den omtalade Trustor-h\u00e4rvan har blivit dramaserie med Adam Lundgren som den g\u00e5tfulle Joachim Posener, mannen i centrum f\u00f6r anklagelserna om m\u00e5ngmiljonbedr\u00e4gerier.<\/p>\n<p class=\"hyperion-css-1v9qo5x\">Larry Davids nya serie (premi\u00e4r ej fastst\u00e4llt, HBO Max).<\/p>\n<p class=\"hyperion-css-1v9qo5x\">Inte s\u00e5 mycket \u00e4r k\u00e4nt mer \u00e4n att Larry David ligger bakom en sketchserie i sex delar p\u00e5 Barack Obamas produktionsbolag, inspirerad av USA:s 250-\u00e5rsjubileum i sommar. Samt att gamle parh\u00e4sten Jerry Seinfeld medverkar.<\/p>\n<p class=\"hyperion-css-1v9qo5x\">\u201dTrion\u201d (ej fastst\u00e4llt, SkyShowtime).<\/p>\n<p class=\"hyperion-css-1v9qo5x\">Felix Sandman och August Wittgenstein g\u00f6r huvudrollerna n\u00e4r Johanna Hedmans omtalade debutroman med samma namn fr\u00e5n 2021 om ett triangeldrama blir tv-serie.<\/p>\n<p class=\"hyperion-css-1v9qo5x\">\u201dSommaren 1985\u201d (ej fastst\u00e4llt, SVT).<\/p>\n<p class=\"hyperion-css-1v9qo5x\">Ett ov\u00e4ntat d\u00f6dsfall ruskar om n\u00e5gra ungdomar i Stockholms sk\u00e4rg\u00e5rd i mitten av 80-talet. John Ajdvide Lindqvists thriller ligger till grund f\u00f6r serien som regisseras av rutinerade Bj\u00f6rn Stein.<\/p>\n<p class=\"hyperion-css-1v9qo5x\">\u201dTills d\u00f6den skiljer oss \u00e5t\u201d (ej fastst\u00e4llt, TV4).<\/p>\n<p class=\"hyperion-css-1v9qo5x\">Thrillerserie om paret Tobias (Filip Berg) och Malin (Aliette Opheim). N\u00e4r han misst\u00e4nks f\u00f6r mord k\u00e4mpar hon, som \u00e4r advokat, f\u00f6r att bevisa hans oskuld.<\/p>\n<p class=\"hyperion-css-1v9qo5x\">\u201dTunna bl\u00e5 linjen\u201d (julen, SVT).<\/p>\n<p class=\"hyperion-css-1v9qo5x\">Poliserna i Malm\u00f6 \u00e4r tillbaka en allra sista g\u00e5ng, i fyra avsnitt under julen.<\/p>\n","protected":false},"excerpt":{"rendered":"Uppdaterad 08.22 | Publicerad 07.00 share-arrowDela unsaveSpara chevron-leftf\u00f6reg\u00e5endechevron-rightn\u00e4staZendaya \u00e4r tillbaka i &#8221;Euphoria&#8221; \u2013 en av \u00e5rets mest omtalade&hellip;\n","protected":false},"author":2,"featured_media":126078,"comment_status":"","ping_status":"","sticky":false,"template":"","format":"standard","meta":{"footnotes":""},"categories":[5],"tags":[22,23,26,27,17,21,24,25,28,29,15,16,18,34,31,33,32,30,19,20],"class_list":{"0":"post-126077","1":"post","2":"type-post","3":"status-publish","4":"format-standard","5":"has-post-thumbnail","7":"category-rubriker","8":"tag-breaking-news","9":"tag-breakingnews","10":"tag-featured-news","11":"tag-featurednews","12":"tag-headlines","13":"tag-huvudnyheter","14":"tag-latest-news","15":"tag-latestnews","16":"tag-main-news","17":"tag-mainnews","18":"tag-news","19":"tag-nyheter","20":"tag-rubriker","21":"tag-se","22":"tag-svenska","23":"tag-sverige","24":"tag-sweden","25":"tag-swedish","26":"tag-top-stories","27":"tag-topstories"},"share_on_mastodon":{"url":"https:\/\/pubeurope.com\/@se\/115841571378922539","error":""},"_links":{"self":[{"href":"https:\/\/www.europesays.com\/se\/wp-json\/wp\/v2\/posts\/126077","targetHints":{"allow":["GET"]}}],"collection":[{"href":"https:\/\/www.europesays.com\/se\/wp-json\/wp\/v2\/posts"}],"about":[{"href":"https:\/\/www.europesays.com\/se\/wp-json\/wp\/v2\/types\/post"}],"author":[{"embeddable":true,"href":"https:\/\/www.europesays.com\/se\/wp-json\/wp\/v2\/users\/2"}],"replies":[{"embeddable":true,"href":"https:\/\/www.europesays.com\/se\/wp-json\/wp\/v2\/comments?post=126077"}],"version-history":[{"count":0,"href":"https:\/\/www.europesays.com\/se\/wp-json\/wp\/v2\/posts\/126077\/revisions"}],"wp:featuredmedia":[{"embeddable":true,"href":"https:\/\/www.europesays.com\/se\/wp-json\/wp\/v2\/media\/126078"}],"wp:attachment":[{"href":"https:\/\/www.europesays.com\/se\/wp-json\/wp\/v2\/media?parent=126077"}],"wp:term":[{"taxonomy":"category","embeddable":true,"href":"https:\/\/www.europesays.com\/se\/wp-json\/wp\/v2\/categories?post=126077"},{"taxonomy":"post_tag","embeddable":true,"href":"https:\/\/www.europesays.com\/se\/wp-json\/wp\/v2\/tags?post=126077"}],"curies":[{"name":"wp","href":"https:\/\/api.w.org\/{rel}","templated":true}]}}