{"id":126081,"date":"2026-01-05T08:38:16","date_gmt":"2026-01-05T08:38:16","guid":{"rendered":"https:\/\/www.europesays.com\/se\/126081\/"},"modified":"2026-01-05T08:38:16","modified_gmt":"2026-01-05T08:38:16","slug":"trots-rantehojningen-ar-vara-lan-fordelaktiga","status":"publish","type":"post","link":"https:\/\/www.europesays.com\/se\/126081\/","title":{"rendered":"Trots r\u00e4nteh\u00f6jningen \u00e4r v\u00e5ra l\u00e5n f\u00f6rdelaktiga"},"content":{"rendered":"<p>Trots att studiel\u00e5nsr\u00e4ntan har stigit rej\u00e4lt fr\u00e5n bottenniv\u00e5erna \u00e4r studiel\u00e5net p\u00e5 flera s\u00e4tt f\u00f6rdelaktigt, oavsett vad kritikerna s\u00e4ger. Det skriver CSN-utredaren Patric Peippo och pressekreteraren Stefan T\u00e4rnhuvud i en debattartikel i Expressen.<\/p>\n<p>R\u00e4ntan f\u00f6r 2026 blir 2,135 procent, n\u00e4stan i niv\u00e5 med bol\u00e5n. Men duon tycker att j\u00e4mf\u00f6relsen haltar. Till skillnad fr\u00e5n bol\u00e5net ges studiel\u00e5net \u201dhelt utan s\u00e4kerhet\u201d. Dessutom sker \u00e5terbetalningen f\u00f6rst efter avslutade studier och ofta under en 25-\u00e5rsperiod.<\/p>\n<p>\u201dDet finns ocks\u00e5 trygghetsregler som skyddar l\u00e5ntagaren. Du har till exempel m\u00f6jlighet att skjuta upp en betalning eller ans\u00f6ka om neds\u00e4ttning.\u201d<\/p>\n<p>Omni \u00e4r politiskt obundna och oberoende. Vi str\u00e4var efter att ge fler perspektiv p\u00e5 nyheterna. Har du fr\u00e5gor eller synpunkter kring v\u00e5r rapportering? <a href=\"https:\/\/omni.se\/csn-trots-rantehojningen-ar-vara-lan-fordelaktiga\/a\/mailto:redaktion@omni.se\" class=\"ArticleActions_contactLink__W2F1M\" rel=\"nofollow noopener\" target=\"_blank\">Kontakta redaktionen<\/a><\/p>\n","protected":false},"excerpt":{"rendered":"Trots att studiel\u00e5nsr\u00e4ntan har stigit rej\u00e4lt fr\u00e5n bottenniv\u00e5erna \u00e4r studiel\u00e5net p\u00e5 flera s\u00e4tt f\u00f6rdelaktigt, oavsett vad kritikerna s\u00e4ger.&hellip;\n","protected":false},"author":2,"featured_media":126082,"comment_status":"","ping_status":"","sticky":false,"template":"","format":"standard","meta":{"footnotes":""},"categories":[65],"tags":[72,13112,13111,445,70,71,349,34,982,31,33,32,30],"class_list":{"0":"post-126081","1":"post","2":"type-post","3":"status-publish","4":"format-standard","5":"has-post-thumbnail","7":"category-ekonomi","8":"tag-business","9":"tag-centrala-studiestodsnamnden","10":"tag-csn","11":"tag-debatt","12":"tag-economy","13":"tag-ekonomi","14":"tag-privatekonomi","15":"tag-se","16":"tag-skola-utbildning","17":"tag-svenska","18":"tag-sverige","19":"tag-sweden","20":"tag-swedish"},"share_on_mastodon":{"url":"https:\/\/pubeurope.com\/@se\/115841591056571355","error":""},"_links":{"self":[{"href":"https:\/\/www.europesays.com\/se\/wp-json\/wp\/v2\/posts\/126081","targetHints":{"allow":["GET"]}}],"collection":[{"href":"https:\/\/www.europesays.com\/se\/wp-json\/wp\/v2\/posts"}],"about":[{"href":"https:\/\/www.europesays.com\/se\/wp-json\/wp\/v2\/types\/post"}],"author":[{"embeddable":true,"href":"https:\/\/www.europesays.com\/se\/wp-json\/wp\/v2\/users\/2"}],"replies":[{"embeddable":true,"href":"https:\/\/www.europesays.com\/se\/wp-json\/wp\/v2\/comments?post=126081"}],"version-history":[{"count":0,"href":"https:\/\/www.europesays.com\/se\/wp-json\/wp\/v2\/posts\/126081\/revisions"}],"wp:featuredmedia":[{"embeddable":true,"href":"https:\/\/www.europesays.com\/se\/wp-json\/wp\/v2\/media\/126082"}],"wp:attachment":[{"href":"https:\/\/www.europesays.com\/se\/wp-json\/wp\/v2\/media?parent=126081"}],"wp:term":[{"taxonomy":"category","embeddable":true,"href":"https:\/\/www.europesays.com\/se\/wp-json\/wp\/v2\/categories?post=126081"},{"taxonomy":"post_tag","embeddable":true,"href":"https:\/\/www.europesays.com\/se\/wp-json\/wp\/v2\/tags?post=126081"}],"curies":[{"name":"wp","href":"https:\/\/api.w.org\/{rel}","templated":true}]}}