{"id":126083,"date":"2026-01-05T08:40:15","date_gmt":"2026-01-05T08:40:15","guid":{"rendered":"https:\/\/www.europesays.com\/se\/126083\/"},"modified":"2026-01-05T08:40:15","modified_gmt":"2026-01-05T08:40:15","slug":"sigtuna-kulturskola-ar-forst-ut-med-att-prova-ett-nytt-satt-att-upphandla-leverantorer","status":"publish","type":"post","link":"https:\/\/www.europesays.com\/se\/126083\/","title":{"rendered":"Sigtuna kulturskola \u00e4r f\u00f6rst ut med att prova ett nytt s\u00e4tt att upphandla leverant\u00f6rer"},"content":{"rendered":"<p class=\"normal\">Ett dynamiskt ink\u00f6pssystem ers\u00e4tter l\u00e5nga avtal med privata leverant\u00f6rer under ett visst antal \u00e5r och bidrar till en st\u00f6rre flexibilitet i upphandlingen \u00f6ver tid. Det i sin tur ger ett st\u00f6rre utbud av kulturskolans verksamhet med mer valfrihet f\u00f6r kommunens barn och unga.<\/p>\n<p class=\"normal\">Beata Alving \u00e4r kulturskolechef i Sigtuna kommun:<\/p>\n<p class=\"normal\">Den st\u00f6rsta f\u00f6rdelen \u00e4r att vi kan l\u00e4gga till fler privata leverant\u00f6rer med tiden och snabbare anpassa utbudet av kurser, utan l\u00e5nga upphandlingsprocesser varje g\u00e5ng vi vill testa n\u00e5got nytt. Fortfarande helt och h\u00e5llet enligt lagen om offentlig upphandling, f\u00f6rst\u00e5s.<\/p>\n<p>Det nya s\u00e4ttet att upphandla p\u00e5 kommer ge kommunens barn och unga ett st\u00f6rre utbud<\/p>\n<p class=\"normal\">Det har g\u00e5tt n\u00e5gra \u00e5r sedan vi inf\u00f6rde uppl\u00e4gget med kulturcheck som kulturskolan upphandlar leverant\u00f6rerna till. Uppl\u00e4gget g\u00f6r det m\u00f6jligt f\u00f6r privata leverant\u00f6rer att erbjuda sin undervisning som en del av kulturskolans kursutbud.<\/p>\n<p class=\"normal\">Barn och unga kan v\u00e4lja fritt bland alla kurser och avgiften \u00e4r samma f\u00f6r kurser inom samma \u00e4mnesomr\u00e5de, oavsett vilken akt\u00f6r som erbjuder kursen. Det ger fler \u00e4mnen p\u00e5 fler tider och platser \u2013 till samma l\u00e5ga kostnad som kulturskolans \u00f6vriga utbud.<\/p>\n<p class=\"normal\">Men det tidigare s\u00e4ttet att upphandla leverant\u00f6rer p\u00e5 gjorde det sv\u00e5rt f\u00f6r oss att kunna anpassa utbudet av kurser under avtalsperioden, till exempel med en ny lovkurs inom ett just nu efterfr\u00e5gat \u00e4mne. Och det kommer allts\u00e5 att bli enklare med det nya systemet.<\/p>\n<p>F\u00f6rst ut med en helt digital process<\/p>\n<p class=\"normal\">Vad jag vet s\u00e5 har ingen annan kulturskola i Sverige upphandlat kulturundervisning med det dynamiska ink\u00f6pssystemet tidigare.<\/p>\n<p class=\"normal\">Det s\u00e4ger Love Forsberg som samordnar v\u00e5rt arbete med kulturcheck f\u00f6r Sigtuna kulturskola. F\u00f6r Love inneb\u00e4r det nya systemet ocks\u00e5 f\u00f6r\u00e4ndringar i kommunikationen med de privata leverant\u00f6rerna.<\/p>\n<p class=\"normal\">En stor skillnad f\u00f6r mig som arbetar med det h\u00e4r \u00e4r att alla eventuella fr\u00e5gor kring upphandlingen ska st\u00e4llas och besvaras genom systemet, f\u00f6r en helt digital och s\u00e5 r\u00e4ttvis process som m\u00f6jligt d\u00e4r alla f\u00e5r samma information. Och det \u00e4r ju bra!<\/p>\n","protected":false},"excerpt":{"rendered":"Ett dynamiskt ink\u00f6pssystem ers\u00e4tter l\u00e5nga avtal med privata leverant\u00f6rer under ett visst antal \u00e5r och bidrar till en&hellip;\n","protected":false},"author":2,"featured_media":126084,"comment_status":"","ping_status":"","sticky":false,"template":"","format":"standard","meta":{"footnotes":""},"categories":[12],"tags":[22,23,26,27,17,21,24,25,28,29,15,16,18,34,31,33,32,30,19,20],"class_list":{"0":"post-126083","1":"post","2":"type-post","3":"status-publish","4":"format-standard","5":"has-post-thumbnail","7":"category-sverige","8":"tag-breaking-news","9":"tag-breakingnews","10":"tag-featured-news","11":"tag-featurednews","12":"tag-headlines","13":"tag-huvudnyheter","14":"tag-latest-news","15":"tag-latestnews","16":"tag-main-news","17":"tag-mainnews","18":"tag-news","19":"tag-nyheter","20":"tag-rubriker","21":"tag-se","22":"tag-svenska","23":"tag-sverige","24":"tag-sweden","25":"tag-swedish","26":"tag-top-stories","27":"tag-topstories"},"share_on_mastodon":{"url":"https:\/\/pubeurope.com\/@se\/115841599035360421","error":""},"_links":{"self":[{"href":"https:\/\/www.europesays.com\/se\/wp-json\/wp\/v2\/posts\/126083","targetHints":{"allow":["GET"]}}],"collection":[{"href":"https:\/\/www.europesays.com\/se\/wp-json\/wp\/v2\/posts"}],"about":[{"href":"https:\/\/www.europesays.com\/se\/wp-json\/wp\/v2\/types\/post"}],"author":[{"embeddable":true,"href":"https:\/\/www.europesays.com\/se\/wp-json\/wp\/v2\/users\/2"}],"replies":[{"embeddable":true,"href":"https:\/\/www.europesays.com\/se\/wp-json\/wp\/v2\/comments?post=126083"}],"version-history":[{"count":0,"href":"https:\/\/www.europesays.com\/se\/wp-json\/wp\/v2\/posts\/126083\/revisions"}],"wp:featuredmedia":[{"embeddable":true,"href":"https:\/\/www.europesays.com\/se\/wp-json\/wp\/v2\/media\/126084"}],"wp:attachment":[{"href":"https:\/\/www.europesays.com\/se\/wp-json\/wp\/v2\/media?parent=126083"}],"wp:term":[{"taxonomy":"category","embeddable":true,"href":"https:\/\/www.europesays.com\/se\/wp-json\/wp\/v2\/categories?post=126083"},{"taxonomy":"post_tag","embeddable":true,"href":"https:\/\/www.europesays.com\/se\/wp-json\/wp\/v2\/tags?post=126083"}],"curies":[{"name":"wp","href":"https:\/\/api.w.org\/{rel}","templated":true}]}}