{"id":126088,"date":"2026-01-05T08:48:11","date_gmt":"2026-01-05T08:48:11","guid":{"rendered":"https:\/\/www.europesays.com\/se\/126088\/"},"modified":"2026-01-05T08:48:11","modified_gmt":"2026-01-05T08:48:11","slug":"slangde-ciggpaket-pa-marken-atalas","status":"publish","type":"post","link":"https:\/\/www.europesays.com\/se\/126088\/","title":{"rendered":"Sl\u00e4ngde ciggpaket p\u00e5 marken \u2013 \u00e5talas"},"content":{"rendered":"<p>\t\t\t<img decoding=\"async\" src=\"https:\/\/www.europesays.com\/se\/wp-content\/uploads\/2026\/01\/250725-tingsratten-da-648x432.jpg\"   class=\"srcset block-text-image__img\" alt=\"\"\/><\/p>\n<p class=\"block-text-image__picture-text small-paragraph\">Bild: David Alin<\/p>\n<p>Det var i slutet av november som h\u00e4ndelsen \u00e4gde rum. Mannen, som \u00e4r i 25-\u00e5rs\u00e5ldern och hemmah\u00f6rande i V\u00e4rnamo, sl\u00e4ngde tv\u00e5 cigarettpaket p\u00e5 marken p\u00e5 en allm\u00e4n plats i Gnosj\u00f6.<\/p>\n<p class=\"p1\">\u00c5klagaren vid J\u00f6nk\u00f6pings tingsr\u00e4tt menar att mannen begick g\u00e4rningen med upps\u00e5t. Mannen varken erk\u00e4nner eller f\u00f6rnekar brott och som bevis finns f\u00f6rh\u00f6r med den misst\u00e4nkte, polisanm\u00e4lan, f\u00f6runders\u00f6kningsprotokoll och fotografier.<\/p>\n<p class=\"p1\">V\u00e4ljer mannen att erk\u00e4nna nedskr\u00e4pningen kan m\u00e5let avg\u00f6rs utan huvudf\u00f6rhandling. \u00c5klagaren yrkar p\u00e5 800 kronor i b\u00f6ter f\u00f6r f\u00f6rseelsen.<\/p>\n","protected":false},"excerpt":{"rendered":"Bild: David Alin Det var i slutet av november som h\u00e4ndelsen \u00e4gde rum. Mannen, som \u00e4r i 25-\u00e5rs\u00e5ldern&hellip;\n","protected":false},"author":2,"featured_media":126089,"comment_status":"","ping_status":"","sticky":false,"template":"","format":"standard","meta":{"footnotes":""},"categories":[12],"tags":[22,23,26,27,17,21,24,25,28,29,15,16,18,34,31,33,32,30,19,20],"class_list":{"0":"post-126088","1":"post","2":"type-post","3":"status-publish","4":"format-standard","5":"has-post-thumbnail","7":"category-sverige","8":"tag-breaking-news","9":"tag-breakingnews","10":"tag-featured-news","11":"tag-featurednews","12":"tag-headlines","13":"tag-huvudnyheter","14":"tag-latest-news","15":"tag-latestnews","16":"tag-main-news","17":"tag-mainnews","18":"tag-news","19":"tag-nyheter","20":"tag-rubriker","21":"tag-se","22":"tag-svenska","23":"tag-sverige","24":"tag-sweden","25":"tag-swedish","26":"tag-top-stories","27":"tag-topstories"},"share_on_mastodon":{"url":"https:\/\/pubeurope.com\/@se\/115841630435285556","error":""},"_links":{"self":[{"href":"https:\/\/www.europesays.com\/se\/wp-json\/wp\/v2\/posts\/126088","targetHints":{"allow":["GET"]}}],"collection":[{"href":"https:\/\/www.europesays.com\/se\/wp-json\/wp\/v2\/posts"}],"about":[{"href":"https:\/\/www.europesays.com\/se\/wp-json\/wp\/v2\/types\/post"}],"author":[{"embeddable":true,"href":"https:\/\/www.europesays.com\/se\/wp-json\/wp\/v2\/users\/2"}],"replies":[{"embeddable":true,"href":"https:\/\/www.europesays.com\/se\/wp-json\/wp\/v2\/comments?post=126088"}],"version-history":[{"count":0,"href":"https:\/\/www.europesays.com\/se\/wp-json\/wp\/v2\/posts\/126088\/revisions"}],"wp:featuredmedia":[{"embeddable":true,"href":"https:\/\/www.europesays.com\/se\/wp-json\/wp\/v2\/media\/126089"}],"wp:attachment":[{"href":"https:\/\/www.europesays.com\/se\/wp-json\/wp\/v2\/media?parent=126088"}],"wp:term":[{"taxonomy":"category","embeddable":true,"href":"https:\/\/www.europesays.com\/se\/wp-json\/wp\/v2\/categories?post=126088"},{"taxonomy":"post_tag","embeddable":true,"href":"https:\/\/www.europesays.com\/se\/wp-json\/wp\/v2\/tags?post=126088"}],"curies":[{"name":"wp","href":"https:\/\/api.w.org\/{rel}","templated":true}]}}