{"id":126094,"date":"2026-01-05T08:58:11","date_gmt":"2026-01-05T08:58:11","guid":{"rendered":"https:\/\/www.europesays.com\/se\/126094\/"},"modified":"2026-01-05T08:58:11","modified_gmt":"2026-01-05T08:58:11","slug":"vadret-i-veckan-fortsatt-kallt-och-mer-sno-arvika-nyheter","status":"publish","type":"post","link":"https:\/\/www.europesays.com\/se\/126094\/","title":{"rendered":"V\u00e4dret i veckan: Fortsatt kallt och mer sn\u00f6 &#8211; Arvika Nyheter"},"content":{"rendered":"<ol>\n<li><a href=\"https:\/\/news.google.com\/rss\/articles\/CBMikwFBVV95cUxPN3JIY0NMZWZHdC1HOGhYVElnSFJLSHNYbjdqcEVZdWtNdU1rSTYzMDZ5X2VoY0N6N2JHWExTdFB1akF6M09KdHQydjhVMi1BSUQ2bnFfNlQ1Z0hCM0h5RjV0WEE5QnRSRGVqcmc3MW43T0h6Z3F6a2Vvd05vOFdZVDNWN3RFQjRReHlQR0pvc1RPQ0E?oc=5\" target=\"_blank\" rel=\"nofollow noopener\">V\u00e4dret i veckan: Fortsatt kallt och mer sn\u00f6<\/a>&nbsp;&nbsp;Arvika Nyheter<\/li>\n<li><a href=\"https:\/\/news.google.com\/rss\/articles\/CBMibkFVX3lxTE9NQVM3TFlfLUJRZVg1SzZQQ19PdzZCak92aEtHV1dHZHIwZVdxWE5RdXotaXczZEl3anFrbW5POF91Q181VGc1UHVZTnF1cUc1X19aSjJWSzI3eDJ3QW5pbWhrLUc2LVhnM3ZUNFRn?oc=5\" target=\"_blank\" rel=\"nofollow noopener\">Prognosen: Kylan h\u00e4r f\u00f6r att stanna<\/a>&nbsp;&nbsp;Nerikes Allehanda<\/li>\n<li><a href=\"https:\/\/news.google.com\/rss\/articles\/CBMinAFBVV95cUxNcHVjZFVKRG9UeHY5b2dmejB4dllOZV9yVFZGMGM2eWNhS2NWR25NamRIWFhsVGZMSlNkM2VKQXNYUWpFU3BFUTZjTU9ScVdJZlJ3MEZOUVh6b1hVYTdQRDY1V3d4MERWM0Y1V0N2OTM4dm5UR0FXdHJYb0REMmNLc050R3RQMF9LRDNqUDFwN19lZ1JzS3lDdXY3Wmk?oc=5\" target=\"_blank\" rel=\"nofollow noopener\">SMHI: \u201dSn\u00f6n ligger kvar s\u00e5 l\u00e5ngt jag kan se\u201d<\/a>&nbsp;&nbsp;GP<\/li>\n<li><a href=\"https:\/\/news.google.com\/rss\/articles\/CBMiiAFBVV95cUxQcWFvOEtkYkh3ODdKODNBQjZsRS1wSnRnc0RaRFo4UjNkM1d3WVVraTVFS3duZlNNNnNjMUhwNWowNDRGY3JrMzl5M3IyU2NKWlI3bjc1MUZHOWJoblptMjZRYmpYTUNMUW5mX1l0MXBSc2xJRGRvZmVtbkxYSi1ORGg3RXNXbzJ6?oc=5\" target=\"_blank\" rel=\"nofollow noopener\">Sn\u00f6n i Blekinge under helgen \u2013 r\u00e4ddningstj\u00e4nsten varnar<\/a>&nbsp;&nbsp;Blekinge L\u00e4ns Tidning<\/li>\n<li><a href=\"https:\/\/news.google.com\/rss\/articles\/CBMilAFBVV95cUxNbkljLUJTOWZQZGw2VE51OWFJdGxLNEF3ZnJoQk5pd1N0a1FEWGhrNWtFOGwwOVIxVXZMd2ZHN2RyZW54NGxCWjFxd29KTWkzemZpUmhMQXNWWHBDRzRLNzU0bHRMQ3JRR0NHMVFBRGdkdnZIVUVCSEx5MDhCMThhN3ktNktUdDRKVVIwbFlJaEp1VzRm?oc=5\" target=\"_blank\" rel=\"nofollow noopener\">Minusgraderna h\u00e5ller i \u2013 SMHI: \u201dNu blir det vinter\u201d<\/a>&nbsp;&nbsp;Kristianstadsbladet<\/li>\n<\/ol>\n","protected":false},"excerpt":{"rendered":"V\u00e4dret i veckan: Fortsatt kallt och mer sn\u00f6&nbsp;&nbsp;Arvika Nyheter Prognosen: Kylan h\u00e4r f\u00f6r att stanna&nbsp;&nbsp;Nerikes Allehanda SMHI: \u201dSn\u00f6n&hellip;\n","protected":false},"author":2,"featured_media":126095,"comment_status":"","ping_status":"","sticky":false,"template":"","format":"standard","meta":{"footnotes":""},"categories":[12],"tags":[22,23,26,27,17,21,24,25,28,29,15,16,18,34,31,33,32,30,19,20],"class_list":{"0":"post-126094","1":"post","2":"type-post","3":"status-publish","4":"format-standard","5":"has-post-thumbnail","7":"category-sverige","8":"tag-breaking-news","9":"tag-breakingnews","10":"tag-featured-news","11":"tag-featurednews","12":"tag-headlines","13":"tag-huvudnyheter","14":"tag-latest-news","15":"tag-latestnews","16":"tag-main-news","17":"tag-mainnews","18":"tag-news","19":"tag-nyheter","20":"tag-rubriker","21":"tag-se","22":"tag-svenska","23":"tag-sverige","24":"tag-sweden","25":"tag-swedish","26":"tag-top-stories","27":"tag-topstories"},"share_on_mastodon":{"url":"https:\/\/pubeurope.com\/@se\/115841669909718560","error":""},"_links":{"self":[{"href":"https:\/\/www.europesays.com\/se\/wp-json\/wp\/v2\/posts\/126094","targetHints":{"allow":["GET"]}}],"collection":[{"href":"https:\/\/www.europesays.com\/se\/wp-json\/wp\/v2\/posts"}],"about":[{"href":"https:\/\/www.europesays.com\/se\/wp-json\/wp\/v2\/types\/post"}],"author":[{"embeddable":true,"href":"https:\/\/www.europesays.com\/se\/wp-json\/wp\/v2\/users\/2"}],"replies":[{"embeddable":true,"href":"https:\/\/www.europesays.com\/se\/wp-json\/wp\/v2\/comments?post=126094"}],"version-history":[{"count":0,"href":"https:\/\/www.europesays.com\/se\/wp-json\/wp\/v2\/posts\/126094\/revisions"}],"wp:featuredmedia":[{"embeddable":true,"href":"https:\/\/www.europesays.com\/se\/wp-json\/wp\/v2\/media\/126095"}],"wp:attachment":[{"href":"https:\/\/www.europesays.com\/se\/wp-json\/wp\/v2\/media?parent=126094"}],"wp:term":[{"taxonomy":"category","embeddable":true,"href":"https:\/\/www.europesays.com\/se\/wp-json\/wp\/v2\/categories?post=126094"},{"taxonomy":"post_tag","embeddable":true,"href":"https:\/\/www.europesays.com\/se\/wp-json\/wp\/v2\/tags?post=126094"}],"curies":[{"name":"wp","href":"https:\/\/api.w.org\/{rel}","templated":true}]}}