{"id":126096,"date":"2026-01-05T08:59:17","date_gmt":"2026-01-05T08:59:17","guid":{"rendered":"https:\/\/www.europesays.com\/se\/126096\/"},"modified":"2026-01-05T08:59:17","modified_gmt":"2026-01-05T08:59:17","slug":"trumps-hot-mot-colombia","status":"publish","type":"post","link":"https:\/\/www.europesays.com\/se\/126096\/","title":{"rendered":"Trumps hot mot Colombia"},"content":{"rendered":"<p>Publicerad 5 jan 2026 kl 02.37Uppdaterad kl 08.22<\/p>\n<p>Donald Trump hotar med en milit\u00e4r insats mot Colombia och landets president Gustavo Petro efter r\u00e4den i Venezuela, skriver <a href=\"https:\/\/www.reuters.com\/world\/americas\/trump-says-new-military-operation-focused-colombia-sounds-good-him-2026-01-05\/\" rel=\"nofollow noopener\" target=\"_blank\">Reuters<\/a>.<\/p>\n<p>\u2013 Det l\u00e5ter bra, s\u00e4ger Trump.<\/p>\n<p>Han h\u00e4vdar att Colombia styrs av en \u201dsjuk\u201d man men att han \u201dinte kommer att g\u00f6ra det s\u00e4rskilt l\u00e4nge\u201d.<\/p>\n<p>\u201dSluta f\u00f6rtala mig, herr Trump\u201d, svarar president Petro i ett inl\u00e4gg p\u00e5 <a href=\"https:\/\/x.com\/petrogustavo\/status\/2007968550418362866?ref_src=twsrc%5Etfw%7Ctwcamp%5Etweetembed%7Ctwterm%5E2007968550418362866%7Ctwgr%5E1747bb4da15d8ec90d2006c98ca770cdccb9d514%7Ctwcon%5Es1_&amp;ref_url=https%3A%2F%2Fomni.se%2Fcolombias-president-sluta-fortala-mig-herr-trump%2Fa%2Fk0Jg2a\" rel=\"nofollow\">X<\/a>.<\/p>\n<p>Senaste klippen om Trump-administrationen.<img   alt=\"\"\/><\/p>\n<p>Donald Trump g\u00e5r av Air Force One.<\/p>\n<p>Foto: ALEX BRANDON \/ AP TT NYHETSBYR\u00c5N<\/p>\n<p>\u00d6ppna bild i helsk\u00e4rm<img loading=\"lazy\"   alt=\"\"\/><\/p>\n<p>Colombias president Gustavo Petro.<\/p>\n<p>Foto: Ivan Valencia \/ AP TT NYHETSBYR\u00c5N<\/p>\n<p>\u00d6ppna bild i helsk\u00e4rm<\/p>\n<p>USA tillf\u00e5ngatog Venezuelas president Nicolas Maduro i en r\u00e4d i helgen och f\u00f6rde honom till New York f\u00f6r att st\u00e4lla honom inf\u00f6r r\u00e4tta f\u00f6r narkotikabrott.\u00a0<\/p>\n<p>Natten mot m\u00e5ndag riktade Trump ett hot mot <a href=\"https:\/\/www.expressen.se\/tagg\/location\/colombia\/\" class=\"\" rel=\"nofollow noopener\" target=\"_blank\">Colombias<\/a> president Gustavo Petro n\u00e4r han pratade med reportrar ombord p\u00e5 presidentplanet Air Force One.<\/p>\n<p>\u2013 Colombia \u00e4r ocks\u00e5 mycket illa d\u00e4ran, styrt av en sjuk man som gillar att tillverka kokain och s\u00e4lja det till USA, men han kommer inte att kunna g\u00f6ra det s\u00e4rskilt l\u00e4nge till, s\u00e4ger Trump.<\/p>\n<p>Tillfr\u00e5gad om USA skulle genomf\u00f6ra en milit\u00e4r operation mot Colombia svarade Trump:\u00a0<\/p>\n<p>\u2013 Det l\u00e5ter bra f\u00f6r mig.<\/p>\n<p>\u201dB\u00e4st att han passar sig\u201d<\/p>\n<p>L\u00e4get mellan USA och Colombia har varit sp\u00e4nt i flera m\u00e5nader och Petro har varit en av Trumps h\u00e5rdaste kritiker. I helgen kallade Petro USA:s angrepp i Venezuela ett \u201dangrepp p\u00e5 Latinamerikas suver\u00e4nitet\u201d och varnade f\u00f6r att det skulle leda till en humanit\u00e4r kris.<\/p>\n<p>Trump svarade med att anklaga Petro f\u00f6r narkotikabrott, samma anklagelse som han riktade mot Maduro innan han l\u00e4t tillf\u00e5ngata den venezuelanske presidenten.<\/p>\n<p>\u2013 Det \u00e4r b\u00e4st att han passar sig, sade Trump om Petro i helgen.<\/p>\n<p>Colombia \u00e4r v\u00e4rldens st\u00f6rsta kokainproducent, men f\u00f6rra m\u00e5naden bj\u00f6d Petro in Trump till att bes\u00f6ka landet f\u00f6r att se regeringens anstr\u00e4ngningar att f\u00f6rst\u00f6ra laboratorier d\u00e4r knark framst\u00e4lls.<\/p>\n<p>Gustavo Petro skriver i ett inl\u00e4gg p\u00e5 X att Trump inte f\u00f6rst\u00e5r Colombias historia och uppmanar Trump att i st\u00e4llet samarbeta med landet som enligt presidenten har l\u00e5ng erfarenhet av att bek\u00e4mpa narkotikan.<\/p>\n<p>\u201dMitt namn f\u00f6rekommer inte i r\u00e4ttsliga handlingar om narkotikahandel under de senaste 50 \u00e5ren. Sluta f\u00f6rtala mig, herr Trump\u201d, skriver Petro.<\/p>\n<p>Trump upprepade ocks\u00e5 hotet om att skicka tillbaka amerikansk milit\u00e4r till Venezuela om landet inte \u201dsk\u00f6ter sig\u201d. Han varnar samtidigt Mexiko f\u00f6r att \u201dsk\u00e4rpa sig\u201d.\u00a0<\/p>\n<p>Beskedet om Kuba<\/p>\n<p>Sedan USA:s tillf\u00e5ngatagande av Maduro har det spekulerats i om styret i Kuba kan st\u00e5 inf\u00f6r samma \u00f6de. Natten mot m\u00e5ndag spelade dock Trump ner m\u00f6jligheten f\u00f6r en amerikansk milit\u00e4roperation mot landet.<\/p>\n<p>\u2013 Kuba \u00e4r redo att falla. Jag tror inte att vi beh\u00f6ver g\u00f6ra n\u00e5gonting. Det ser ut som att det kommer att g\u00e5 under, s\u00e4ger Trump.<\/p>\n<p>Men han upprepade \u00e5terigen sitt krav p\u00e5 att Gr\u00f6nland ska bli en del av USA.<\/p>\n<p>\u2013 Det \u00e4r mycket strategiskt. Just nu \u00e4r Gr\u00f6nland omringat av ryska och kinesiska fartyg. Vi beh\u00f6ver Gr\u00f6nland ur nationell s\u00e4kerhetssynpunkt, och Danmark kommer inte att kunna greja det, s\u00e4ger Trump.<\/p>\n<p>Han sade sedan:<\/p>\n<p>\u2013 Vi kan koncentrera oss p\u00e5 Gr\u00f6nland om ungef\u00e4r tv\u00e5 m\u00e5nader. L\u00e5t oss prata om Gr\u00f6nland om 20 dagar.<\/p>\n<p>Under m\u00e5ndagseftermiddagen svensk tid h\u00e5ller FN:s s\u00e4kerhetsr\u00e5d i New York ett extrainsatt m\u00f6te om situationen i Venezuela.\u00a0<\/p>\n<p><img alt=\"\"\/>Ljudklippet gick inte att spela upp<\/p>\n<p>F\u00f6rs\u00f6k igen senare<\/p>\n","protected":false},"excerpt":{"rendered":"Publicerad 5 jan 2026 kl 02.37Uppdaterad kl 08.22 Donald Trump hotar med en milit\u00e4r insats mot Colombia och&hellip;\n","protected":false},"author":2,"featured_media":126097,"comment_status":"","ping_status":"","sticky":false,"template":"","format":"standard","meta":{"footnotes":""},"categories":[5],"tags":[22,23,26,27,17,21,24,25,1519,28,29,15,16,198,18,34,55,31,33,32,30,19,20],"class_list":{"0":"post-126096","1":"post","2":"type-post","3":"status-publish","4":"format-standard","5":"has-post-thumbnail","7":"category-rubriker","8":"tag-breaking-news","9":"tag-breakingnews","10":"tag-featured-news","11":"tag-featurednews","12":"tag-headlines","13":"tag-huvudnyheter","14":"tag-latest-news","15":"tag-latestnews","16":"tag-location-colombia","17":"tag-main-news","18":"tag-mainnews","19":"tag-news","20":"tag-nyheter","21":"tag-person-donald-trump","22":"tag-rubriker","23":"tag-se","24":"tag-sections-varlden","25":"tag-svenska","26":"tag-sverige","27":"tag-sweden","28":"tag-swedish","29":"tag-top-stories","30":"tag-topstories"},"share_on_mastodon":{"url":"https:\/\/pubeurope.com\/@se\/115841673647826535","error":""},"_links":{"self":[{"href":"https:\/\/www.europesays.com\/se\/wp-json\/wp\/v2\/posts\/126096","targetHints":{"allow":["GET"]}}],"collection":[{"href":"https:\/\/www.europesays.com\/se\/wp-json\/wp\/v2\/posts"}],"about":[{"href":"https:\/\/www.europesays.com\/se\/wp-json\/wp\/v2\/types\/post"}],"author":[{"embeddable":true,"href":"https:\/\/www.europesays.com\/se\/wp-json\/wp\/v2\/users\/2"}],"replies":[{"embeddable":true,"href":"https:\/\/www.europesays.com\/se\/wp-json\/wp\/v2\/comments?post=126096"}],"version-history":[{"count":0,"href":"https:\/\/www.europesays.com\/se\/wp-json\/wp\/v2\/posts\/126096\/revisions"}],"wp:featuredmedia":[{"embeddable":true,"href":"https:\/\/www.europesays.com\/se\/wp-json\/wp\/v2\/media\/126097"}],"wp:attachment":[{"href":"https:\/\/www.europesays.com\/se\/wp-json\/wp\/v2\/media?parent=126096"}],"wp:term":[{"taxonomy":"category","embeddable":true,"href":"https:\/\/www.europesays.com\/se\/wp-json\/wp\/v2\/categories?post=126096"},{"taxonomy":"post_tag","embeddable":true,"href":"https:\/\/www.europesays.com\/se\/wp-json\/wp\/v2\/tags?post=126096"}],"curies":[{"name":"wp","href":"https:\/\/api.w.org\/{rel}","templated":true}]}}