{"id":126104,"date":"2026-01-05T09:06:10","date_gmt":"2026-01-05T09:06:10","guid":{"rendered":"https:\/\/www.europesays.com\/se\/126104\/"},"modified":"2026-01-05T09:06:10","modified_gmt":"2026-01-05T09:06:10","slug":"adrian-4-gick-in-i-glasdorr-i-thailand-fick-sy-239-stygn","status":"publish","type":"post","link":"https:\/\/www.europesays.com\/se\/126104\/","title":{"rendered":"Adrian, 4, gick in i glasd\u00f6rr i Thailand \u2013 fick sy 239 stygn"},"content":{"rendered":"<p><a data-test-tag=\"internal-link\" href=\"https:\/\/www.aftonbladet.se\/av\/linnea-blomberg\" class=\"hyperion-css-13ns1rr\" rel=\"nofollow noopener\" target=\"\" aria-label=\"Se alla artiklar av Linnea Blomberg\"><img decoding=\"async\" class=\"image-asset hyperion-css-n6kkq1\" data-test-tag=\"image-asset\" src=\"https:\/\/www.europesays.com\/se\/wp-content\/uploads\/2026\/01\/1767603969_341_c725184e-7c1f-47a7-987b-d3dd09655877.png\"  alt=\"\"  loading=\"lazy\" fetchpriority=\"auto\" style=\"aspect-ratio:1900 \/ 1900\"\/><\/a>share-arrowDela<\/p>\n<p>unsaveSpara<\/p>\n<p>expand-left<\/p>\n<p>helsk\u00e4rm<img decoding=\"async\" class=\"image-asset hyperion-css-u06ts1\" data-test-tag=\"image-asset\" src=\"https:\/\/www.europesays.com\/se\/wp-content\/uploads\/2026\/01\/3f4b626a-69a8-4a9f-bd0b-f278c788a359.jpeg\"  alt=\"Adrian och mamma Sarah. Efter olyckan har flera g\u00e4ster p\u00e5 hotellet satt upp lappar p\u00e5 glasd\u00f6rrarna f\u00f6r att de ska bli mer synliga. \"  loading=\"eager\" fetchpriority=\"high\" style=\"aspect-ratio:1200 \/ 1600\"\/>Adrian och mamma Sarah. Efter olyckan har flera g\u00e4ster p\u00e5 hotellet satt upp lappar p\u00e5 glasd\u00f6rrarna f\u00f6r att de ska bli mer synliga.<\/p>\n<p class=\"hyperion-css-1shl3oz\" data-test-tag=\"lead-text\">Adrian, 4, hade sett fram emot Thailandsresan i ett \u00e5r. <\/p>\n<p class=\"hyperion-css-1shl3oz\" data-test-tag=\"lead-text\">Men efter en olycka p\u00e5 hotellet fick han \u00e5ka ambulans till sjukhus och sy 239 stygn. <\/p>\n<p class=\"hyperion-css-1shl3oz\" data-test-tag=\"lead-text\">\u2013 Det var oerh\u00f6rt traumatiskt f\u00f6r hela familjen, s\u00e4ger hans mamma Sarah. <\/p>\n<ul class=\"hyperion-css-e9gx76\" data-test-tag=\"list\">\n<li class=\"hyperion-css-1d843yr\">Fyra\u00e5rige Adrian skadades allvarligt n\u00e4r han gick igenom en glasd\u00f6rr p\u00e5 hotellet under familjens semester i Thailand och fick sy 239 stygn.<\/li>\n<li class=\"hyperion-css-1d843yr\">Familjen fick hj\u00e4lp av en narkossk\u00f6terska och en brandman som r\u00e5kade befinna sig p\u00e5 hotellet, vilket bidrog till att Adrian kunde f\u00e5 akut v\u00e5rd.<\/li>\n<li class=\"hyperion-css-1d843yr\">Efter olyckan kritiserar mamma Sarah hotellets s\u00e4kerhet, och andra g\u00e4ster har satt upp markeringar p\u00e5 glasd\u00f6rrarna f\u00f6r att undvika liknande olyckor.<\/li>\n<\/ul>\n<p>L\u00e4s mer<\/p>\n<p class=\"hyperion-css-1v9qo5x\">Familjesemestern i <a data-test-tag=\"internal-link\" href=\"https:\/\/www.aftonbladet.se\/tagg\/thailand\" class=\"hyperion-css-15jkft9\" rel=\"nofollow noopener\" target=\"\" aria-label=\"Thailand\">Thailand<\/a> skulle bli n\u00e5got alldeles extra \u2013 jul, ny\u00e5r och en fem\u00e5rsdag i v\u00e4rmen.<\/p>\n<p class=\"hyperion-css-1v9qo5x\">Men i\u00a0st\u00e4llet blev det n\u00e5got helt annat f\u00f6r fyra\u00e5rige Adrian och hans familj, efter att han skadades i en olycka p\u00e5 hotellet d\u00e4r de bor p\u00e5 <a data-test-tag=\"internal-link\" href=\"https:\/\/www.aftonbladet.se\/tagg\/koh-lanta\" class=\"hyperion-css-15jkft9\" rel=\"nofollow noopener\" target=\"\" aria-label=\"Koh Lanta\">Koh Lanta<\/a>.<\/p>\n<p>expand-left<\/p>\n<p>helsk\u00e4rm<img decoding=\"async\" class=\"image-asset hyperion-css-u06ts1\" data-test-tag=\"image-asset\" src=\"https:\/\/www.europesays.com\/se\/wp-content\/uploads\/2026\/01\/c78ba167-971b-40a1-bd55-4622f0ef5e9e.jpeg\"  alt=\"Adrian opererades i drygt fyra timmar. \"  loading=\"eager\" fetchpriority=\"high\" style=\"aspect-ratio:1200 \/ 1278\"\/>Adrian opererades i drygt fyra timmar. Foto: Privat<\/p>\n<p class=\"hyperion-css-1v9qo5x\">Det var den 21 december, bara tv\u00e5 dagar efter att familjen anl\u00e4nt till Thailand och hotellet som olyckan var framme.<\/p>\n<p class=\"hyperion-css-1v9qo5x\">\u2013 Vi hade precis \u00e4tit lunch p\u00e5 stranden och kommit tillbaka till hotellet. Adrian beh\u00f6vde g\u00e5 p\u00e5 toaletten och skulle g\u00e5 in i bungalow d\u00e4r hans morbror ocks\u00e5 var, s\u00e4ger mamma Sarah Hedstr\u00f6m. <\/p>\n<p>expand-left<\/p>\n<p>helsk\u00e4rm<img decoding=\"async\" class=\"image-asset hyperion-css-u06ts1\" data-test-tag=\"image-asset\" src=\"https:\/\/www.europesays.com\/se\/wp-content\/uploads\/2026\/01\/c30cda10-3075-4f58-a2b5-6d5bc7540ffd.jpeg\"  alt=\"Adrian och hans storbror. Olyckan skedde kort efter att semestern inletts. \"  loading=\"eager\" fetchpriority=\"high\" style=\"aspect-ratio:1200 \/ 1600\"\/>Adrian och hans storbror. Olyckan skedde kort efter att semestern inletts. Foto: Privat<\/p>\n<p class=\"hyperion-css-1v9qo5x\">Men n\u00e4r Adrian skulle g\u00e5 in missade han att glasd\u00f6rren var st\u00e4ngd och gick rakt genom rutan. <\/p>\n<p class=\"hyperion-css-1v9qo5x\">\u2013 Det tog bara n\u00e5gra sekunder. Jag h\u00f6rde ett kras och sedan b\u00f6rjade han skrika, s\u00e4ger Sarah. <\/p>\n<p class=\"hyperion-css-1v9qo5x\">Adrian fick flera sk\u00e4rskador och Sarah b\u00f6rjade ropa efter hj\u00e4lp och att n\u00e5gon skulle ringa ambulans.<\/p>\n<p class=\"hyperion-css-1v9qo5x\">Av en slump befann sig b\u00e5de en narkossk\u00f6terska fr\u00e5n Stockholm och en brandman fr\u00e5n Danmark p\u00e5 hotellet. De kom b\u00e5da springandes och kunde hj\u00e4lpa till tills ambulansen kom.<\/p>\n<p>expand-left<\/p>\n<p>helsk\u00e4rm<img decoding=\"async\" class=\"image-asset hyperion-css-u06ts1\" data-test-tag=\"image-asset\" src=\"https:\/\/www.europesays.com\/se\/wp-content\/uploads\/2026\/01\/d7ae130f-714b-45a2-a146-bed94992fea0.jpeg\"  alt=\"Adrian fick sy 239 stygn.\"  loading=\"eager\" fetchpriority=\"high\" style=\"aspect-ratio:900 \/ 1600\"\/>Adrian fick sy 239 stygn. Foto: PrivatFick sy 239 stygn<\/p>\n<p class=\"hyperion-css-1v9qo5x\">Adrian och Sarah togs f\u00f6rst till en klinik d\u00e4r de st\u00f6rsta s\u00e5ren syddes provisoriskt. D\u00e4refter transporterades de vidare till ett st\u00f6rre sjukhus i Trang, d\u00e4r han opererades i omkring fyra timmar.<\/p>\n<p class=\"hyperion-css-1v9qo5x\">\u2013 Det slutade med 239 stygn. Det \u00e4r fortfarande sv\u00e5rt att ta in, s\u00e4ger Sarah. <\/p>\n<p class=\"hyperion-css-1v9qo5x\">Efter flera dagar p\u00e5 sjukhus \u00e4r familjen nu tillbaka p\u00e5 hotellet, d\u00e4r semestern forts\u00e4tter under helt andra f\u00f6ruts\u00e4ttningar.<\/p>\n<p class=\"hyperion-css-1v9qo5x\">\u2013 Han klarar inte v\u00e4rmen s\u00e5 bra just nu, s\u00e5 vi m\u00e5ste vara mycket p\u00e5 rummet med AC. S\u00e5ren kliar och han \u00e4r svullen. Det \u00e4r vila som g\u00e4ller.<\/p>\n<p>expand-left<\/p>\n<p>helsk\u00e4rm<img decoding=\"async\" class=\"image-asset hyperion-css-u06ts1\" data-test-tag=\"image-asset\" src=\"https:\/\/www.europesays.com\/se\/wp-content\/uploads\/2026\/01\/69d6fcca-5de2-41c7-9aef-36d3eeb8642e.jpeg\"  alt=\"\"  loading=\"eager\" fetchpriority=\"high\" style=\"aspect-ratio:1200 \/ 1600\"\/> Foto: Privat\u201dHelt vanlig glasd\u00f6rr\u201d<\/p>\n<p class=\"hyperion-css-1v9qo5x\">S\u00e5ren kontrolleras l\u00f6pande i samr\u00e5d med l\u00e4kare. Adrian har ont och orkar inte delta i aktiviteter med sin storebror och kusiner.<\/p>\n<p class=\"hyperion-css-1v9qo5x\">\u2013 Han ligger mest i s\u00e4ngen och tittar p\u00e5 sin iPad nu, s\u00e4ger Sarah. <\/p>\n<p class=\"hyperion-css-1v9qo5x\">Hon vill uppmana andra resen\u00e4rer att vara extra uppm\u00e4rksamma p\u00e5 s\u00e4kerheten p\u00e5 hotell i Thailand.<\/p>\n<p class=\"hyperion-css-1v9qo5x\">\u2013 Det h\u00e4r var en helt vanlig glasd\u00f6rr. Att ett barn p\u00e5 runt 20 kilo kan g\u00e5 rakt igenom k\u00e4nns inte rimligt.<\/p>\n<p class=\"hyperion-css-1v9qo5x\">Efter olyckan har flera andra g\u00e4ster satt upp papper och liknande p\u00e5 sina glasd\u00f6rrar f\u00f6r att g\u00f6ra dem mer synliga.<\/p>\n<p class=\"hyperion-css-1v9qo5x\">\u2013 Folk \u00e4r r\u00e4dda att det ska h\u00e4nda igen, s\u00e4ger Sarah. <\/p>\n<p class=\"hyperion-css-1v9qo5x\">Familjen planerar att stanna i Thailand till den 10 januari. Adrians fem\u00e5rsdag n\u00e4rmar sig och f\u00f6rhoppningen \u00e4r att han ska kunna fira den.<\/p>\n<p class=\"hyperion-css-1v9qo5x\">\u2013 Vi fick resan i julklapp f\u00f6rra \u00e5ret och Adrian har sett fram emot att fira b\u00e5de jul, ny\u00e5r och sin f\u00f6delsedag h\u00e4r. Han har l\u00e4ngtat i ett helt \u00e5r och ber\u00e4ttat f\u00f6r alla p\u00e5 f\u00f6rskolan, s\u00e4ger Sarah. <\/p>\n<p class=\"hyperion-css-1v9qo5x\">Men just nu \u00e4r fokus vila fram tills att stygnen kan tas bort. <\/p>\n<p class=\"hyperion-css-1v9qo5x\">\u2013 Just nu tar vi en dag i taget och fokuserar p\u00e5 att han ska m\u00e5 b\u00e4ttre.<\/p>\n","protected":false},"excerpt":{"rendered":"share-arrowDela unsaveSpara expand-left helsk\u00e4rmAdrian och mamma Sarah. Efter olyckan har flera g\u00e4ster p\u00e5 hotellet satt upp lappar p\u00e5&hellip;\n","protected":false},"author":2,"featured_media":126105,"comment_status":"","ping_status":"","sticky":false,"template":"","format":"standard","meta":{"footnotes":""},"categories":[12],"tags":[22,23,26,27,17,21,24,25,28,29,15,16,18,34,31,33,32,30,19,20],"class_list":{"0":"post-126104","1":"post","2":"type-post","3":"status-publish","4":"format-standard","5":"has-post-thumbnail","7":"category-sverige","8":"tag-breaking-news","9":"tag-breakingnews","10":"tag-featured-news","11":"tag-featurednews","12":"tag-headlines","13":"tag-huvudnyheter","14":"tag-latest-news","15":"tag-latestnews","16":"tag-main-news","17":"tag-mainnews","18":"tag-news","19":"tag-nyheter","20":"tag-rubriker","21":"tag-se","22":"tag-svenska","23":"tag-sverige","24":"tag-sweden","25":"tag-swedish","26":"tag-top-stories","27":"tag-topstories"},"share_on_mastodon":{"url":"https:\/\/pubeurope.com\/@se\/115841701315530894","error":""},"_links":{"self":[{"href":"https:\/\/www.europesays.com\/se\/wp-json\/wp\/v2\/posts\/126104","targetHints":{"allow":["GET"]}}],"collection":[{"href":"https:\/\/www.europesays.com\/se\/wp-json\/wp\/v2\/posts"}],"about":[{"href":"https:\/\/www.europesays.com\/se\/wp-json\/wp\/v2\/types\/post"}],"author":[{"embeddable":true,"href":"https:\/\/www.europesays.com\/se\/wp-json\/wp\/v2\/users\/2"}],"replies":[{"embeddable":true,"href":"https:\/\/www.europesays.com\/se\/wp-json\/wp\/v2\/comments?post=126104"}],"version-history":[{"count":0,"href":"https:\/\/www.europesays.com\/se\/wp-json\/wp\/v2\/posts\/126104\/revisions"}],"wp:featuredmedia":[{"embeddable":true,"href":"https:\/\/www.europesays.com\/se\/wp-json\/wp\/v2\/media\/126105"}],"wp:attachment":[{"href":"https:\/\/www.europesays.com\/se\/wp-json\/wp\/v2\/media?parent=126104"}],"wp:term":[{"taxonomy":"category","embeddable":true,"href":"https:\/\/www.europesays.com\/se\/wp-json\/wp\/v2\/categories?post=126104"},{"taxonomy":"post_tag","embeddable":true,"href":"https:\/\/www.europesays.com\/se\/wp-json\/wp\/v2\/tags?post=126104"}],"curies":[{"name":"wp","href":"https:\/\/api.w.org\/{rel}","templated":true}]}}