{"id":126114,"date":"2026-01-05T09:14:13","date_gmt":"2026-01-05T09:14:13","guid":{"rendered":"https:\/\/www.europesays.com\/se\/126114\/"},"modified":"2026-01-05T09:14:13","modified_gmt":"2026-01-05T09:14:13","slug":"regeringen-vill-se-ny-filmpolitik-fore-valet-2","status":"publish","type":"post","link":"https:\/\/www.europesays.com\/se\/126114\/","title":{"rendered":"Regeringen vill se ny filmpolitik f\u00f6re valet"},"content":{"rendered":"<p>share-arrowDela<\/p>\n<p>unsaveSpara<\/p>\n<p>expand-left<\/p>\n<p>helsk\u00e4rm<img decoding=\"async\" class=\"image-asset hyperion-css-u06ts1\" data-test-tag=\"image-asset\" src=\"https:\/\/www.europesays.com\/se\/wp-content\/uploads\/2026\/01\/180e4602-9860-488b-9a94-31d422b98306.jpeg\"  alt=\"Parisa Liljestrand. Arkivbild.\"  loading=\"eager\" fetchpriority=\"high\" style=\"aspect-ratio:1900 \/ 1267\"\/>Parisa Liljestrand. Arkivbild. Foto: Christine Olsson\/TT<\/p>\n<p class=\"hyperion-css-1shl3oz\" data-test-tag=\"lead-text\">Regeringen vill driva igenom en ny filmpolitik f\u00f6re valet i september, s\u00e4ger kulturminister Parisa Liljestrand (M) till Sveriges Radios \u201dKulturnytt\u201d.<\/p>\n<p class=\"hyperion-css-1v9qo5x\">I fjol lade den statliga filmutredningen fram f\u00f6rslag som bland annat innebar s\u00e4nkt moms p\u00e5 biobiljetter samt en filmfond som ska st\u00f6tta svensk filmproduktion. Fonden ska bland annat finansieras genom en avgift fr\u00e5n str\u00f6mningsbolag.<\/p>\n<p class=\"hyperion-css-1v9qo5x\">Kulturministern vill dock inte binda sig vid de specifika f\u00f6rslagen.<\/p>\n<p class=\"hyperion-css-1v9qo5x\">\u2013 Generellt kring filmutredningen s\u00e5 \u00e4r det en fr\u00e5ga som jag och regeringen hoppas att vi kommer kunna \u00f6verl\u00e4mna en proposition till riksdagen om innan valet, s\u00e4ger hon till SR.<\/p>\n","protected":false},"excerpt":{"rendered":"share-arrowDela unsaveSpara expand-left helsk\u00e4rmParisa Liljestrand. Arkivbild. Foto: Christine Olsson\/TT Regeringen vill driva igenom en ny filmpolitik f\u00f6re valet&hellip;\n","protected":false},"author":2,"featured_media":126115,"comment_status":"","ping_status":"","sticky":false,"template":"","format":"standard","meta":{"footnotes":""},"categories":[12],"tags":[22,23,26,27,17,21,24,25,28,29,15,16,18,34,31,33,32,30,19,20],"class_list":{"0":"post-126114","1":"post","2":"type-post","3":"status-publish","4":"format-standard","5":"has-post-thumbnail","7":"category-sverige","8":"tag-breaking-news","9":"tag-breakingnews","10":"tag-featured-news","11":"tag-featurednews","12":"tag-headlines","13":"tag-huvudnyheter","14":"tag-latest-news","15":"tag-latestnews","16":"tag-main-news","17":"tag-mainnews","18":"tag-news","19":"tag-nyheter","20":"tag-rubriker","21":"tag-se","22":"tag-svenska","23":"tag-sverige","24":"tag-sweden","25":"tag-swedish","26":"tag-top-stories","27":"tag-topstories"},"share_on_mastodon":{"url":"https:\/\/pubeurope.com\/@se\/115841732672873632","error":""},"_links":{"self":[{"href":"https:\/\/www.europesays.com\/se\/wp-json\/wp\/v2\/posts\/126114","targetHints":{"allow":["GET"]}}],"collection":[{"href":"https:\/\/www.europesays.com\/se\/wp-json\/wp\/v2\/posts"}],"about":[{"href":"https:\/\/www.europesays.com\/se\/wp-json\/wp\/v2\/types\/post"}],"author":[{"embeddable":true,"href":"https:\/\/www.europesays.com\/se\/wp-json\/wp\/v2\/users\/2"}],"replies":[{"embeddable":true,"href":"https:\/\/www.europesays.com\/se\/wp-json\/wp\/v2\/comments?post=126114"}],"version-history":[{"count":0,"href":"https:\/\/www.europesays.com\/se\/wp-json\/wp\/v2\/posts\/126114\/revisions"}],"wp:featuredmedia":[{"embeddable":true,"href":"https:\/\/www.europesays.com\/se\/wp-json\/wp\/v2\/media\/126115"}],"wp:attachment":[{"href":"https:\/\/www.europesays.com\/se\/wp-json\/wp\/v2\/media?parent=126114"}],"wp:term":[{"taxonomy":"category","embeddable":true,"href":"https:\/\/www.europesays.com\/se\/wp-json\/wp\/v2\/categories?post=126114"},{"taxonomy":"post_tag","embeddable":true,"href":"https:\/\/www.europesays.com\/se\/wp-json\/wp\/v2\/tags?post=126114"}],"curies":[{"name":"wp","href":"https:\/\/api.w.org\/{rel}","templated":true}]}}