{"id":126116,"date":"2026-01-05T09:15:08","date_gmt":"2026-01-05T09:15:08","guid":{"rendered":"https:\/\/www.europesays.com\/se\/126116\/"},"modified":"2026-01-05T09:15:08","modified_gmt":"2026-01-05T09:15:08","slug":"fortsatta-protester-i-iran-trump-varnar-regimen","status":"publish","type":"post","link":"https:\/\/www.europesays.com\/se\/126116\/","title":{"rendered":"Fortsatta protester i Iran \u2013 Trump varnar regimen"},"content":{"rendered":"<p>share-arrowDela<\/p>\n<p>unsaveSpara<\/p>\n<p>expand-left<\/p>\n<p>helsk\u00e4rm<img decoding=\"async\" class=\"image-asset hyperion-css-u06ts1\" data-test-tag=\"image-asset\" src=\"https:\/\/www.europesays.com\/se\/wp-content\/uploads\/2026\/01\/54c34aac-518b-4722-9201-bd78ccfe607f.jpeg\"  alt=\"Demonstranter i huvudstaden Teheran f\u00f6rra veckan.\"  loading=\"eager\" fetchpriority=\"high\" style=\"aspect-ratio:1900 \/ 1267\"\/>Demonstranter i huvudstaden Teheran f\u00f6rra veckan. Foto: Fars News Agency Via AP\/TT<\/p>\n<p class=\"hyperion-css-1shl3oz\" data-test-tag=\"lead-text\">Nya sammandrabbningar rapporteras fr\u00e5n Iran, d\u00e4r minst tolv personer d\u00f6dats under den protestv\u00e5g som inleddes f\u00f6rra veckan.<\/p>\n<p class=\"hyperion-css-1shl3oz\" data-test-tag=\"lead-text\">USA:s president Donald Trump riktar \u00e5terigen en skarp varning till regimen i Teheran.<\/p>\n<p class=\"hyperion-css-1v9qo5x\">Demonstrationerna i Iran \u00e4r inne p\u00e5 sin andra vecka, sedan skenande kostnader och s\u00e4nkt levnadsstandard fick butiks\u00e4gare i Teheran att st\u00e4nga sina butiker.<\/p>\n<p class=\"hyperion-css-1v9qo5x\">Protesterna har sedan spridit sig och sammanlagt har minst tolv personer d\u00f6dats, enligt officiell statistik.<\/p>\n<p class=\"hyperion-css-1v9qo5x\">Under natten mot m\u00e5ndagen uppges protester ha \u00e4gt rum i huvudstaden Teheran, i Shiraz i landets s\u00f6dra delar och \u00e4ven i omr\u00e5den i v\u00e4stra Iran, enligt den USA-baserade m\u00e4nniskor\u00e4ttsorganisationen HRANA. Den senaste veckan har 582 personer gripits, uppger organisationen.<\/p>\n<p class=\"hyperion-css-1v9qo5x\">Demonstrationer har \u00e4gt rum i 23 av Irans 31 provinser, enligt en AFP-sammanst\u00e4llning baserad p\u00e5 officiella tillk\u00e4nnagivanden och medierapporter.<\/p>\n<p>\u201dH\u00e5rt drabbade av USA\u201d<\/p>\n<p class=\"hyperion-css-1v9qo5x\">Protesterna \u00e4r de st\u00f6rsta sedan h\u00f6sten 2022, efter 22-\u00e5riga Mahsa Zhina Aminis uppm\u00e4rksammade d\u00f6d i h\u00e4kte sedan hon gripits av moralpolisen.<\/p>\n<p class=\"hyperion-css-1v9qo5x\">USA:s president Donald Trump riktar en skarp varning till Iran.<\/p>\n<p class=\"hyperion-css-1v9qo5x\">\u2013 Vi f\u00f6ljer det mycket noga. Om de b\u00f6rjar d\u00f6da m\u00e4nniskor som de har gjort tidigare tror jag att de kommer att drabbas h\u00e5rt av USA, sade han till reportrar ombord p\u00e5 Air Force One under natten mot m\u00e5ndagen, svensk tid.<\/p>\n<p class=\"hyperion-css-1v9qo5x\">Uttalandet kommer efter att USA under helgen gripit Venezuelas president Nicol\u00e1s Maduro.<\/p>\n<p>Flera d\u00f6da<\/p>\n<p class=\"hyperion-css-1v9qo5x\">Det iranska revolutionsgardet sk\u00f6t mot demonstranter i Malekshahi i provinsen Ilam i v\u00e4stra Iran i l\u00f6rdags. Fyra personer ska ha d\u00f6dats d\u00e4r, enligt Norgebaserade Hengaw.<\/p>\n<p class=\"hyperion-css-1v9qo5x\">M\u00e4nniskor\u00e4ttsgruppen unders\u00f6ker ocks\u00e5 rapporter om ytterligare tv\u00e5 d\u00f6dsfall.<\/p>\n<p class=\"hyperion-css-1v9qo5x\">Iran Human Rights (IHR) \u2013 ocks\u00e5 baserad i Norge \u2013 uppger \u00e4ven de att fyra personer har d\u00f6dats och ett 30-tal har skadats efter att \u201ds\u00e4kerhetsstyrkor angrep protester\u201d i Malekshahi. Begravningar ska ha h\u00e5llits i s\u00f6ndags.<\/p>\n<p class=\"hyperion-css-1v9qo5x\">Enligt iranska medier har en person fr\u00e5n s\u00e4kerhetsstyrkorna d\u00f6dats i sammandrabbningar med \u201dupprorsmakare\u201d som uppges ha f\u00f6rs\u00f6kt storma ett poliskontor. Tv\u00e5 \u201dangripare\u201d ska ha d\u00f6dats, enligt uppgifterna.<\/p>\n","protected":false},"excerpt":{"rendered":"share-arrowDela unsaveSpara expand-left helsk\u00e4rmDemonstranter i huvudstaden Teheran f\u00f6rra veckan. Foto: Fars News Agency Via AP\/TT Nya sammandrabbningar rapporteras&hellip;\n","protected":false},"author":2,"featured_media":126117,"comment_status":"","ping_status":"","sticky":false,"template":"","format":"standard","meta":{"footnotes":""},"categories":[5],"tags":[22,23,26,27,17,21,24,25,28,29,15,16,18,34,31,33,32,30,19,20],"class_list":{"0":"post-126116","1":"post","2":"type-post","3":"status-publish","4":"format-standard","5":"has-post-thumbnail","7":"category-rubriker","8":"tag-breaking-news","9":"tag-breakingnews","10":"tag-featured-news","11":"tag-featurednews","12":"tag-headlines","13":"tag-huvudnyheter","14":"tag-latest-news","15":"tag-latestnews","16":"tag-main-news","17":"tag-mainnews","18":"tag-news","19":"tag-nyheter","20":"tag-rubriker","21":"tag-se","22":"tag-svenska","23":"tag-sverige","24":"tag-sweden","25":"tag-swedish","26":"tag-top-stories","27":"tag-topstories"},"share_on_mastodon":{"url":"https:\/\/pubeurope.com\/@se\/115841736585623890","error":""},"_links":{"self":[{"href":"https:\/\/www.europesays.com\/se\/wp-json\/wp\/v2\/posts\/126116","targetHints":{"allow":["GET"]}}],"collection":[{"href":"https:\/\/www.europesays.com\/se\/wp-json\/wp\/v2\/posts"}],"about":[{"href":"https:\/\/www.europesays.com\/se\/wp-json\/wp\/v2\/types\/post"}],"author":[{"embeddable":true,"href":"https:\/\/www.europesays.com\/se\/wp-json\/wp\/v2\/users\/2"}],"replies":[{"embeddable":true,"href":"https:\/\/www.europesays.com\/se\/wp-json\/wp\/v2\/comments?post=126116"}],"version-history":[{"count":0,"href":"https:\/\/www.europesays.com\/se\/wp-json\/wp\/v2\/posts\/126116\/revisions"}],"wp:featuredmedia":[{"embeddable":true,"href":"https:\/\/www.europesays.com\/se\/wp-json\/wp\/v2\/media\/126117"}],"wp:attachment":[{"href":"https:\/\/www.europesays.com\/se\/wp-json\/wp\/v2\/media?parent=126116"}],"wp:term":[{"taxonomy":"category","embeddable":true,"href":"https:\/\/www.europesays.com\/se\/wp-json\/wp\/v2\/categories?post=126116"},{"taxonomy":"post_tag","embeddable":true,"href":"https:\/\/www.europesays.com\/se\/wp-json\/wp\/v2\/tags?post=126116"}],"curies":[{"name":"wp","href":"https:\/\/api.w.org\/{rel}","templated":true}]}}