{"id":126124,"date":"2026-01-05T09:21:06","date_gmt":"2026-01-05T09:21:06","guid":{"rendered":"https:\/\/www.europesays.com\/se\/126124\/"},"modified":"2026-01-05T09:21:06","modified_gmt":"2026-01-05T09:21:06","slug":"8-sidor-manga-samlades-i-schweiz","status":"publish","type":"post","link":"https:\/\/www.europesays.com\/se\/126124\/","title":{"rendered":"8 Sidor &#8211; M\u00e5nga samlades i Schweiz"},"content":{"rendered":"<p>M\u00e4nniskor samlades i staden Crans-Montana f\u00f6r att minnas dem som d\u00f6tt. Foto: Antonio Calanni\/AP\/TT<\/p>\n<p>Det har varit<br \/>en stor brand p\u00e5 en bar<br \/>i staden Crans-Montana<br \/>i landet Schweiz.<\/p>\n<p>Branden h\u00e4nde p\u00e5 natten<br \/>mot den 1 januari<br \/>n\u00e4r folk firade ny\u00e5r.<\/p>\n<p>40 m\u00e4nniskor dog i branden.<br \/>De flesta var unga personer<br \/>mellan 16 \u00e5r och 20 \u00e5r.<br \/>Den yngsta som dog var<br \/>bara 14 \u00e5r.<\/p>\n<p>\u00d6ver hundra m\u00e4nniskor<br \/>\u00e4r skadade efter branden.<br \/>En del \u00e4r mycket allvarligt skadade.<\/p>\n<p>M\u00e5nga m\u00e4nniskor i Schweiz<br \/>\u00e4r chockade och ledsna<br \/>\u00f6ver det som h\u00e4nt.<\/p>\n<p>P\u00e5 s\u00f6ndagen samlades<br \/>flera hundra m\u00e4nniskor<br \/>f\u00f6r att minnas dem som d\u00f6tt.<br \/>De t\u00e4nde ljus och<br \/>l\u00e4mnade blommor.<\/p>\n<p>Branden verkar ha b\u00f6rjat<br \/>efter att facklor med eld<br \/>h\u00f6lls f\u00f6r n\u00e4ra taket.<br \/>Branden spred sig sedan<br \/>mycket snabbt.<\/p>\n<p>Nu \u00e4r tv\u00e5 personer<br \/>som \u00e4ger baren<br \/>misst\u00e4nkta f\u00f6r brott.<\/p>\n<p>8 SIDOR\/TT<\/p>\n","protected":false},"excerpt":{"rendered":"M\u00e4nniskor samlades i staden Crans-Montana f\u00f6r att minnas dem som d\u00f6tt. Foto: Antonio Calanni\/AP\/TT Det har variten stor&hellip;\n","protected":false},"author":2,"featured_media":126125,"comment_status":"","ping_status":"","sticky":false,"template":"","format":"standard","meta":{"footnotes":""},"categories":[14],"tags":[22,23,26,27,17,21,24,25,28,29,15,16,18,34,31,33,32,30,19,20,51,52,53,54],"class_list":{"0":"post-126124","1":"post","2":"type-post","3":"status-publish","4":"format-standard","5":"has-post-thumbnail","7":"category-varlden","8":"tag-breaking-news","9":"tag-breakingnews","10":"tag-featured-news","11":"tag-featurednews","12":"tag-headlines","13":"tag-huvudnyheter","14":"tag-latest-news","15":"tag-latestnews","16":"tag-main-news","17":"tag-mainnews","18":"tag-news","19":"tag-nyheter","20":"tag-rubriker","21":"tag-se","22":"tag-svenska","23":"tag-sverige","24":"tag-sweden","25":"tag-swedish","26":"tag-top-stories","27":"tag-topstories","28":"tag-varlden","29":"tag-world","30":"tag-world-news","31":"tag-worldnews"},"share_on_mastodon":{"url":"https:\/\/pubeurope.com\/@se\/115841760316635168","error":""},"_links":{"self":[{"href":"https:\/\/www.europesays.com\/se\/wp-json\/wp\/v2\/posts\/126124","targetHints":{"allow":["GET"]}}],"collection":[{"href":"https:\/\/www.europesays.com\/se\/wp-json\/wp\/v2\/posts"}],"about":[{"href":"https:\/\/www.europesays.com\/se\/wp-json\/wp\/v2\/types\/post"}],"author":[{"embeddable":true,"href":"https:\/\/www.europesays.com\/se\/wp-json\/wp\/v2\/users\/2"}],"replies":[{"embeddable":true,"href":"https:\/\/www.europesays.com\/se\/wp-json\/wp\/v2\/comments?post=126124"}],"version-history":[{"count":0,"href":"https:\/\/www.europesays.com\/se\/wp-json\/wp\/v2\/posts\/126124\/revisions"}],"wp:featuredmedia":[{"embeddable":true,"href":"https:\/\/www.europesays.com\/se\/wp-json\/wp\/v2\/media\/126125"}],"wp:attachment":[{"href":"https:\/\/www.europesays.com\/se\/wp-json\/wp\/v2\/media?parent=126124"}],"wp:term":[{"taxonomy":"category","embeddable":true,"href":"https:\/\/www.europesays.com\/se\/wp-json\/wp\/v2\/categories?post=126124"},{"taxonomy":"post_tag","embeddable":true,"href":"https:\/\/www.europesays.com\/se\/wp-json\/wp\/v2\/tags?post=126124"}],"curies":[{"name":"wp","href":"https:\/\/api.w.org\/{rel}","templated":true}]}}