{"id":126135,"date":"2026-01-05T09:29:14","date_gmt":"2026-01-05T09:29:14","guid":{"rendered":"https:\/\/www.europesays.com\/se\/126135\/"},"modified":"2026-01-05T09:29:14","modified_gmt":"2026-01-05T09:29:14","slug":"snokaos-ger-bagagekaos-pa-arlanda-det-ar-kaos","status":"publish","type":"post","link":"https:\/\/www.europesays.com\/se\/126135\/","title":{"rendered":"Sn\u00f6kaos ger bagagekaos p\u00e5 Arlanda: \u201dDet \u00e4r kaos\u201d"},"content":{"rendered":"<p>Det \u00e4r st\u00f6kigt p\u00e5 Arlanda flygplats, rapporterar Aftonbladet och Expressen. Resen\u00e4rer tvingas v\u00e4nta i timmar p\u00e5 sitt bagage p\u00e5 grund av sn\u00f6ov\u00e4dret Anna. F\u00f6r Elisabeth Pousette, som skulle resa till Marrakesh, st\u00e4lldes planet in eftersom fel v\u00e4skor hade packats ombord.<\/p>\n<p>\u2013 Det \u00e4r totalt kaos h\u00e4r. V\u00e4ldigt m\u00e5nga \u00e4r uppgivna, s\u00e4ger hon till Expressen.<\/p>\n<p>Swedavia uppger att det \u00e4r olika bolag som anlitas f\u00f6r bagagehanteringen. Extra resurser har satts in f\u00f6r att l\u00f6sa situationen.<\/p>\n<p>Omni \u00e4r politiskt obundna och oberoende. Vi str\u00e4var efter att ge fler perspektiv p\u00e5 nyheterna. Har du fr\u00e5gor eller synpunkter kring v\u00e5r rapportering? <a href=\"https:\/\/omni.se\/snokaos-ger-bagagekaos-pa-arlanda-det-ar-kaos\/a\/mailto:redaktion@omni.se\" class=\"ArticleActions_contactLink__W2F1M\" rel=\"nofollow noopener\" target=\"_blank\">Kontakta redaktionen<\/a><\/p>\n","protected":false},"excerpt":{"rendered":"Det \u00e4r st\u00f6kigt p\u00e5 Arlanda flygplats, rapporterar Aftonbladet och Expressen. Resen\u00e4rer tvingas v\u00e4nta i timmar p\u00e5 sitt bagage&hellip;\n","protected":false},"author":2,"featured_media":126136,"comment_status":"","ping_status":"","sticky":false,"template":"","format":"standard","meta":{"footnotes":""},"categories":[14],"tags":[1369,22,23,26,27,17,21,24,25,28,29,15,16,18,34,127,31,33,2898,32,30,19,20,693,51,52,53,54],"class_list":{"0":"post-126135","1":"post","2":"type-post","3":"status-publish","4":"format-standard","5":"has-post-thumbnail","7":"category-varlden","8":"tag-arlanda","9":"tag-breaking-news","10":"tag-breakingnews","11":"tag-featured-news","12":"tag-featurednews","13":"tag-headlines","14":"tag-huvudnyheter","15":"tag-latest-news","16":"tag-latestnews","17":"tag-main-news","18":"tag-mainnews","19":"tag-news","20":"tag-nyheter","21":"tag-rubriker","22":"tag-se","23":"tag-stockholms-lan","24":"tag-svenska","25":"tag-sverige","26":"tag-swedavia","27":"tag-sweden","28":"tag-swedish","29":"tag-top-stories","30":"tag-topstories","31":"tag-vader","32":"tag-varlden","33":"tag-world","34":"tag-world-news","35":"tag-worldnews"},"share_on_mastodon":{"url":"https:\/\/pubeurope.com\/@se\/115841791653806752","error":""},"_links":{"self":[{"href":"https:\/\/www.europesays.com\/se\/wp-json\/wp\/v2\/posts\/126135","targetHints":{"allow":["GET"]}}],"collection":[{"href":"https:\/\/www.europesays.com\/se\/wp-json\/wp\/v2\/posts"}],"about":[{"href":"https:\/\/www.europesays.com\/se\/wp-json\/wp\/v2\/types\/post"}],"author":[{"embeddable":true,"href":"https:\/\/www.europesays.com\/se\/wp-json\/wp\/v2\/users\/2"}],"replies":[{"embeddable":true,"href":"https:\/\/www.europesays.com\/se\/wp-json\/wp\/v2\/comments?post=126135"}],"version-history":[{"count":0,"href":"https:\/\/www.europesays.com\/se\/wp-json\/wp\/v2\/posts\/126135\/revisions"}],"wp:featuredmedia":[{"embeddable":true,"href":"https:\/\/www.europesays.com\/se\/wp-json\/wp\/v2\/media\/126136"}],"wp:attachment":[{"href":"https:\/\/www.europesays.com\/se\/wp-json\/wp\/v2\/media?parent=126135"}],"wp:term":[{"taxonomy":"category","embeddable":true,"href":"https:\/\/www.europesays.com\/se\/wp-json\/wp\/v2\/categories?post=126135"},{"taxonomy":"post_tag","embeddable":true,"href":"https:\/\/www.europesays.com\/se\/wp-json\/wp\/v2\/tags?post=126135"}],"curies":[{"name":"wp","href":"https:\/\/api.w.org\/{rel}","templated":true}]}}