{"id":12614,"date":"2025-08-24T16:19:07","date_gmt":"2025-08-24T16:19:07","guid":{"rendered":"https:\/\/www.europesays.com\/se\/12614\/"},"modified":"2025-08-24T16:19:07","modified_gmt":"2025-08-24T16:19:07","slug":"henrik-borg-programleder-paradise-hotel-eftersnacket","status":"publish","type":"post","link":"https:\/\/www.europesays.com\/se\/12614\/","title":{"rendered":"Henrik Borg programleder Paradise hotel: eftersnacket"},"content":{"rendered":"<p>Publicerad 24 aug 2025 kl 18.00<\/p>\n<p>Realityprofilen och influencern Henrik Borg ska programleda eftersnacket till \u201dParadise hotel\u201d p\u00e5 Viaplay.\u00a0<\/p>\n<p>\u2013 Jag m\u00e5r bra i konflikt. Jag tycker det \u00e4r kul n\u00e4r folk tjafsar, s\u00e4ger han till Expressen.<\/p>\n<p><img loading=\"lazy\"   alt=\"\"\/><\/p>\n<p>Henrik Borg blir programledare f\u00f6r eftersnacket.<\/p>\n<p>Foto: Jonas Ekstr\u00f6mer\/TT \/ TT NYHETSBYR\u00c5N \/ JONAS EKSTR\u00d6MER<\/p>\n<p>\u00d6ppna bild i helsk\u00e4rm<img loading=\"lazy\"   alt=\"\"\/><\/p>\n<p>\u201dJag hoppas p\u00e5 mycket br\u00e5k\u201d s\u00e4ger Henrik Borg.<\/p>\n<p>Foto: Viaplay Sverige<\/p>\n<p>\u00d6ppna bild i helsk\u00e4rm<img loading=\"lazy\"   alt=\"\"\/><\/p>\n<p>Rebecca Stella.<\/p>\n<p>Foto: Anders Wiklund\/TT \/ TT NYHETSBYR\u00c5N<\/p>\n<p>\u00d6ppna bild i helsk\u00e4rm<img loading=\"lazy\"   alt=\"\"\/>\u00d6ppna bild i helsk\u00e4rm<\/p>\n<p>I programmet som ska s\u00e4ndas p\u00e5 torsdagar ska deltagarna prata om det som har h\u00e4nt. Det kan uppst\u00e5 riktigt hetsiga diskussioner.\u00a0<\/p>\n<p>\u2013 Jag hoppas det blir mycket br\u00e5k. Jag vet att svenskar generellt har en tendens att vara lite konfliktr\u00e4dda. Jag \u00e4r inte det, jag m\u00e5r bra i konflikt och tycker det \u00e4r kul n\u00e4r folk tjafsar, s\u00e4ger Henrik Borg.\u00a0<\/p>\n<p>Tjafs \u00e4r dock inget han sysslar med p\u00e5 hemmaplan.\u00a0<\/p>\n<p>\u2013 D\u00e4r tjafsar jag aldrig, seri\u00f6st. Men i tv tycker jag det \u00e4r j\u00e4vligt kul att det h\u00e4nder grejer. Det kan inte bara vara solsken och blommor.<\/p>\n<p>Henrik Borg beskriver sig som en \u201doseri\u00f6s person\u201d och att tittarna kan f\u00f6rv\u00e4nta sig n\u00e5got lite mer udda.<\/p>\n<p>\u2013 Det blir v\u00e4l lite \u201db\u00e4ng\u201d. Lite mer \u00e5t Filip och Fredrik-h\u00e5llet \u00e4n Skavlan.\u00a0<\/p>\n<p>\u2013 Jag vet inte vad Viaplay har t\u00e4nkt, jag kan ju knappt prata svenska, sk\u00e4mtar han om nya jobbet.<\/p>\n<p>Egna tiden i reality-tv: \u201dHemskt\u201d<\/p>\n<p>Han har sj\u00e4lv en bakgrund i reality-tv i hemlandet Norges variant av \u201dEx on the beach\u201d och har ingen l\u00e4ngtan tillbaka till den v\u00e4rlden som deltagare.<\/p>\n<p>\u2013 Nej f\u00f6r fan. Egentligen skulle jag inte varit med i reality \u00f6verhuvudtaget. Jag fick hoppa av en litteraturvetenskapskurs f\u00f6r att vara med i \u201dEx on the beach\u201d. Det var hemskt, jag hade panik n\u00e4r jag kom in i programmet. Men det gick ju bra.\u00a0<\/p>\n<p>\u201dParadise hotel\u201d har premi\u00e4r den 25 augusti och \u201dEftersnacket\u201d den 28 augusti p\u00e5 Viaplay.<\/p>\n","protected":false},"excerpt":{"rendered":"Publicerad 24 aug 2025 kl 18.00 Realityprofilen och influencern Henrik Borg ska programleda eftersnacket till \u201dParadise hotel\u201d p\u00e5&hellip;\n","protected":false},"author":2,"featured_media":12615,"comment_status":"","ping_status":"","sticky":false,"template":"","format":"standard","meta":{"footnotes":""},"categories":[67],"tags":[104,440,34,31,33,32,30,105],"class_list":{"0":"post-12614","1":"post","2":"type-post","3":"status-publish","4":"format-standard","5":"has-post-thumbnail","7":"category-underhallning","8":"tag-entertainment","9":"tag-function-unga","10":"tag-se","11":"tag-svenska","12":"tag-sverige","13":"tag-sweden","14":"tag-swedish","15":"tag-underhallning"},"share_on_mastodon":{"url":"","error":""},"_links":{"self":[{"href":"https:\/\/www.europesays.com\/se\/wp-json\/wp\/v2\/posts\/12614","targetHints":{"allow":["GET"]}}],"collection":[{"href":"https:\/\/www.europesays.com\/se\/wp-json\/wp\/v2\/posts"}],"about":[{"href":"https:\/\/www.europesays.com\/se\/wp-json\/wp\/v2\/types\/post"}],"author":[{"embeddable":true,"href":"https:\/\/www.europesays.com\/se\/wp-json\/wp\/v2\/users\/2"}],"replies":[{"embeddable":true,"href":"https:\/\/www.europesays.com\/se\/wp-json\/wp\/v2\/comments?post=12614"}],"version-history":[{"count":0,"href":"https:\/\/www.europesays.com\/se\/wp-json\/wp\/v2\/posts\/12614\/revisions"}],"wp:featuredmedia":[{"embeddable":true,"href":"https:\/\/www.europesays.com\/se\/wp-json\/wp\/v2\/media\/12615"}],"wp:attachment":[{"href":"https:\/\/www.europesays.com\/se\/wp-json\/wp\/v2\/media?parent=12614"}],"wp:term":[{"taxonomy":"category","embeddable":true,"href":"https:\/\/www.europesays.com\/se\/wp-json\/wp\/v2\/categories?post=12614"},{"taxonomy":"post_tag","embeddable":true,"href":"https:\/\/www.europesays.com\/se\/wp-json\/wp\/v2\/tags?post=12614"}],"curies":[{"name":"wp","href":"https:\/\/api.w.org\/{rel}","templated":true}]}}