{"id":126176,"date":"2026-01-05T10:07:14","date_gmt":"2026-01-05T10:07:14","guid":{"rendered":"https:\/\/www.europesays.com\/se\/126176\/"},"modified":"2026-01-05T10:07:14","modified_gmt":"2026-01-05T10:07:14","slug":"lg-presenterar-nya-oled-tv-apparater-pa-ces-med-stora-lyft-i-ljusstyrka","status":"publish","type":"post","link":"https:\/\/www.europesays.com\/se\/126176\/","title":{"rendered":"LG presenterar nya OLED-TV-apparater p\u00e5 CES \u2013 med stora lyft i ljusstyrka"},"content":{"rendered":"<ul id=\"b681e7d4-dfcb-4666-82ed-0df4959b3602\">\n<li><strong>LG presenterade OLED G6 p\u00e5 CES, med 20 % h\u00f6gre ljusstyrka, kraftigt f\u00f6rb\u00e4ttrat antireflexfilter och v\u00e4rldens f\u00f6rsta TV med 120 Hz f\u00f6r molnbaserad gaming<\/strong><\/li>\n<li><strong>LG C6 presenterades i tv\u00e5 versioner, LG C6 och LG C6H, d\u00e4r C6H f\u00e5r n\u00e4sta generations panel<\/strong><\/li>\n<li><strong>LG W6 \u201dWallpaper\u201d-TV \u00e4r i grunden en G6, men med tr\u00e5dl\u00f6s anslutningsbox och en tjocklek p\u00e5 endast 9,9 mm<\/strong><\/li>\n<li><strong>LG presenterade \u00e4ven nya QNED mini-LED-TV-apparater med sk\u00e4rmstorlekar upp till 115 tum samt en Gallery art-TV som levereras med ram<\/strong><\/li>\n<\/ul>\n<p id=\"cb6b57b8-3307-47f8-870f-618acaa9a2a9\" class=\"paywall\" aria-hidden=\"true\"><a data-analytics-id=\"inline-link\" href=\"https:\/\/global.techradar.com\/sv-se\/tag\/lg\" data-auto-tag-linker=\"true\" data-url=\"https:\/\/global.techradar.com\/sv-se\/tag\/lg\" data-hl-processed=\"none\" data-mrf-recirculation=\"inline-link\" data-before-rewrite-localise=\"https:\/\/global.techradar.com\/sv-se\/tag\/lg\" rel=\"nofollow noopener\" target=\"_blank\">LG<\/a> har officiellt presenterat sina nya <a data-analytics-id=\"inline-link\" href=\"https:\/\/global.techradar.com\/sv-se\/tag\/oled\" data-auto-tag-linker=\"true\" data-url=\"https:\/\/global.techradar.com\/sv-se\/tag\/oled\" data-hl-processed=\"none\" data-mrf-recirculation=\"inline-link\" data-before-rewrite-localise=\"https:\/\/global.techradar.com\/sv-se\/tag\/oled\" rel=\"nofollow noopener\" target=\"_blank\">OLED<\/a>-TV-apparater p\u00e5 CES 2026, d\u00e4r flaggskeppet OLED evo G6 st\u00e5r i centrum. Den nya modellen blir b\u00e5de ljusstarkare och mindre reflekterande \u00e4n fjol\u00e5rets <a data-analytics-id=\"inline-link\" href=\"https:\/\/global.techradar.com\/sv-se\/televisions\/lg-g5-recension-en-ny-varld-av-ljusstyrka-for-oled-tv\" target=\"_blank\" data-url=\"https:\/\/global.techradar.com\/sv-se\/televisions\/lg-g5-recension-en-ny-varld-av-ljusstyrka-for-oled-tv\" data-hl-processed=\"none\" data-mrf-recirculation=\"inline-link\" data-before-rewrite-localise=\"https:\/\/global.techradar.com\/sv-se\/televisions\/lg-g5-recension-en-ny-varld-av-ljusstyrka-for-oled-tv\" rel=\"nofollow noopener\">LG G5,<\/a> och blir dessutom v\u00e4rldens f\u00f6rsta TV med inbyggt st\u00f6d f\u00f6r 120 Hz molnbaserat spelande samt Bluetooth-handkontroller med extremt l\u00e5g latens.<\/p>\n<p>OLED evo G6 anv\u00e4nder LG:s nya Primary RGB Tandem 2.0-panel, som \u00e4r en vidareutveckling av Primary RGB Tandem-panelen i LG G5, en av fjol\u00e5rets <a data-analytics-id=\"inline-link\" href=\"https:\/\/global.techradar.com\/sv-se\/best\/test-basta-tv\" target=\"_blank\" data-url=\"https:\/\/global.techradar.com\/sv-se\/best\/test-basta-tv\" data-hl-processed=\"none\" data-mrf-recirculation=\"inline-link\" data-before-rewrite-localise=\"https:\/\/global.techradar.com\/sv-se\/best\/test-basta-tv\" rel=\"nofollow noopener\">b\u00e4sta TV-apparater<\/a>. Den nya panelen introducerar Hyper Radiant Color-teknik, som enligt LG inte bara \u00f6kar ljusstyrkan utan \u00e4ven f\u00f6rb\u00e4ttrar f\u00e4rg\u00e5tergivning och kontrast.<\/p>\n<p class=\"vanilla-image-block\" style=\"padding-top:56.25%;\">\n<p><img decoding=\"async\" src=\"https:\/\/www.europesays.com\/se\/wp-content\/uploads\/2026\/01\/rPUpASkYqEcTRydFzTXXTA.jpg\" alt=\"LG G6 TV at CES 2026\"   loading=\"lazy\" data-new-v2-image=\"true\" data-original-mos=\"https:\/\/www.europesays.com\/se\/wp-content\/uploads\/2026\/01\/rPUpASkYqEcTRydFzTXXTA.jpg\" data-pin-media=\"https:\/\/www.europesays.com\/se\/wp-content\/uploads\/2026\/01\/rPUpASkYqEcTRydFzTXXTA.jpg\" class=\"inline\"\/>\n<\/p>\n<p>(Image credit: Future)<\/p>\n<p id=\"f96e791b-5c72-4f6c-ba7c-dca05441ba4f\">Enligt LG:s specifikationer f\u00e5r G6 funktionen Brightness Booster Ultra, vilket inneb\u00e4r upp till 20 procent h\u00f6gre ljusstyrka j\u00e4mf\u00f6rt med G5. Dessutom anv\u00e4nds Reflection Free Premium-teknik, som ska ge \u201dperfekt sv\u00e4rta\u201d \u00e4ven i ljusa rum, med en sk\u00e4rmreflektion p\u00e5 under 0,5 procent.<\/p>\n<p>Du kanske gillar<\/p>\n<p><a id=\"elk-seasonal\" class=\"paywall\" aria-hidden=\"true\" data-url=\"\" href=\"\" target=\"_blank\" referrerpolicy=\"no-referrer-when-downgrade\" data-hl-processed=\"none\"\/><\/p>\n<p id=\"f96e791b-5c72-4f6c-ba7c-dca05441ba4f-1\">Den f\u00f6rb\u00e4ttrade antireflexbehandlingen \u00e4r ett tydligt steg fram\u00e5t. Vi har sett den i verkligheten och skillnaden j\u00e4mf\u00f6rt med G5 \u00e4r mycket m\u00e4rkbar.<\/p>\n<p>F\u00f6r ljusa rum introduceras \u00e4ven Ambient Filmmaker Mode, som anv\u00e4nder en inbyggd sensor f\u00f6r att automatiskt anpassa bilden efter rummets ljusf\u00f6rh\u00e5llanden utan att tumma p\u00e5 bildnoggrannheten.<\/p>\n<p>N\u00e4r det g\u00e4ller spel \u00e4r G6 fullmatad. Den har st\u00f6d f\u00f6r <a data-analytics-id=\"inline-link\" href=\"https:\/\/global.techradar.com\/sv-se\/tag\/nvidia\" data-auto-tag-linker=\"true\" data-url=\"https:\/\/global.techradar.com\/sv-se\/tag\/nvidia\" data-hl-processed=\"none\" data-mrf-recirculation=\"inline-link\" data-before-rewrite-localise=\"https:\/\/global.techradar.com\/sv-se\/tag\/nvidia\" rel=\"nofollow noopener\" target=\"_blank\">Nvidia<\/a> G-Sync, FreeSync Premium Pro och <a data-analytics-id=\"inline-link\" href=\"https:\/\/global.techradar.com\/sv-se\/tag\/4k\" data-auto-tag-linker=\"true\" data-url=\"https:\/\/global.techradar.com\/sv-se\/tag\/4k\" data-hl-processed=\"none\" data-mrf-recirculation=\"inline-link\" data-before-rewrite-localise=\"https:\/\/global.techradar.com\/sv-se\/tag\/4k\" rel=\"nofollow noopener\" target=\"_blank\">4K<\/a> i upp till 165 Hz, samt Motion Booster som m\u00f6jligg\u00f6r spel i 1080p med upp till 330 Hz. Dessutom blir den v\u00e4rldens f\u00f6rsta TV med inbyggt 4K 120 Hz molnspel via GeForce Now, kombinerat med Bluetooth-handkontroller med mycket l\u00e5g latens.<\/p>\n<p><a id=\"elk-21d854e8-02e1-4f52-ae05-a21d7efbd938\" class=\"paywall\" aria-hidden=\"true\" data-url=\"\" href=\"\" target=\"_blank\" referrerpolicy=\"no-referrer-when-downgrade\" data-hl-processed=\"none\"\/>LG C6 delas upp i tv\u00e5 modeller<\/p>\n<p class=\"vanilla-image-block\" style=\"padding-top:56.25%;\">\n<p><img decoding=\"async\" src=\"https:\/\/www.europesays.com\/se\/wp-content\/uploads\/2026\/01\/XCZgMnWJUENQGBzTiZuiCA.jpg\" alt=\"LG C6H TV at CES 2026\"   loading=\"lazy\" data-new-v2-image=\"true\" data-original-mos=\"https:\/\/www.europesays.com\/se\/wp-content\/uploads\/2026\/01\/XCZgMnWJUENQGBzTiZuiCA.jpg\" data-pin-media=\"https:\/\/www.europesays.com\/se\/wp-content\/uploads\/2026\/01\/XCZgMnWJUENQGBzTiZuiCA.jpg\" class=\"inline\"\/>\n<\/p>\n<p>(Image credit: Future)<\/p>\n<p id=\"54e26c26-40f7-4758-8697-b0a03e72691d\">LG presenterade \u00e4ven LG C6, som nu delas upp i tv\u00e5 versioner: LG C6 och LG C6H.<\/p>\n<p class=\"newsletter-form__strapline\">Registrera dig f\u00f6r senaste nyheter, recensioner, \u00e5sikter, toppteknologiska erbjudanden och mer.<\/p>\n<p>LG C6H finns endast i storlekarna 77 och 83 tum, och den stora skillnaden \u00e4r panelen. H\u00e4r anv\u00e4nds Primary RGB Tandem-panelen, samma typ som satt i fjol\u00e5rets flaggskepp LG G5. Det inneb\u00e4r att dessa storlekar ska bli avsev\u00e4rt ljusstarkare \u00e4n <a data-analytics-id=\"inline-link\" href=\"https:\/\/global.techradar.com\/sv-se\/televisions\/vi-har-testat-lg-c5-oled-tv-och-det-ar-en-av-arets-basta-tv-apparater-men-det-finns-en-stor-anledning-att-inte-kopa-den-an\" target=\"_blank\" data-url=\"https:\/\/global.techradar.com\/sv-se\/televisions\/vi-har-testat-lg-c5-oled-tv-och-det-ar-en-av-arets-basta-tv-apparater-men-det-finns-en-stor-anledning-att-inte-kopa-den-an\" data-hl-processed=\"none\" data-mrf-recirculation=\"inline-link\" data-before-rewrite-localise=\"https:\/\/global.techradar.com\/sv-se\/televisions\/vi-har-testat-lg-c5-oled-tv-och-det-ar-en-av-arets-basta-tv-apparater-men-det-finns-en-stor-anledning-att-inte-kopa-den-an\" rel=\"nofollow noopener\">LG C5<\/a>, och enligt LG i praktiken matcha ljusstyrkan hos G5.<\/p>\n<p>Den vanliga LG C6 kommer i storlekarna 42, 48, 55 och 65 tum och anv\u00e4nder samma typ av panel som LG C5, vilket inneb\u00e4r l\u00e4gre ljusstyrka j\u00e4mf\u00f6rt med C6H-varianterna.<\/p>\n<p><a id=\"elk-2b1bdd15-485e-4394-aa82-15b5c05d6ccc\" class=\"paywall\" aria-hidden=\"true\" data-url=\"\" href=\"\" target=\"_blank\" referrerpolicy=\"no-referrer-when-downgrade\" data-hl-processed=\"none\"\/>Wallpaper-TV:n g\u00f6r comeback<\/p>\n<p class=\"vanilla-image-block\" style=\"padding-top:56.25%;\">\n<p><img decoding=\"async\" src=\"https:\/\/www.europesays.com\/se\/wp-content\/uploads\/2026\/01\/uqoM7S9ssFf4cGFRSYPAWA.jpg\" alt=\"LG W6 TV p&amp;aring; CES 2026\"   loading=\"lazy\" data-new-v2-image=\"true\" data-original-mos=\"https:\/\/www.europesays.com\/se\/wp-content\/uploads\/2026\/01\/uqoM7S9ssFf4cGFRSYPAWA.jpg\" data-pin-media=\"https:\/\/www.europesays.com\/se\/wp-content\/uploads\/2026\/01\/uqoM7S9ssFf4cGFRSYPAWA.jpg\" class=\"inline\"\/>\n<\/p>\n<p>(Image credit: Future)<\/p>\n<p id=\"0308224d-f2ad-407f-b279-d77a98203aa7\">LG avsl\u00f6jade \u00e4ven LG W6, f\u00f6retagets nya \u201dWallpaper TV\u201d. Det \u00e4r i praktiken en LG G6 med samma bildpanel och processor, men i ett extremt tunt chassi p\u00e5 bara 9,9 mm. Alla anslutningar hanteras via LG:s tr\u00e5dl\u00f6sa Zero Connect-box, vilket inneb\u00e4r att sj\u00e4lva TV-panelen endast beh\u00f6ver en str\u00f6mkabel.<\/p>\n<p>Du kanske gillar<\/p>\n<p>Designen \u00e4r minst sagt imponerande. I demonstrationsbilder visas W6 i ett ambient-l\u00e4ge som \u00e5terger v\u00e4ggen bakom, vilket g\u00f6r att TV:n sm\u00e4lter in n\u00e4stan helt, f\u00f6rst\u00e4rkt av den minimala tjockleken.<\/p>\n<p>Den nya, mindre Zero Connect-boxen klarar att skicka f\u00f6rlustfri 4K-bild i upp till 165 Hz med <a data-analytics-id=\"inline-link\" href=\"https:\/\/global.techradar.com\/sv-se\/tag\/hdr\" data-auto-tag-linker=\"true\" data-url=\"https:\/\/global.techradar.com\/sv-se\/tag\/hdr\" data-hl-processed=\"none\" data-mrf-recirculation=\"inline-link\" data-before-rewrite-localise=\"https:\/\/global.techradar.com\/sv-se\/tag\/hdr\" rel=\"nofollow noopener\" target=\"_blank\">HDR<\/a>, \u00e4ven om boxen st\u00e5r i ett sk\u00e5p eller saknar fri sikt till TV:n, s\u00e5 l\u00e4nge den befinner sig inom cirka nio meters avst\u00e5nd.<\/p>\n<p>LG presenterade dessutom nya QNED mini-LED-TV-apparater med sk\u00e4rmstorlekar upp till 115 tum samt en Gallery-art-TV som levereras med ram som standard.<\/p>\n<p><a id=\"elk-ba84a535-abfc-4c82-af43-8119ccaf3883\" class=\"paywall\" aria-hidden=\"true\" data-url=\"\" href=\"\" target=\"_blank\" referrerpolicy=\"no-referrer-when-downgrade\" data-hl-processed=\"none\"\/>Mycket AI i fokus<\/p>\n<p id=\"ebcdc60c-d5b7-4be1-ad48-ea56d62c979b\">LG:s nya Alpha 11 AI Processor Gen 3 anv\u00e4nds i b\u00e5de LG G6 och LG C6, och samma processor sitter \u00e4ven i de nya Micro RGB-TV-apparaterna som <a data-analytics-id=\"inline-link\" href=\"https:\/\/www.techradar.com\/televisions\/lg-reveals-micro-rgb-evo-tv-with-bold-claims-of-perfect-color\" target=\"_blank\" data-mrf-recirculation=\"inline-link\" rel=\"nofollow noopener\">LG redan har presenterat<\/a>. Det inneb\u00e4r snabbare navigering i webOS-gr\u00e4nssnittet och en rej\u00e4l upps\u00e4ttning AI-drivna funktioner.<\/p>\n<p>I webOS introduceras ett nytt AI Hub, d\u00e4r funktioner som AI Concierge och AI Search samlas. Dessa anv\u00e4nder Copilot och Gemini f\u00f6r att hj\u00e4lpa anv\u00e4ndaren att hitta inneh\u00e5ll och inst\u00e4llningar snabbare. P\u00e5 bildsidan finns nya AI Genre TruMotion, som automatiskt kan hantera ryckighet beroende p\u00e5 inneh\u00e5llstyp, exempelvis film eller sport. Dessutom optimerar AI Super Upscaling bilden baserat p\u00e5 b\u00e5de genre och scen.<\/p>\n<p>LG:s AI Sound Pro, som introducerades i G5, f\u00f6ljer \u00e4ven med till G6 och ger virtuell 11.1.2-kanals uppmixning av ljud fr\u00e5n film och TV. Precis som i G5 saknas st\u00f6d f\u00f6r DTS-ljudformat \u00e4ven i de nya modellerna.<\/p>\n<p>Sk\u00e4rmstorlekar, priser och tillg\u00e4nglighet f\u00f6r LG:s nya OLED-TV-apparater har \u00e4nnu inte presenterats. LG bekr\u00e4ftade dock att en B6 OLED-modell \u00e4r p\u00e5 v\u00e4g, men mer information om den v\u00e4ntas f\u00f6rst senare under 2026.<\/p>\n<p><a id=\"elk-ad5f0dca-be81-4011-b5a5-48926c088e89\" class=\"paywall\" aria-hidden=\"true\" data-url=\"\" href=\"\" target=\"_blank\" referrerpolicy=\"no-referrer-when-downgrade\" data-hl-processed=\"none\"\/><\/p>\n<p id=\"ca5fd16c-d083-44c7-a979-2d43d6c98c2c\">LG kliver \u00e4ven in ordentligt i segmentet f\u00f6r riktigt stora TV-apparater under 2026. F\u00f6retagets QNED mini-LED-serie kommer att erbjudas i storlekar upp till hela 115 tum. Dessa modeller anv\u00e4nder Alpha 8 AI Processor Gen 3 tillsammans med LG:s Dynamic QNED Color Pro.<\/p>\n<p>Ut\u00f6ver detta presenterade LG sin nya Gallery TV, en konst-TV som levereras med ram och \u00e4r s\u00e4rskilt framtagen f\u00f6r v\u00e4ggmontering. Gallery TV anv\u00e4nder LG:s nya Gallery+-prenumeration, som ger tillg\u00e5ng till upp till 5 000 konstverk och bilder som kan visas p\u00e5 sk\u00e4rmen. Anv\u00e4ndare kan \u00e4ven skapa egna bilder med hj\u00e4lp av Gemini AI-funktionen i webOS.<\/p>\n<p>L\u00e5ngvariga OLED-entusiaster minns s\u00e4kert att G:et i G-serien ursprungligen stod f\u00f6r \u201dGallery\u201d, men den beteckningen verkar nu ha flyttats \u00f6ver till en helt ny produktserie.<\/p>\n<p>LG p\u00e5minde ocks\u00e5 om att f\u00f6retaget redan i december presenterade sin <a data-analytics-id=\"inline-link\" href=\"https:\/\/www.techradar.com\/televisions\/lg-reveals-micro-rgb-evo-tv-with-bold-claims-of-perfect-color\" target=\"_blank\" data-mrf-recirculation=\"inline-link\" rel=\"nofollow noopener\">nya Micro RGB evo-TV-serie<\/a> samt <a data-analytics-id=\"inline-link\" href=\"https:\/\/www.techradar.com\/televisions\/lgs-2026-tvs-and-soundbars-get-the-dolby-atmos-flexconnect-treatment\" target=\"_blank\" data-mrf-recirculation=\"inline-link\" rel=\"nofollow noopener\">Sound Suite Dolby Atmos FlexConnect-h\u00f6gtalare<\/a>, som nu f\u00e5r sin officiella debut p\u00e5 CES 2026.<\/p>\n<p id=\"015e06ca-8bd8-473f-8acd-657be9065dc1\">TechRadar bevakar CES 2026 p\u00e5 plats och rapporterar om alla stora nyheter n\u00e4r de h\u00e4nder. Kolla in v\u00e5r <a data-analytics-id=\"inline-link\" href=\"https:\/\/www.techradar.com\/tag\/ces\" target=\"_blank\" data-mrf-recirculation=\"inline-link\" rel=\"nofollow noopener\">CES 2026-sida<\/a> f\u00f6r de senaste artiklarna och v\u00e5ra f\u00f6rsta intryck av allt fr\u00e5n tr\u00e5dl\u00f6sa TV-apparater och vikbara sk\u00e4rmar till nya telefoner, datorer, smarthem-prylar och det senaste inom AI.<\/p>\n<p>Gl\u00f6m inte att f\u00f6lja oss p\u00e5 <a data-analytics-id=\"inline-link\" href=\"https:\/\/www.tiktok.com\/@techradar\" target=\"_blank\" data-url=\"https:\/\/www.tiktok.com\/@techradar\" referrerpolicy=\"no-referrer-when-downgrade\" data-hl-processed=\"none\" data-mrf-recirculation=\"inline-link\" rel=\"nofollow noopener\">TikTok<\/a> och <a data-analytics-id=\"inline-link\" href=\"https:\/\/www.whatsapp.com\/channel\/0029Va6HybZ9RZAY7pIUK12h\" target=\"_blank\" data-url=\"https:\/\/www.whatsapp.com\/channel\/0029Va6HybZ9RZAY7pIUK12h\" referrerpolicy=\"no-referrer-when-downgrade\" data-hl-processed=\"none\" data-mrf-recirculation=\"inline-link\" rel=\"nofollow noopener\">WhatsApp<\/a> f\u00f6r l\u00f6pande uppdateringar direkt fr\u00e5n m\u00e4ssgolvet.<\/p>\n<p><script async src=\"\/\/www.tiktok.com\/embed.js\"><\/script><\/p>\n","protected":false},"excerpt":{"rendered":"LG presenterade OLED G6 p\u00e5 CES, med 20 % h\u00f6gre ljusstyrka, kraftigt f\u00f6rb\u00e4ttrat antireflexfilter och v\u00e4rldens f\u00f6rsta TV&hellip;\n","protected":false},"author":2,"featured_media":126177,"comment_status":"","ping_status":"","sticky":false,"template":"","format":"standard","meta":{"footnotes":""},"categories":[66],"tags":[80,78,79,34,31,33,32,30,81,84,83,82],"class_list":{"0":"post-126176","1":"post","2":"type-post","3":"status-publish","4":"format-standard","5":"has-post-thumbnail","7":"category-vetenskap-och-teknik","8":"tag-science","9":"tag-science-and-technology","10":"tag-scienceandtechnology","11":"tag-se","12":"tag-svenska","13":"tag-sverige","14":"tag-sweden","15":"tag-swedish","16":"tag-technology","17":"tag-teknik","18":"tag-vetenskap","19":"tag-vetenskapteknik"},"share_on_mastodon":{"url":"https:\/\/pubeurope.com\/@se\/115841941104157159","error":""},"_links":{"self":[{"href":"https:\/\/www.europesays.com\/se\/wp-json\/wp\/v2\/posts\/126176","targetHints":{"allow":["GET"]}}],"collection":[{"href":"https:\/\/www.europesays.com\/se\/wp-json\/wp\/v2\/posts"}],"about":[{"href":"https:\/\/www.europesays.com\/se\/wp-json\/wp\/v2\/types\/post"}],"author":[{"embeddable":true,"href":"https:\/\/www.europesays.com\/se\/wp-json\/wp\/v2\/users\/2"}],"replies":[{"embeddable":true,"href":"https:\/\/www.europesays.com\/se\/wp-json\/wp\/v2\/comments?post=126176"}],"version-history":[{"count":0,"href":"https:\/\/www.europesays.com\/se\/wp-json\/wp\/v2\/posts\/126176\/revisions"}],"wp:featuredmedia":[{"embeddable":true,"href":"https:\/\/www.europesays.com\/se\/wp-json\/wp\/v2\/media\/126177"}],"wp:attachment":[{"href":"https:\/\/www.europesays.com\/se\/wp-json\/wp\/v2\/media?parent=126176"}],"wp:term":[{"taxonomy":"category","embeddable":true,"href":"https:\/\/www.europesays.com\/se\/wp-json\/wp\/v2\/categories?post=126176"},{"taxonomy":"post_tag","embeddable":true,"href":"https:\/\/www.europesays.com\/se\/wp-json\/wp\/v2\/tags?post=126176"}],"curies":[{"name":"wp","href":"https:\/\/api.w.org\/{rel}","templated":true}]}}