{"id":126179,"date":"2026-01-05T10:09:10","date_gmt":"2026-01-05T10:09:10","guid":{"rendered":"https:\/\/www.europesays.com\/se\/126179\/"},"modified":"2026-01-05T10:09:10","modified_gmt":"2026-01-05T10:09:10","slug":"16-av-offren-identifierade-efter-branden","status":"publish","type":"post","link":"https:\/\/www.europesays.com\/se\/126179\/","title":{"rendered":"16 av offren identifierade efter branden"},"content":{"rendered":"<p>Ytterligare 16 personer som dog i branden p\u00e5 baren Le Constellation i schweiziska Crans-Montana har identifierats, enligt den regionala polisen.<\/p>\n<p>Tio av offren \u00e4r schweiziska medborgare. \u00d6vriga sex kommer fr\u00e5n Frankrike, Italien, Rum\u00e4nien och Trukiet. <\/p>\n<p>Under g\u00e5rdagen gick polisen ut med identiteten p\u00e5 de fyra f\u00f6rsta offren. <\/p>\n<p>Minst 40 personer tros ha d\u00f6tt i branden och \u00f6ver hundra skadades. Totalt har 24 av de d\u00f6da identifierats. M\u00e5nga av de som nu v\u00e5rdas p\u00e5 sjukhus uppges ha sv\u00e5ra skador, och d\u00f6dssiffran kan komma att \u00f6ka. <\/p>\n<p>Omni \u00e4r politiskt obundna och oberoende. Vi str\u00e4var efter att ge fler perspektiv p\u00e5 nyheterna. Har du fr\u00e5gor eller synpunkter kring v\u00e5r rapportering? <a href=\"https:\/\/omni.se\/16-av-offren-identifierade-efter-branden-i-crans-montana\/a\/mailto:redaktion@omni.se\" class=\"ArticleActions_contactLink__W2F1M\" rel=\"nofollow noopener\" target=\"_blank\">Kontakta redaktionen<\/a><\/p>\n","protected":false},"excerpt":{"rendered":"Ytterligare 16 personer som dog i branden p\u00e5 baren Le Constellation i schweiziska Crans-Montana har identifierats, enligt den&hellip;\n","protected":false},"author":2,"featured_media":126180,"comment_status":"","ping_status":"","sticky":false,"template":"","format":"standard","meta":{"footnotes":""},"categories":[14],"tags":[22,23,267,26,27,17,21,24,25,28,29,15,16,18,336,34,31,33,32,30,19,20,51,52,53,54],"class_list":{"0":"post-126179","1":"post","2":"type-post","3":"status-publish","4":"format-standard","5":"has-post-thumbnail","7":"category-varlden","8":"tag-breaking-news","9":"tag-breakingnews","10":"tag-europa","11":"tag-featured-news","12":"tag-featurednews","13":"tag-headlines","14":"tag-huvudnyheter","15":"tag-latest-news","16":"tag-latestnews","17":"tag-main-news","18":"tag-mainnews","19":"tag-news","20":"tag-nyheter","21":"tag-rubriker","22":"tag-schweiz","23":"tag-se","24":"tag-svenska","25":"tag-sverige","26":"tag-sweden","27":"tag-swedish","28":"tag-top-stories","29":"tag-topstories","30":"tag-varlden","31":"tag-world","32":"tag-world-news","33":"tag-worldnews"},"share_on_mastodon":{"url":"https:\/\/pubeurope.com\/@se\/115841948951143933","error":""},"_links":{"self":[{"href":"https:\/\/www.europesays.com\/se\/wp-json\/wp\/v2\/posts\/126179","targetHints":{"allow":["GET"]}}],"collection":[{"href":"https:\/\/www.europesays.com\/se\/wp-json\/wp\/v2\/posts"}],"about":[{"href":"https:\/\/www.europesays.com\/se\/wp-json\/wp\/v2\/types\/post"}],"author":[{"embeddable":true,"href":"https:\/\/www.europesays.com\/se\/wp-json\/wp\/v2\/users\/2"}],"replies":[{"embeddable":true,"href":"https:\/\/www.europesays.com\/se\/wp-json\/wp\/v2\/comments?post=126179"}],"version-history":[{"count":0,"href":"https:\/\/www.europesays.com\/se\/wp-json\/wp\/v2\/posts\/126179\/revisions"}],"wp:featuredmedia":[{"embeddable":true,"href":"https:\/\/www.europesays.com\/se\/wp-json\/wp\/v2\/media\/126180"}],"wp:attachment":[{"href":"https:\/\/www.europesays.com\/se\/wp-json\/wp\/v2\/media?parent=126179"}],"wp:term":[{"taxonomy":"category","embeddable":true,"href":"https:\/\/www.europesays.com\/se\/wp-json\/wp\/v2\/categories?post=126179"},{"taxonomy":"post_tag","embeddable":true,"href":"https:\/\/www.europesays.com\/se\/wp-json\/wp\/v2\/tags?post=126179"}],"curies":[{"name":"wp","href":"https:\/\/api.w.org\/{rel}","templated":true}]}}