{"id":126207,"date":"2026-01-05T10:38:12","date_gmt":"2026-01-05T10:38:12","guid":{"rendered":"https:\/\/www.europesays.com\/se\/126207\/"},"modified":"2026-01-05T10:38:12","modified_gmt":"2026-01-05T10:38:12","slug":"nypremiar-pa-nya-teaterscenen-i-vastberga-stor-efterfragan","status":"publish","type":"post","link":"https:\/\/www.europesays.com\/se\/126207\/","title":{"rendered":"Nypremi\u00e4r p\u00e5 nya teaterscenen i V\u00e4stberga: Stor efterfr\u00e5gan"},"content":{"rendered":"<p>  <img width=\"980\" height=\"480\" src=\"https:\/\/www.europesays.com\/se\/wp-content\/uploads\/2026\/01\/vastberga_kultur.jpg\" class=\"attachment-post-thumbnail size-post-thumbnail wp-post-image\" alt=\"collage. till v\u00e4nster: kvinna i 30-\u00e5rs\u00e5ldern med m\u00f6rkblont h\u00e5r och svart tr\u00f6ja. till h\u00f6ger: en bl\u00f6t gata omgiven av tegelbyggnader, en elsparkcykel och en parkerad bil\" decoding=\"async\" fetchpriority=\"high\"  \/>                <\/p>\n<p>                    Nypremi\u00e4r p\u00e5 nya teaterscenen i V\u00e4stberga: Stor efterfr\u00e5gan<\/p>\n<p>                            <a href=\"https:\/\/www.battrestadsdel.se\/stadsdel\/hagersten-liljeholmen\/vastberga\/\" title=\" View all posts in V\u00c4STBERGA \" rel=\"nofollow noopener\" target=\"_blank\">V\u00c4STBERGA<\/a><\/p>\n<p>\t\t\t\t\t\t\t\t\t\tPublicerad 11:16, 5 januari 2026<\/p>\n<p>V\u00e4stberga \u00e4r en stadsdel i f\u00f6r\u00e4ndring. H\u00e4r finns s\u00e5v\u00e4l konstf\u00f6reningar som wrestlingklubbar, och under de kommande \u00e5ren ska flera gamla industribyggnader omvandlas till bostadshus. Nu finns \u00e4ven en teaterscen i omr\u00e5det.<\/p>\n<p><a href=\"https:\/\/www.battrestadsdel.se\/prenumeration\/\" target=\"_blank\" rel=\"noreferrer noopener nofollow\">V\u00e4lkommen att prenumerera p\u00e5 B\u00e4ttre stadsdel \u2013 h\u00e4r<\/a><\/p>\n<p>I ny\u00f6ppnade Studio V\u00e4stberga \u00e4r det nypremi\u00e4r f\u00f6r Dramalabbets pj\u00e4s \u201dLogen\u201d i januari. Pj\u00e4sen skildrar den fiktiva rockstj\u00e4rnan \u201dNicky\u201d.<\/p>\n<p>\u2013\u00a0Den handlar om rockstj\u00e4rnelivet och r\u00f6riga relationer. Anna, dramatikern som skrivit den, har inspirerats av Stevie Nicks och Fleetwood Mac\u2026\u00a0Riktiga rockstj\u00e4rnor, s\u00e4ger regiss\u00f6ren Karolina Willebrand Vinnberg.<\/p>\n<p>\u00a0<\/p>\n<p>Karolina ber\u00e4ttar att pj\u00e4sen passar henne bra. Hon har varit regiss\u00f6r och sk\u00e5despelare inom den fria teatern i cirka tio \u00e5r, och har jobbat mycket tidigare med de \u00e4mnen och koncept som pj\u00e4sen inneh\u00e5ller. D\u00e4rtill finns det saker som \u00e4r unika med scenen i V\u00e4stberga, menar hon.<\/p>\n<p>\u2013\u00a0Det roliga \u00e4r\u00a0att rummet \u00e4r helt omgjort f\u00f6r just den h\u00e4r produktionen. Det \u00e4r inte en vanlig blackbox\/scen, utan h\u00e4r kan man verkligen bygga om hela rummet, montera nya saker. S\u00e5 n\u00e4r publiken kommer f\u00e5r de verkligen kliva in i \u201dNickys\u201d loge, som inbjudna p\u00e5 en \u201dMeet and greet\u201d.\u00a0<\/p>\n<p><strong>Vad \u00e4r din roll som regiss\u00f6r?<\/strong><br \/>\u2013 Den h\u00e4r texten r\u00f6r sig mellan olika genrer. Den \u00e4r v\u00e4ldigt poetisk och litter\u00e4r, och best\u00e5r av en strid str\u00f6m av ord. Min uppgift \u00e4r dels att hitta p\u00e5 ett sceniskt koncept. I vilken situation \u00e4r det h\u00e4r, och hur vill vi att det ska se ut? Vad \u00e4r publikens roll i det hela?<\/p>\n<p>Hon forts\u00e4tter:<br \/>\u2013\u00a0Och sedan, i mitt dagliga arbete, s\u00e5 sitter jag i repetition med sk\u00e5despelaren. Min roll g\u00e5r ut p\u00e5 att jag hittar p\u00e5 olika saker som hon ska g\u00f6ra, och att hitta olika uttryck. Sen \u00e4r det mycket humor just i den h\u00e4r texten. Det h\u00e4r med monolog, att det \u00e4r en person\u2026 Det handlar om hur man f\u00e5r publiken att orka h\u00e4nga med. Att hitta m\u00e5nga olika uttryck och dynamiker, och att ge \u00f6verraskningar\u2026\u00a0Monolog kan vara en sv\u00e5r genre!\u00a0<\/p>\n<p>Att st\u00e5 p\u00e5 scen helt solo och framf\u00f6ra l\u00e5nga monologer m\u00e5ste t\u00e4ra p\u00e5 krafterna f\u00f6r en sk\u00e5despelare. <\/p>\n<p><strong>Hur jobbar man med det som regiss\u00f6r? Intar man rollen som \u201cmental coach\u201d?<\/strong> <br \/>\u2013\u00a0Ja men verkligen. Sk\u00e5disen har s\u00e5 mycket att b\u00e4ra, och det \u00e4r en sv\u00e5r text. Det som \u00e4r intressant f\u00f6r oss n\u00e4r vi jobbar, men ocks\u00e5 f\u00f6r publiken, \u00e4r det h\u00e4r med \u201dHur ber\u00e4ttar man p\u00e5 ett sp\u00e4nnande s\u00e4tt?\u201d<\/p>\n<p>Studio V\u00e4stberga var f\u00f6rst t\u00e4nkt att fungera som en delad arbetslokal f\u00f6r frilansande scenkonstn\u00e4rer, med plats f\u00f6r verkst\u00e4der, atelj\u00e9er, teater och konst. Men sedan testade initiativtagarna att ha f\u00f6rest\u00e4llningar i lokalen.<\/p>\n<p>\u2013\u00a0Och nu \u00e4r det mer som en scen och inte bara en arbetsplats.<\/p>\n<p>Enligt Karolina finns ett stort behov av nya teaterscener i Stockholm. Det \u00e4r n\u00e5got hon och de andra vid Studio V\u00e4stberga m\u00e4rkt av, inte minst i samband med framf\u00f6randet av \u201dLogen\u201d under h\u00f6sten.<\/p>\n<p>\u2013\u00a0Flera konstn\u00e4rer och grupper har h\u00f6rt av sig till studion med en \u00f6nskan om att f\u00e5 vara h\u00e4r och att f\u00e5 samarbeta med studion. M\u00e5nga \u00e4r sugna p\u00e5 att hitta andra platser f\u00f6r scenkonst \u00e4n de traditionella scenerna. Jag tror det finns ett stort intresse f\u00f6r det.<\/p>\n<p>Ut\u00f6ver den nya teaterscenen finns det ett antal andra kulturella verksamheter i V\u00e4stberga. Bland annat <a href=\"https:\/\/www.instagram.com\/ateljeforeningenturbinen\/\" target=\"_blank\" rel=\"noreferrer noopener nofollow\">atelj\u00e9f\u00f6reningen Turbinen<\/a> och <a href=\"https:\/\/www.wipsthlm.se\/om-wip\/atelje\" target=\"_blank\" rel=\"noreferrer noopener nofollow\">atelj\u00e9f\u00f6reningen Wip:Sthlm<\/a>, samt <a href=\"https:\/\/www.sthlmwrestling.com\/\" target=\"_blank\" rel=\"noreferrer noopener nofollow\">Stockholm Wrestling<\/a>.<\/p>\n<p><strong>\u00c4r det ett nytt kulturmecka som v\u00e4xer fram i V\u00e4stberga?<\/strong><br \/>\u2013 Kanske! Jag hoppas det.<\/p>\n<p>Karolina har mestadels varit verksam inom den fria teatern. Hon har \u00e4ven varit med och drivit Dramalabbet tidigare.<\/p>\n<p>\u2013\u00a0Jag har jobbat mycket med egna projekt, d\u00e4r jag har skrivit och spelat monologer. Sen har jag \u00e4ven jobbat med fria grupper d\u00e4r man skriver, hittar p\u00e5 och spelar tillsammans. I fria grupper har alla flera roller i en och samma produktion.\u00a0<\/p>\n<p>Innan hon blev verksam inom teaterv\u00e4rlden har Karolina g\u00e5tt ett antal utbildningar p\u00e5 olika folkh\u00f6gskolor. D\u00e4rtill har hon skrivit en master i sk\u00e5despeleri p\u00e5 Stockholms konstn\u00e4rliga h\u00f6gskola.<\/p>\n<p><strong>Karolina Willebrand Vinnberg <\/strong><br \/><strong>Verksam som:<\/strong> Regiss\u00f6r och sk\u00e5despelare i den fria teatern<br \/><strong>Aktuell med:<\/strong> Regiss\u00f6r av monologen \u201dLogen\u201d, som framf\u00f6rs p\u00e5 Studio V\u00e4stberga <br \/><strong>Bor:<\/strong> \u00c5rsta<\/p>\n<p><strong>Studio V\u00e4stberga<\/strong><br \/><strong>Vad:<\/strong> En nystartad teaterscen i V\u00e4stberga<br \/><strong>Bildades:<\/strong> 2025.<br \/><strong>Aktuellt:<\/strong> Just nu framf\u00f6rs \u201dLogen\u201d p\u00e5 Studio V\u00e4stberga. Den \u00e4r uppsatt av Dramalabbet och skriven av dramatikern Anna\u00a0Nygren. Dramalabbet beskriver sig som \u201dSveriges scen f\u00f6r ny dramatik\u201d. <br \/><a href=\"https:\/\/www.instagram.com\/studiovastberga\/\" target=\"_blank\" rel=\"noreferrer noopener nofollow\">F\u00f6r att l\u00e4sa mer om Studio V\u00e4stberga, kika in deras Instagram-konto<\/a>.<br \/><a href=\"https:\/\/dramalabbet.com\/\" target=\"_blank\" rel=\"noreferrer noopener nofollow\">H\u00e4r kan du l\u00e4sa mer om Dramalabbet<\/a>.<\/p>\n<p>L\u00c4S \u00c4VEN: <a href=\"https:\/\/www.battrestadsdel.se\/hagersten-liljeholmen\/hagerstensasen\/dansare-bjuder-in-till-ljudlig-konstutstallning-lyssna-med-hela-kroppen\/\" target=\"_blank\" rel=\"noreferrer noopener nofollow\">Dansare bjuder in till ljudlig konstutst\u00e4llning \u2013 lyssna med hela kroppen<\/a><br \/>L\u00c4S \u00c4VEN: <a href=\"https:\/\/www.battrestadsdel.se\/skarholmen_stadsdelsomrade\/skarholmen\/suzanne-ostens-pjas-satts-upp-pa-kulturhuset-i-skarholmen\/\" target=\"_blank\" rel=\"noreferrer noopener nofollow\">Suzanne Ostens pj\u00e4s s\u00e4tts upp p\u00e5 Kulturhuset i Sk\u00e4rholmen<\/a><\/p>\n<p><strong>Tack f\u00f6r att du l\u00e4ser B\u00e4ttre stadsdel. Du prenumererar v\u00e4l? D\u00e5 bygger du samtidigt H\u00e4gersten-\u00c4lvsj\u00f6-Sk\u00e4rholmens b\u00e4sta nyhetsredaktion.<\/strong>\u00a0<a href=\"https:\/\/www.battrestadsdel.se\/prenumeration\/\" rel=\"nofollow noopener\" target=\"_blank\">V\u00e4lkommen att prenumerera h\u00e4r<\/a><strong>.\u00a0Tack!<\/strong><\/p>\n<p>Vill du skriva en debattartikel eller en ins\u00e4ndare? Eller en kr\u00f6nika? G\u00f6r det. Mejla:\u00a0\u00a0<a href=\"https:\/\/www.battrestadsdel.se\/hagersten-liljeholmen\/vastberga\/nypremiar-pa-nya-teaterscenen-i-vastberga-stor-efterfragan\/mailto:redaktionen@battrestadsdel.se\" rel=\"nofollow noopener\" target=\"_blank\">redaktionen@battrestadsdel.se<\/a><\/p>\n<p>Nyhetstips:\u00a0<a href=\"https:\/\/www.battrestadsdel.se\/hagersten-liljeholmen\/vastberga\/nypremiar-pa-nya-teaterscenen-i-vastberga-stor-efterfragan\/mailto:redaktionen@battrestadsdel.se\" rel=\"nofollow noopener\" target=\"_blank\"><strong>redaktionen@battrestadsdel.se<\/strong><\/a>\u00a0, 0709-449519<\/p>\n<p>\t\t\t\t<script async src=\"\/\/www.instagram.com\/embed.js\"><\/script><\/p>\n","protected":false},"excerpt":{"rendered":"Nypremi\u00e4r p\u00e5 nya teaterscenen i V\u00e4stberga: Stor efterfr\u00e5gan V\u00c4STBERGA Publicerad 11:16, 5 januari 2026 V\u00e4stberga \u00e4r en stadsdel&hellip;\n","protected":false},"author":2,"featured_media":126208,"comment_status":"","ping_status":"","sticky":false,"template":"","format":"standard","meta":{"footnotes":""},"categories":[67],"tags":[13122,104,34,13123,31,33,32,30,905,105],"class_list":{"0":"post-126207","1":"post","2":"type-post","3":"status-publish","4":"format-standard","5":"has-post-thumbnail","7":"category-underhallning","8":"tag-dramalabbet","9":"tag-entertainment","10":"tag-se","11":"tag-studio-vastberga","12":"tag-svenska","13":"tag-sverige","14":"tag-sweden","15":"tag-swedish","16":"tag-teater","17":"tag-underhallning"},"share_on_mastodon":{"url":"https:\/\/pubeurope.com\/@se\/115842063114778889","error":""},"_links":{"self":[{"href":"https:\/\/www.europesays.com\/se\/wp-json\/wp\/v2\/posts\/126207","targetHints":{"allow":["GET"]}}],"collection":[{"href":"https:\/\/www.europesays.com\/se\/wp-json\/wp\/v2\/posts"}],"about":[{"href":"https:\/\/www.europesays.com\/se\/wp-json\/wp\/v2\/types\/post"}],"author":[{"embeddable":true,"href":"https:\/\/www.europesays.com\/se\/wp-json\/wp\/v2\/users\/2"}],"replies":[{"embeddable":true,"href":"https:\/\/www.europesays.com\/se\/wp-json\/wp\/v2\/comments?post=126207"}],"version-history":[{"count":0,"href":"https:\/\/www.europesays.com\/se\/wp-json\/wp\/v2\/posts\/126207\/revisions"}],"wp:featuredmedia":[{"embeddable":true,"href":"https:\/\/www.europesays.com\/se\/wp-json\/wp\/v2\/media\/126208"}],"wp:attachment":[{"href":"https:\/\/www.europesays.com\/se\/wp-json\/wp\/v2\/media?parent=126207"}],"wp:term":[{"taxonomy":"category","embeddable":true,"href":"https:\/\/www.europesays.com\/se\/wp-json\/wp\/v2\/categories?post=126207"},{"taxonomy":"post_tag","embeddable":true,"href":"https:\/\/www.europesays.com\/se\/wp-json\/wp\/v2\/tags?post=126207"}],"curies":[{"name":"wp","href":"https:\/\/api.w.org\/{rel}","templated":true}]}}