{"id":126219,"date":"2026-01-05T10:47:10","date_gmt":"2026-01-05T10:47:10","guid":{"rendered":"https:\/\/www.europesays.com\/se\/126219\/"},"modified":"2026-01-05T10:47:10","modified_gmt":"2026-01-05T10:47:10","slug":"samsung-ska-dubbla-antal-mobila-enheter-med-googles-gemini-till-800-miljoner-i-ar","status":"publish","type":"post","link":"https:\/\/www.europesays.com\/se\/126219\/","title":{"rendered":"Samsung ska dubbla antal mobila enheter med Googles Gemini till 800 miljoner i \u00e5r"},"content":{"rendered":"<p>&#13;<br \/>\n                        F\u00f6rra \u00e5ret inf\u00f6rde det sydkoreanska bolaget Gemini-st\u00f6dda AI-funktioner i cirka 400 miljoner mobilprodukter, inklusive smartphones och surfplattor. I \u00e5r ska den siffran dubblas.<\/p>\n<p>&#8221;Vi kommer att till\u00e4mpa AI p\u00e5 alla produkter, alla funktioner och alla tj\u00e4nster s\u00e5 snabbt som m\u00f6jligt&#8221;, sade T M Roh till Reuters i sin f\u00f6rsta intervju sedan han blev delad vd f\u00f6r Samsung Electronics i november.<\/p>\n<p>Satsningen ska st\u00e4rka Samsungs konkurrenskraft mot Apple och kinesiska tillverkare inom smarta telefoner och annan konsumentelektronik. Roh s\u00e4ger samtidigt att bolaget inte \u00e4r immunt mot den globala bristen p\u00e5 minneskretsar, som kan pressa marginaler och p\u00e5 sikt leda till h\u00f6gre priser.&#13;\n                    <\/p>\n","protected":false},"excerpt":{"rendered":"&#13; F\u00f6rra \u00e5ret inf\u00f6rde det sydkoreanska bolaget Gemini-st\u00f6dda AI-funktioner i cirka 400 miljoner mobilprodukter, inklusive smartphones och surfplattor.&hellip;\n","protected":false},"author":2,"featured_media":126220,"comment_status":"","ping_status":"","sticky":false,"template":"","format":"standard","meta":{"footnotes":""},"categories":[66],"tags":[454,453,451,452,80,78,79,34,31,33,32,30,81,84,455,83,82],"class_list":{"0":"post-126219","1":"post","2":"type-post","3":"status-publish","4":"format-standard","5":"has-post-thumbnail","7":"category-vetenskap-och-teknik","8":"tag-ekonomisk-analys","9":"tag-finans","10":"tag-finansiella-nyheter","11":"tag-investera","12":"tag-science","13":"tag-science-and-technology","14":"tag-scienceandtechnology","15":"tag-se","16":"tag-svenska","17":"tag-sverige","18":"tag-sweden","19":"tag-swedish","20":"tag-technology","21":"tag-teknik","22":"tag-trading","23":"tag-vetenskap","24":"tag-vetenskapteknik"},"share_on_mastodon":{"url":"https:\/\/pubeurope.com\/@se\/115842098342788478","error":""},"_links":{"self":[{"href":"https:\/\/www.europesays.com\/se\/wp-json\/wp\/v2\/posts\/126219","targetHints":{"allow":["GET"]}}],"collection":[{"href":"https:\/\/www.europesays.com\/se\/wp-json\/wp\/v2\/posts"}],"about":[{"href":"https:\/\/www.europesays.com\/se\/wp-json\/wp\/v2\/types\/post"}],"author":[{"embeddable":true,"href":"https:\/\/www.europesays.com\/se\/wp-json\/wp\/v2\/users\/2"}],"replies":[{"embeddable":true,"href":"https:\/\/www.europesays.com\/se\/wp-json\/wp\/v2\/comments?post=126219"}],"version-history":[{"count":0,"href":"https:\/\/www.europesays.com\/se\/wp-json\/wp\/v2\/posts\/126219\/revisions"}],"wp:featuredmedia":[{"embeddable":true,"href":"https:\/\/www.europesays.com\/se\/wp-json\/wp\/v2\/media\/126220"}],"wp:attachment":[{"href":"https:\/\/www.europesays.com\/se\/wp-json\/wp\/v2\/media?parent=126219"}],"wp:term":[{"taxonomy":"category","embeddable":true,"href":"https:\/\/www.europesays.com\/se\/wp-json\/wp\/v2\/categories?post=126219"},{"taxonomy":"post_tag","embeddable":true,"href":"https:\/\/www.europesays.com\/se\/wp-json\/wp\/v2\/tags?post=126219"}],"curies":[{"name":"wp","href":"https:\/\/api.w.org\/{rel}","templated":true}]}}