{"id":126227,"date":"2026-01-05T10:56:11","date_gmt":"2026-01-05T10:56:11","guid":{"rendered":"https:\/\/www.europesays.com\/se\/126227\/"},"modified":"2026-01-05T10:56:11","modified_gmt":"2026-01-05T10:56:11","slug":"novo-nordisk-borjar-salja-wegovy-tablett-i-usa","status":"publish","type":"post","link":"https:\/\/www.europesays.com\/se\/126227\/","title":{"rendered":"Novo Nordisk b\u00f6rjar s\u00e4lja Wegovy-tablett i USA"},"content":{"rendered":"<p class=\"font-sans text-base text-text-main dark:text-text-main-dark font-normal leading-[1.4]\">Novo Nordisk b\u00f6rjar med start i dag s\u00e4lja Wegovy i tablettform till sj\u00e4lvbetalande patienter i USA till priser fr\u00e5n 149 dollar per m\u00e5nad, rapporterar Reuters.<\/p>\n<p>Doserna p\u00e5 1,5 och 4 milligram priss\u00e4tts till 149 dollar per m\u00e5nad, medan de h\u00f6gsta doserna p\u00e5 9 och 25 milligram kostar 299 dollar per m\u00e5nad.<\/p>\n<p>Bolaget uppger att priset f\u00f6r 4 milligram h\u00f6js till 199 dollar per m\u00e5nad fr\u00e5n den 15 april.<\/p>\n<p>Den amerikanska l\u00e4kemedelsmyndigheten FDA gav tummen upp f\u00f6r tabletten den 22 december.<br class=\"col-start-2\"\/><\/p>\n","protected":false},"excerpt":{"rendered":"Novo Nordisk b\u00f6rjar med start i dag s\u00e4lja Wegovy i tablettform till sj\u00e4lvbetalande patienter i USA till priser&hellip;\n","protected":false},"author":2,"featured_media":126228,"comment_status":"","ping_status":"","sticky":false,"template":"","format":"standard","meta":{"footnotes":""},"categories":[65],"tags":[72,70,71,6456,6457,34,31,33,32,30],"class_list":{"0":"post-126227","1":"post","2":"type-post","3":"status-publish","4":"format-standard","5":"has-post-thumbnail","7":"category-ekonomi","8":"tag-business","9":"tag-economy","10":"tag-ekonomi","11":"tag-novo-nordisk-adr","12":"tag-novo-nordisk-b","13":"tag-se","14":"tag-svenska","15":"tag-sverige","16":"tag-sweden","17":"tag-swedish"},"share_on_mastodon":{"url":"https:\/\/pubeurope.com\/@se\/115842133687725081","error":""},"_links":{"self":[{"href":"https:\/\/www.europesays.com\/se\/wp-json\/wp\/v2\/posts\/126227","targetHints":{"allow":["GET"]}}],"collection":[{"href":"https:\/\/www.europesays.com\/se\/wp-json\/wp\/v2\/posts"}],"about":[{"href":"https:\/\/www.europesays.com\/se\/wp-json\/wp\/v2\/types\/post"}],"author":[{"embeddable":true,"href":"https:\/\/www.europesays.com\/se\/wp-json\/wp\/v2\/users\/2"}],"replies":[{"embeddable":true,"href":"https:\/\/www.europesays.com\/se\/wp-json\/wp\/v2\/comments?post=126227"}],"version-history":[{"count":0,"href":"https:\/\/www.europesays.com\/se\/wp-json\/wp\/v2\/posts\/126227\/revisions"}],"wp:featuredmedia":[{"embeddable":true,"href":"https:\/\/www.europesays.com\/se\/wp-json\/wp\/v2\/media\/126228"}],"wp:attachment":[{"href":"https:\/\/www.europesays.com\/se\/wp-json\/wp\/v2\/media?parent=126227"}],"wp:term":[{"taxonomy":"category","embeddable":true,"href":"https:\/\/www.europesays.com\/se\/wp-json\/wp\/v2\/categories?post=126227"},{"taxonomy":"post_tag","embeddable":true,"href":"https:\/\/www.europesays.com\/se\/wp-json\/wp\/v2\/tags?post=126227"}],"curies":[{"name":"wp","href":"https:\/\/api.w.org\/{rel}","templated":true}]}}