{"id":126242,"date":"2026-01-05T11:08:21","date_gmt":"2026-01-05T11:08:21","guid":{"rendered":"https:\/\/www.europesays.com\/se\/126242\/"},"modified":"2026-01-05T11:08:21","modified_gmt":"2026-01-05T11:08:21","slug":"uppgifter-vm-backen-aktuell-for-shl-aterkomst","status":"publish","type":"post","link":"https:\/\/www.europesays.com\/se\/126242\/","title":{"rendered":"Uppgifter: VM-backen aktuell f\u00f6r SHL-\u00e5terkomst"},"content":{"rendered":"<p><strong>Erik Gustafsson har spenderat merparten av s\u00e4songen i AHL.<br \/>Nu rapporterar <a href=\"https:\/\/www.expressen.se\/sport\/hockey\/shl\/erik-gustafsson-och-djurgarden-i-tat-dialog-om-en-aterkomst\/\" rel=\"nofollow noopener\" target=\"_blank\">Expressen<\/a> att den VM-meriterade backen \u00e4r aktuell f\u00f6r en \u00e5terkomst till Djurg\u00e5rden n\u00e4sta s\u00e4song.<\/strong><\/p>\n<p><img loading=\"lazy\" decoding=\"async\" width=\"1024\" height=\"658\" src=\"https:\/\/www.europesays.com\/se\/wp-content\/uploads\/2026\/01\/250514BB200-1024x658.webp.webp\" alt=\"\" class=\"wp-image-341982\"  \/>Erik Gustafsson.<br \/><strong>Foto:<\/strong> Johanna S\u00e4ll\/Bildbyr\u00e5n<\/p>\n<p><a href=\"https:\/\/hockeysverige.se\/klubb\/djurgardens-if-hockey\/\" rel=\"nofollow noopener\" target=\"_blank\">Djurg\u00e5rden<\/a> kan komma att lyckas locka hem <a href=\"https:\/\/hockeysverige.se\/spelare\/erik-gustafsson-1992\/\" rel=\"nofollow noopener\" target=\"_blank\">Erik Gustafsson<\/a> fr\u00e5n Nordamerika till n\u00e4sta s\u00e4song.<\/p>\n<p>Enligt Expressen finns en l\u00e5ngt g\u00e5ngen dialog mellan parterna kring framtiden, d\u00e4r det ska finnas ett \u00f6msesidigt intresse kring en \u00e5terkomst till klubben. Tidningen rapporterar att mycket pekar p\u00e5 att det kommer att bli en \u00e5terkomst till <a href=\"https:\/\/hockeysverige.se\/shl\/\" rel=\"nofollow noopener\" target=\"_blank\">SHL<\/a> och att parterna just nu diskuterar ett l\u00e4ngre kontrakt.<\/p>\n<p>Utkonkurrerad i Red Wings<\/p>\n<p>Gustafsson, som har ett utg\u00e5ende kontrakt, hade inf\u00f6r den h\u00e4r s\u00e4songen varit ordinarie i <a href=\"https:\/\/hockeysverige.se\/nhl\/\" rel=\"nofollow noopener\" target=\"_blank\">NHL<\/a> under sju s\u00e4songer. Denna s\u00e4song har han emellertid blivit utkonkurrerad i <a href=\"https:\/\/hockeysverige.se\/klubb\/detroit-red-wings\/\" rel=\"nofollow noopener\" target=\"_blank\">Detroit Red Wings<\/a> och i st\u00e4llet f\u00e5tt finna sig i att spela farmarlagshockey med Grand Rapids Griffins. D\u00e4r har han denna s\u00e4song producerat 20 po\u00e4ng (2+18) p\u00e5 19 matcher, samtidigt som han f\u00e5tt n\u00f6ja sig med att g\u00f6ra en match i NHL med Red Wings.<\/p>\n<p>S\u00e5 sent som s\u00e4songen 2023\/24 producerade Gustafsson \u00f6ver 30 po\u00e4ng i New York Rangers och som b\u00e4st har han producerat 60 po\u00e4ng under en NHL-s\u00e4song, n\u00e5got han lyckades med under s\u00e4songen 2018\/19 med Chicago.<\/p>\n<p>Har spelat \u00f6ver 500 NHL-matcher<\/p>\n<p>F\u00f6rra s\u00e4songen spelade Gustafsson 60 matcher f\u00f6r Detroit och producerade 18 po\u00e4ng (2+16). Han spelade \u00e4ven VM med Tre Kronor, d\u00e4r han stod f\u00f6r sju po\u00e4ng (0+7) p\u00e5 tio matcher.<\/p>\n<p>P\u00e5 meritlistan har Gustafsson fem VM-turneringar med Tre Kronor med ett guld och ett brons som facit samt 240 po\u00e4ng p\u00e5 516 NHL-matcher med Detroit, New York Rangers, Toronto, Washington, Chicago, Montr\u00e9al, Philadelphia och Calgary.<\/p>\n<p> Source: <a href=\"https:\/\/www.eliteprospects.com\/player\/15372\/erik-gustafsson\" target=\"_blank\" rel=\"noopener noreferrer nofollow\">Erik Gustafsson<\/a> @ Elite Prospects<\/p>\n","protected":false},"excerpt":{"rendered":"Erik Gustafsson har spenderat merparten av s\u00e4songen i AHL.Nu rapporterar Expressen att den VM-meriterade backen \u00e4r aktuell f\u00f6r&hellip;\n","protected":false},"author":2,"featured_media":126243,"comment_status":"","ping_status":"","sticky":false,"template":"","format":"standard","meta":{"footnotes":""},"categories":[5],"tags":[2544,22,23,26,27,17,21,24,25,28,29,15,247,16,18,34,134,31,33,32,30,19,379,20],"class_list":{"0":"post-126242","1":"post","2":"type-post","3":"status-publish","4":"format-standard","5":"has-post-thumbnail","7":"category-rubriker","8":"tag-ahl","9":"tag-breaking-news","10":"tag-breakingnews","11":"tag-featured-news","12":"tag-featurednews","13":"tag-headlines","14":"tag-huvudnyheter","15":"tag-latest-news","16":"tag-latestnews","17":"tag-main-news","18":"tag-mainnews","19":"tag-news","20":"tag-nhl","21":"tag-nyheter","22":"tag-rubriker","23":"tag-se","24":"tag-shl","25":"tag-svenska","26":"tag-sverige","27":"tag-sweden","28":"tag-swedish","29":"tag-top-stories","30":"tag-top-article","31":"tag-topstories"},"share_on_mastodon":{"url":"https:\/\/pubeurope.com\/@se\/115842180862094292","error":""},"_links":{"self":[{"href":"https:\/\/www.europesays.com\/se\/wp-json\/wp\/v2\/posts\/126242","targetHints":{"allow":["GET"]}}],"collection":[{"href":"https:\/\/www.europesays.com\/se\/wp-json\/wp\/v2\/posts"}],"about":[{"href":"https:\/\/www.europesays.com\/se\/wp-json\/wp\/v2\/types\/post"}],"author":[{"embeddable":true,"href":"https:\/\/www.europesays.com\/se\/wp-json\/wp\/v2\/users\/2"}],"replies":[{"embeddable":true,"href":"https:\/\/www.europesays.com\/se\/wp-json\/wp\/v2\/comments?post=126242"}],"version-history":[{"count":0,"href":"https:\/\/www.europesays.com\/se\/wp-json\/wp\/v2\/posts\/126242\/revisions"}],"wp:featuredmedia":[{"embeddable":true,"href":"https:\/\/www.europesays.com\/se\/wp-json\/wp\/v2\/media\/126243"}],"wp:attachment":[{"href":"https:\/\/www.europesays.com\/se\/wp-json\/wp\/v2\/media?parent=126242"}],"wp:term":[{"taxonomy":"category","embeddable":true,"href":"https:\/\/www.europesays.com\/se\/wp-json\/wp\/v2\/categories?post=126242"},{"taxonomy":"post_tag","embeddable":true,"href":"https:\/\/www.europesays.com\/se\/wp-json\/wp\/v2\/tags?post=126242"}],"curies":[{"name":"wp","href":"https:\/\/api.w.org\/{rel}","templated":true}]}}