{"id":126244,"date":"2026-01-05T11:10:23","date_gmt":"2026-01-05T11:10:23","guid":{"rendered":"https:\/\/www.europesays.com\/se\/126244\/"},"modified":"2026-01-05T11:10:23","modified_gmt":"2026-01-05T11:10:23","slug":"frida-karlsson-tar-en-paus-fran-skidorna","status":"publish","type":"post","link":"https:\/\/www.europesays.com\/se\/126244\/","title":{"rendered":"Frida Karlsson tar en paus fr\u00e5n skidorna"},"content":{"rendered":"<p class=\"boxtextgrotesk-root_baa6 hyperion-css-1w346fg\">Publicerad 2026-01-03 15.37<\/p>\n<p>share-arrowDela<\/p>\n<p>unsaveSpara<\/p>\n<p>expand-left<\/p>\n<p>helsk\u00e4rm<img decoding=\"async\" class=\"image-asset hyperion-css-u06ts1\" data-test-tag=\"image-asset\" src=\"https:\/\/www.europesays.com\/se\/wp-content\/uploads\/2026\/01\/3d0e6f2e-da4b-4a7d-ba78-94817d76c8ce.jpeg\"  alt=\"Frida Karlsson.\"  loading=\"eager\" fetchpriority=\"high\" style=\"aspect-ratio:1900 \/ 1267\"\/>Frida Karlsson. Foto: Terje Pedersen\/NTB\/TT<\/p>\n<p class=\"hyperion-css-1shl3oz\" data-test-tag=\"lead-text\">En sista kl\u00e4ttring p\u00e5 Tour de Ski.<\/p>\n<p class=\"hyperion-css-1shl3oz\" data-test-tag=\"lead-text\">Sedan tar Frida Karlsson en kortare paus fr\u00e5n skidorna f\u00f6r att komma tillr\u00e4tta med sin trilskande h\u00e4l.<\/p>\n<p class=\"hyperion-css-1shl3oz\" data-test-tag=\"lead-text\">\u2013 Jag ska s\u00e4tta mig p\u00e5 cykeln ett tag, s\u00e4ger hon efter sprintt\u00e4vlingen.<\/p>\n<p class=\"hyperion-css-1v9qo5x\">Skidstj\u00e4rnan Frida Karlsson tog sig vidare fr\u00e5n sprintkvalet p\u00e5 OS-banan i Val di Fiemme, men slogs sedan ut i kvartsfinal.<\/p>\n<p class=\"hyperion-css-1v9qo5x\">Karlsson k\u00e4nde fortsatt av den h\u00e4l som hon till och fr\u00e5n haft problem med i flera \u00e5r, vilket hon ber\u00e4ttade om redan under fredagen.<\/p>\n<p class=\"hyperion-css-1v9qo5x\">\u2013 Jag tappar ju ganska m\u00e5nga procent tycker jag, av att jag inte liksom litar p\u00e5 \u00e5kningen och sp\u00e4nner mig ganska mycket, s\u00e4ger 26-\u00e5ringen.<\/p>\n<p class=\"hyperion-css-1v9qo5x\">\u2013 Om det blir brant uppf\u00f6r s\u00e5 blir det att jag blir r\u00e4dd och b\u00f6rjar trippa i st\u00e4llet f\u00f6r att trycka ner kraften i skidorna, s\u00e4ger hon.<\/p>\n<p class=\"hyperion-css-1v9qo5x\">Hon planerar att \u00e5ka s\u00f6ndagens sista etapp av Tour de Ski \u2013 kl\u00e4ttringen uppf\u00f6r Alpe Cermis \u2013 men l\u00e4gger sedan skidorna \u00e5t sidan ett tag.<\/p>\n<p class=\"hyperion-css-1v9qo5x\">\u2013 Jag tror att jag ska bort fr\u00e5n skidor och s\u00e4tta mig p\u00e5 cykeln ett tag f\u00f6r att byta r\u00f6relsem\u00f6nster och liksom st\u00e4rka upp senan lite igen.<\/p>\n<p class=\"hyperion-css-1v9qo5x\">Karlsson r\u00e4knar med runt en vecka av en annan form av tr\u00e4ning.<\/p>\n<p class=\"hyperion-css-1v9qo5x\">\u2013 Jag har haft flera s\u00e5dana h\u00e4r perioder s\u00e5 jag vet att det g\u00e5r att fixa ganska snabbt.<\/p>\n","protected":false},"excerpt":{"rendered":"Publicerad 2026-01-03 15.37 share-arrowDela unsaveSpara expand-left helsk\u00e4rmFrida Karlsson. Foto: Terje Pedersen\/NTB\/TT En sista kl\u00e4ttring p\u00e5 Tour de Ski.&hellip;\n","protected":false},"author":2,"featured_media":126245,"comment_status":"","ping_status":"","sticky":false,"template":"","format":"standard","meta":{"footnotes":""},"categories":[68],"tags":[34,111,110,31,33,32,30],"class_list":{"0":"post-126244","1":"post","2":"type-post","3":"status-publish","4":"format-standard","5":"has-post-thumbnail","7":"category-sport","8":"tag-se","9":"tag-sport","10":"tag-sports","11":"tag-svenska","12":"tag-sverige","13":"tag-sweden","14":"tag-swedish"},"share_on_mastodon":{"url":"https:\/\/pubeurope.com\/@se\/115842188760183164","error":""},"_links":{"self":[{"href":"https:\/\/www.europesays.com\/se\/wp-json\/wp\/v2\/posts\/126244","targetHints":{"allow":["GET"]}}],"collection":[{"href":"https:\/\/www.europesays.com\/se\/wp-json\/wp\/v2\/posts"}],"about":[{"href":"https:\/\/www.europesays.com\/se\/wp-json\/wp\/v2\/types\/post"}],"author":[{"embeddable":true,"href":"https:\/\/www.europesays.com\/se\/wp-json\/wp\/v2\/users\/2"}],"replies":[{"embeddable":true,"href":"https:\/\/www.europesays.com\/se\/wp-json\/wp\/v2\/comments?post=126244"}],"version-history":[{"count":0,"href":"https:\/\/www.europesays.com\/se\/wp-json\/wp\/v2\/posts\/126244\/revisions"}],"wp:featuredmedia":[{"embeddable":true,"href":"https:\/\/www.europesays.com\/se\/wp-json\/wp\/v2\/media\/126245"}],"wp:attachment":[{"href":"https:\/\/www.europesays.com\/se\/wp-json\/wp\/v2\/media?parent=126244"}],"wp:term":[{"taxonomy":"category","embeddable":true,"href":"https:\/\/www.europesays.com\/se\/wp-json\/wp\/v2\/categories?post=126244"},{"taxonomy":"post_tag","embeddable":true,"href":"https:\/\/www.europesays.com\/se\/wp-json\/wp\/v2\/tags?post=126244"}],"curies":[{"name":"wp","href":"https:\/\/api.w.org\/{rel}","templated":true}]}}