{"id":126272,"date":"2026-01-05T11:34:46","date_gmt":"2026-01-05T11:34:46","guid":{"rendered":"https:\/\/www.europesays.com\/se\/126272\/"},"modified":"2026-01-05T11:34:46","modified_gmt":"2026-01-05T11:34:46","slug":"stor-ukrainsk-bombning-mot-ryssland-stangde-flygplatser-i-moskva-lettland-donerar-rattfullas-bilar-till-ukraina-cornucopia","status":"publish","type":"post","link":"https:\/\/www.europesays.com\/se\/126272\/","title":{"rendered":"Stor ukrainsk bombning mot Ryssland st\u00e4ngde flygplatser i Moskva \u2013 Lettland donerar rattfullas bilar till Ukraina \u2013 Cornucopia?"},"content":{"rendered":"<p>\t\t\t1.1K<\/p>\n<p>Nattens stora ukrainska bombning med dr\u00f6narrobotar mot Ryssland fick fyra flygplatser att st\u00e4nga ner i Moskva och Ryssland h\u00e4vdar att man sk\u00f6t ner 193 dr\u00f6narrobotar totalt. Lettland donerar raffylleristers bilar till Ukrainas f\u00f6rsvar och enbart 2024 <\/p>\n<p><img loading=\"lazy\" decoding=\"async\" width=\"1600\" height=\"997\" src=\"https:\/\/www.europesays.com\/se\/wp-content\/uploads\/2026\/01\/ukraina_kyjiv_maidan_sno_jonas_1.jpg\" alt=\"\" class=\"wp-image-71634\"  \/>Sj\u00e4lvst\u00e4ndighetstorget i Ukraina. Arkivbild fr\u00e5n 2022, s\u00e5 minnen \u00f6ver stupade kan tillkommit idag. Foto:\u00a0<a href=\"https:\/\/cornucopia.se\/2023\/12\/gastartikel-varfor-jag-hjalper-ukraina\/\" rel=\"nofollow noopener\" target=\"_blank\">Jonas<\/a>, st\u00f6d hans leveranser av pickuper och utrustning\u00a0direkt till frontf\u00f6rbanden\u00a0<a href=\"https:\/\/disarmamentsolutions.com\/ukraine\/donate\/jvm\" rel=\"nofollow noopener\" target=\"_blank\">via Disarmament Solutions<\/a>\u00a0eller\u00a0<a href=\"https:\/\/www.paypal.com\/paypalme\/jvmukraine\" rel=\"nofollow noopener\" target=\"_blank\">via Paypal<\/a>.\u00a0Se \u00e4ven\u00a0<a href=\"https:\/\/www.facebook.com\/jonas.matern\" rel=\"nofollow noopener\" target=\"_blank\">hans Facebook<\/a>\u00a0eller\u00a0<a href=\"https:\/\/bsky.app\/profile\/jvmukraine.bsky.social\" rel=\"nofollow noopener\" target=\"_blank\">Bluesky<\/a>.<\/p>\n<p><a href=\"https:\/\/cornucopia.se\/2022\/08\/organisationer-och-projekt-for-att-stodja-ukraina\/\" rel=\"nofollow noopener\" target=\"_blank\"><strong>Organisationer och projekt att st\u00f6dja f\u00f6r att hj\u00e4lpa Ukraina hittar du h\u00e4r<\/strong><\/a>.\u00a0<strong>Ditt st\u00f6d g\u00f6r verklig skillnad, r\u00e4ddar liv, st\u00f6der Ukrainas f\u00f6rsvar och hj\u00e4lper att besegra den fascistiska fundamentalistiska diktaturen Ryssland.<\/strong><\/p>\n<p>Krigets vardag forts\u00e4tter i Ukraina och det finns inte s\u00e5 mycket ovanligt att rapporterar.<\/p>\n<p><a href=\"https:\/\/www.facebook.com\/GeneralStaff.ua\/posts\/pfbid0269BUu8cqxkxWGFG8nARVnDipPwnz2Mm7V4Qu3Kn1RD3q6hyBmjmZZNpYKGk1Aa3wl\" rel=\"nofollow noopener\" target=\"_blank\">Ryssland anf\u00f6ll<\/a> 40 g\u00e5nger mot Kupiansk, 22 g\u00e5nger mot Lyman, 14 g\u00e5nger mot Kupijansk, 36 g\u00e5nger mot Huliajpole men endast tv\u00e5 g\u00e5nger mot Orichiv n\u00e4rmast storstaden Zaporizjzjia. \u00c4ven vid Siversk, dvs Slovianskfronten var det f\u00e5 ryska angrepp med endast fyra anfall och i riktningen mot Kramatorsk inte ett enda.<\/p>\n<p>Ska man g\u00f6ra n\u00e5gon po\u00e4ng av detta annat \u00e4n brus, s\u00e5 har som tidigare skrivit Ryssland f\u00f6rm\u00e5ga till st\u00f6rre anfall p\u00e5 allt f\u00e4rre platser f\u00f6r varje dag som g\u00e5r. Vissa delar av fronten \u00e4r lugna, vilket f\u00f6rst\u00e5s \u00e4r ett relativt begrepp.<\/p>\n<p><a href=\"https:\/\/www.facebook.com\/GeneralStaff.ua\/posts\/pfbid0cga3TdKTYkkLmCHqDMTDaR7uQzmVU7WXBoe52EzMZ3DcZUmWoKMKQtBdidYCWavzl\" rel=\"nofollow noopener\" target=\"_blank\">Ryska f\u00f6rluster<\/a> blev kraftiga 900 man, sv\u00e5ra 88 transportfordon, l\u00e5ga tolv haubitsar, ett tungt ovanligt luftv\u00e4rnssytem och l\u00e5ga tv\u00e5 stridsvagnar medan man itne tog n\u00e5gra \u00f6vriga pansarfordonsf\u00f6rluster. F\u00f6rmodligen d\u00e5ligt v\u00e4der som begr\u00e4nsar dr\u00f6naroperationer.<\/p>\n<p><strong>Ukraina bombade som oftast Ryssland med sv\u00e4rmar av dr\u00f6narrobotar<\/strong>, men \u00e4r sj\u00e4lva tystl\u00e5tna om det hela. <a href=\"https:\/\/www.ukrinform.net\/rubric-ato\/4076552-moscow-reports-drone-attack-airports-closed-in-several-cities.html\" rel=\"nofollow noopener\" target=\"_blank\">Ryssland st\u00e4ngde ner fyra flygplatser i Moskvaregionen<\/a> och hv\u00e4dar att man sk\u00f6t ner 19 robotar mot Moskva. <a href=\"https:\/\/bsky.app\/profile\/wartranslated.bsky.social\/post\/3mblhuxiwo22h\" rel=\"nofollow noopener\" target=\"_blank\">Totalt h\u00e4vdar ryssarna att man sk\u00f6t ner 193 robotar,<\/a> men man har knappast hundraprocentiga siffror s\u00e5 ett antal robotar tr\u00e4fade sina m\u00e5l. Ryssland har dock blivit b\u00e4ttre p\u00e5 att inte till\u00e5ta att publiceringar om vad som tr\u00e4ffades, annat \u00e4n n\u00e4r det \u00e4r s\u00e5dant som syns ordentligt som brinnande raffinaderier eller br\u00e4nsledep\u00e5er. F\u00f6rmodligen tr\u00e4ffas \u00e4ven diskretare m\u00e5l.<\/p>\n<p><img loading=\"lazy\" decoding=\"async\" width=\"2048\" height=\"1360\" src=\"https:\/\/www.europesays.com\/se\/wp-content\/uploads\/2026\/01\/lettland_trafik_riga_militarreklam-2048x1360.jpg\" alt=\"\" class=\"wp-image-168080\"  \/>Biltrafik i Riga med en rekryteringsannons f\u00f6r lettiska f\u00f6rsvaret. Arkivbild fr\u00e5n 2017.<\/p>\n<p><strong>Lettland beslagtar rattfylleristers bilar och donterar till Ukrainas f\u00f6rsvar <\/strong>rapporterar Euromaidan. <a href=\"https:\/\/euromaidanpress.com\/2026\/01\/04\/luxury-suv-taken-from-latvian-drunk-driver-now-among-21-vehicles-bound-for-ukraine-military\/\" rel=\"nofollow noopener\" target=\"_blank\">Senaste leveransen handlar om 21 beslagtagna fordon inklusive en Lincoln Navigator<\/a>. Inga totala siffror f\u00f6r 2025 \u00e4n, men <a href=\"https:\/\/euromaidanpress.com\/2024\/12\/24\/latvia-donates-612-vehicles-confiscated-from-drunk-drivers-to-ukraine\/\" rel=\"nofollow noopener\" target=\"_blank\">2024 skickades 612 raffylleristers bilar till Ukraina<\/a>.<\/p>\n<p>Under slaget om Kyjiv gjorde Ukraina n\u00e5got liknande och under alkoholf\u00f6rbudet i Kyjiv de f\u00f6rsta veckorna gick rattfylleristers bilar direkt till f\u00f6rsvaret. Oklart om det fortfarande \u00e4r s\u00e5.<\/p>\n<p><strong>Artikeln uppdateras. Vi diskuterar Rysslands krig i Ukraina, f\u00f6rsvar och n\u00e4rliggande \u00e4mnen h\u00e4r. Andra \u00e4mnen kan hanteras i andra artiklar, t ex morgonens ekonomiartikel i till\u00e4mpliga fall.\u00a0<\/strong><strong>Slava Ukraini! Heroiam slava! Razom do peremohi! Smert voroham!<\/strong><\/p>\n<p><strong>10:25<\/strong> <a href=\"https:\/\/www.facebook.com\/reel\/885597777287605\" rel=\"nofollow noopener\" target=\"_blank\">President Zelensky skriver<\/a> att Ryssland avfyrade 1 070 glidbomber, n\u00e4stan 1 000 Shahedorobtar och sex robotar mot Ukraina senaste veckan:<\/p>\n<blockquote class=\"wp-block-quote is-layout-flow wp-block-quote-is-layout-flow\">\n<p>\u201cIt is critically important for Ukraine that partner support continues \u2013 steady defense assistance and reinforcement of our air defense. Almost every day, lives in Ukraine are under threat because of Russian attacks and strikes using various types of weapons against our people. This week alone, Russia launched more than 1,070 guided aerial bombs, nearly 1,000 attack drones, and six missiles against Ukraine. Everything agreed with our partners must be accelerated as much as possible. Every missile for air defense systems that is currently held in storage by partners can truly save lives.\u201d<\/p>\n<\/blockquote>\n<p><strong>10:32<\/strong> <a href=\"https:\/\/bsky.app\/profile\/tendar.bsky.social\/post\/3mbkmark35227\" rel=\"nofollow noopener\" target=\"_blank\">Finland har sl\u00e4ppt filmer fr\u00e5n bordningen av FITBURG<\/a>. Om man undrar \u00f6ver vissa filmer s\u00e5 var det tv\u00e5 finska helikoptrar.<\/p>\n<p><strong>11:05<\/strong> Allt f\u00e4rre norrm\u00e4n, svenskar, danskar reser till Antalya i Turkiet <a href=\"https:\/\/flysmart24.no\/2026\/01\/03\/faerre-norske-gjester-russerne-har-overtatt\/\" rel=\"nofollow noopener\" target=\"_blank\">skriver norska Flysmart24.<\/a> Sedan Rysslands fulskaliga invasion mot Ukraina inleddes 2022 har norsk turism minskat med 10%, men ryska turister \u00f6kat med 33%, fr\u00e5n tre till fyra miljoner. Huruvida minskat skandinaviskt resande till Turkiets riviera beror p\u00e5 den kraftiga \u00f6kningen av ryssar framg\u00e5r ej. Turkiet \u00e4r iaf ett land som forts\u00e4tter till\u00e5ta direktflights till och fr\u00e5n Ryssland och har uppenbarligen attraheterat mycket ryska turister under kriget.<\/p>\n<p><strong>11:42<\/strong> MYCKET STARK VARNING! FPV:er \u00e4r oftast utrustade med spr\u00e4ngladdingar med riktad spr\u00e4ngverkan f\u00f6r att kunna sl\u00e5 mot pansarfordon, och ni kanske undrat hur det blir n\u00e4r en m\u00e4nniska tr\u00e4ffas. Trots allt klipper FPV-filmerna n\u00e4r FPV:n spr\u00e4ngs s\u00e5 man f\u00e5r inte se resultatet. <a href=\"https:\/\/bsky.app\/profile\/wartranslated.bsky.social\/post\/3mblhrx4hk22h\" rel=\"nofollow noopener\" target=\"_blank\">P\u00e5 slutet av denna film<\/a> d\u00e4r ukrainska FPV:er h\u00e4rjar bland ryssarna s\u00e5 ser man resterna av en rysk soldats kropp. Halva h\u00f6ften och halva magen \u00e4r bortspr\u00e4ngd. Varning p\u00e5 filmen f\u00f6r \u2026 mycket grafiskt f\u00f6revisat vad som h\u00e4nder om man tar en direkttr\u00e4ff av en FPV. Det \u00e4r inte som att bli tr\u00e4ffad av en filkalibrig kula direkt. Det f\u00f6rklarar ocks\u00e5 varf\u00f6r spela d\u00f6d inte \u00e4r en fungerande strategi mot FPV:er. \u00c4r man hel i FPV-zonerna s\u00e5 \u00e4r man f\u00f6rmodligen inte tr\u00e4ffad utan fejkar.<\/p>\n<p><img loading=\"lazy\" decoding=\"async\" width=\"2048\" height=\"1365\" src=\"https:\/\/www.europesays.com\/se\/wp-content\/uploads\/2026\/01\/tyskland_berling_HeizkraftwerkLichterfelde-2048x1365.jpg\" alt=\"\" class=\"wp-image-168052\"  \/>Heizkraftwerk Lichterfelde intill vilket kabelsabotaget utf\u00f6rdes i Berlin<\/p>\n<p><strong>13:39<\/strong> Eln\u00e4tsabotaget i Berlin \u00e4r inte det f\u00f6rsta som utf\u00f6rts av ryska ombud. <a href=\"https:\/\/www.rbb24.de\/panorama\/beitrag\/2025\/09\/berlin-koepenick-treptow-stromausfall-blackout-brandanschlag.html\" rel=\"nofollow noopener\" target=\"_blank\">Ett liknande skedde redan i september<\/a>. V\u00e4nsterextremister tog p\u00e5 sig d\u00e5det och skrev i ett brev att det var en \u201cattack mot det milit\u00e4rindustriella komplexet i Adlershofs teknikpark\u201d med m\u00e5l att \u201cmassivt st\u00f6ra k\u00e4nsliga supermaskiner och operativa processer\u201d. Omr\u00e5det anv\u00e4nds f\u00f6r att st\u00f6dja Ukraina.<strong> Uppgifter direkt till bloggen bekr\u00e4ftar att det var ryska ombud som l\u00e5g bakom, men f\u00f6r att inte r\u00f6ja k\u00e4llor kommer inte mer detaljer om det skrivas h\u00e4r.<\/strong><\/p>\n<p>Det nya attentatet tar sig v\u00e4nstextrem grupp som kallar sig Vulkangruppe p\u00e5 sig <a href=\"https:\/\/de.wikipedia.org\/wiki\/Vulkangruppe\" rel=\"nofollow noopener\" target=\"_blank\">skriver tyska Tagesspiegel<\/a> s\u00e5 det r\u00e5der ingentvekan om att det \u00e4r ett aktivt sabotage. Man skriver dock inte att det var till st\u00f6d f\u00f6r Ryssland utan:<\/p>\n<blockquote class=\"wp-block-quote is-layout-flow wp-block-quote-is-layout-flow\">\n<p>\u201cStr\u00f6mavbrott var inte m\u00e5let med aktionen, utan snarare fossilbr\u00e4nsleindustrin. Vi ber om urs\u00e4kt till de mindre v\u00e4lb\u00e4rgade m\u00e4nniskorna i sydv\u00e4stra Berlin. V\u00e5r sympati f\u00f6r de m\u00e5nga vill\u00e4garna i dessa stadsdelar \u00e4r begr\u00e4nsad.\u201d<\/p>\n<\/blockquote>\n<p>Dock \u00e4r de utpekade i artikeln som misst\u00e4nkte \u00e4van f\u00f6r sabotaget i september, och d\u00e4r finns allts\u00e5 enligt direktuppgifter till bloggen fastst\u00e4llda ryska kopplingar. Man kan f\u00f6rmoda att det samma g\u00e4ller det nya attentatet.<\/p>\n<p>Tyska s\u00e4kerhetstj\u00e4nsten BfV klassar gruppen som tillh\u00f6rande \u201canarkistiska komplexet\u201d.<\/p>\n<p>Det \u00e4r etablerat sedan tidigare att Ryssland anv\u00e4nder sina kontaktn\u00e4t av v\u00e4nster- och h\u00f6gerextremister, och \u00e4ven kriminella grupper, som ombud f\u00f6r sitt hybridkrig mot V\u00e4st och ett antal attentat har utf\u00f6rts \u00e4ven om flera har misslyckats. <\/p>\n<p>Sj\u00e4lv skrev jag om hur rysk underr\u00e4ttelsetj\u00e4nst anv\u00e4nder organsierad brottslighet som ombud redan i min roman Kungshj\u00e4rta (2022, skrevs 2021), och \u00e4ven senast i J\u00e4garhj\u00e4rta (2025) och hur man anv\u00e4nde v\u00e4nster- och h\u00f6gerextrema grupper i H\u00f6stsol (2017, skrevs 2016) f\u00f6r att sl\u00e5 split och skapa samh\u00e4llelig oro, s\u00e5 detta \u00e4r inget nytt. Tidigare partiledaren f\u00f6r SD, numera tillh\u00f6rande svenska putinisterna i h\u00f6gerextrema AfS (som ibland l\u00e5tsas vara libertarianer f\u00f6r att lura in de idioterna) <a href=\"https:\/\/www.expressen.se\/nyheter\/sverige\/tidigare-sd-toppen-ryssland-ar-oskyldiga\/\" rel=\"nofollow noopener\" target=\"_blank\">har nyligen \u00f6ppet aktivt tagit st\u00e4llning f\u00f6r Ryssland (igen)<\/a>.<\/p>\n<p>\u00c4ven om de romanerna \u00e4r fiktion s\u00e5 finns det m\u00e5nga paralleller till verkligheten, och ibland \u00f6vertr\u00e4ffar verkligheten dikten. I H\u00f6stregn (2018) beskrev jag t ex slaget om Kyjiv i princip exakt som det kom att utspela sig*, \u00e4ven om ryssarna kallade ukrainarna f\u00f6r fascister ist\u00e4llet f\u00f6r nazister. Kort efter Kungshj\u00e4rta gavs ut avsl\u00f6jades ett statskuppf\u00f6rs\u00f6k i Tyskland, och likt i Kungshj\u00e4rta leddes komplotten av en \u00e4ldre dam. Kort efter Ishj\u00e4rta (2023) gavs ut framkom det att Putins \u00e4lskarinna varit otrogen med en livvakt, och hennes otrohet f\u00f6rekom ocks\u00e5 i Ishj\u00e4rta. Man f\u00e5r hata slumpen lite grann ibland. Vi f\u00e5r se vad som framkommer efter kommande Satellithj\u00e4rta publiceras \u2026<\/p>\n<p>Tysklands f\u00f6rm\u00e5ga att producera v\u00e4nsterextrema terroristgrupper verkar inte upph\u00f6rt med kalla krigets slut, utan ifr\u00e5n Moskva st\u00f6dda dito \u00e4r en gammal tysk tradition. Samtidigt visade det sig (likt i Kungshj\u00e4rta) att tyska specialf\u00f6rband har aktiva och organiserade nazistiska sympatier och har rensats upp.<\/p>\n<p>*anfall ner fr\u00e5n Belarus p\u00e5 b\u00e4gge sidor om Dnipro, men att man k\u00f6rde fast i Kyjivs f\u00f6rst\u00e4der. \u00c5rtalet skrivs inte ut i H\u00f6stsol\/H\u00f6stregn, men om man j\u00e4mf\u00f6r veckodagar med datum s\u00e5 ser man att det \u00e4r 2022. Anfallet skedde dock p\u00e5 h\u00f6sten 2022, inte februari 2022, s\u00e5 jag hade fel p\u00e5 lite drygt ett halv\u00e5r. Kanske okej precision fyra \u00e5r fram\u00e5t i tiden.<\/p>\n<p><img loading=\"lazy\" decoding=\"async\" width=\"2048\" height=\"1536\" src=\"https:\/\/www.europesays.com\/se\/wp-content\/uploads\/2026\/01\/ryssland_moskva_potemkin_kuliss.jpg\" alt=\"\" class=\"wp-image-59532\"  \/>Potemkinkulisser i Moskva n\u00e4ra Kreml<\/p>\n<p><strong>14:20<\/strong> Moskva \u00e4r under attack just nu <a href=\"https:\/\/bsky.app\/profile\/wartranslated.bsky.social\/post\/3mblyvk2ht22h\" rel=\"nofollow noopener\" target=\"_blank\">uppger WarTranslated<\/a> och publicerar <a href=\"https:\/\/bsky.app\/profile\/wartranslated.bsky.social\/post\/3mblz7m5uqc2h\" rel=\"nofollow noopener\" target=\"_blank\">en film p\u00e5 en ukrainsk dr\u00f6narrobot.<\/a><\/p>\n<p>KOMMENTAR<\/p>\n<p>Ryssland bombar fr\u00e4mst Ukraina nattetid i hopp om att allt luftv\u00e4rn inte fungerar i m\u00f6rker, t ex de mobila eldr\u00f6rsluftv\u00e4rnsgrupperna.<\/p>\n<p>Ukraina ser f\u00f6rmodligen f\u00f6rdelar med att bomba dagtid, d\u00e5 det g\u00f6r att ryssarna ser det hela och det ger en psykologisk effekt om att p\u00e5minna dem om kriget, plus att \u00e4ven st\u00f6ra flygtrafik dagtid, samt att man eventuellt kan dokumentera b\u00e4ttre med operat\u00f6rer p\u00e5 plats var ryskt luftv\u00e4rn finns, alternativt ta \u00f6ver styrning av dr\u00f6narrobotarna med lokala operat\u00f6rer utan att beh\u00f6va m\u00f6rkerf\u00f6rm\u00e5ga.<\/p>\n<p><img loading=\"lazy\" decoding=\"async\" width=\"1024\" height=\"768\" src=\"https:\/\/www.europesays.com\/se\/wp-content\/uploads\/2026\/01\/media_schibsted.jpg\" alt=\"\" class=\"wp-image-7522\"\/>Schibsted<\/p>\n<p><strong>14:25<\/strong> Omni, som likt Putinpropagandakanalen SvD \u00e4gs av Schibsted, publicerar ibland rysk propaganda och <a href=\"https:\/\/omni.se\/ryssland-tog-mer-mark-an-senaste-tva-aren-tillsammans\/a\/vrQ2Oj\" rel=\"nofollow noopener\" target=\"_blank\">avrundar nu ryssarnas intagna 0.72% av Ukraina till \u201cn\u00e4stan en procent av den totala landytan\u201d<\/a> och framh\u00e4ver det som de st\u00f6rsta ryska landvinningarna sedan 2022. Vilket iofs st\u00e4mmer, men takten \u00e4r patetisk och det skulle ta \u00f6ver 100 \u00e5r och kosta 45 miljoner ryska liv att inta hela Ukraina i det tempot och de f\u00f6rlusterna, fast det skriver man inte. Narrativet och uppdraget \u00e4r att bl\u00e5sa upp ryska framg\u00e5ngar f\u00f6r att V\u00e4st ska acceptera ukrainsk kapitulation.<\/p>\n<p>Det \u00e4r okej att avrunda till hela procenttal, men inte n\u00e4r det \u00e4r under en procent. Man skulle m\u00f6jligen avrunda till 0.7%. Vi vet dock sedan tidigare var vi har Schibsted. \u00c4ven Aftonbladet Kulturs putinister och Rysslandsvurmare \u00e4r ju anst\u00e4llda av Schibsted, och Aftonbladet Kulturs tradition i att hyla Ryssland g\u00e5r l\u00e5ngt tillbaka i tiden.<\/p>\n<p><strong>Ni som \u00e4r 72 \u00e5r gamla bland bloggens l\u00e4sare kan fram\u00f6ver i sann Omnianda presentera er som \u201cn\u00e4stan 100 \u00e5r gamla\u201d och ni yngre f\u00f6rm\u00e5gor som har ett  barn som \u00e4r sju \u00e5r kan presentera det som \u201cn\u00e4stan tio \u00e5r gammal\u201d.<\/strong><\/p>\n<p><strong>14:37<\/strong> En kort p\u00e5minnelse till svenska volont\u00e4rer i Ukraina att det existerar en hotbild, och t ex leveranser av fordon kan uppfattas som milit\u00e4ra fordon \u00e4ven innan de \u00f6verl\u00e4mnats. <a href=\"https:\/\/kyivindependent.com\/soldier-injured-in-car-explosion-classified-as-terror-attack-in-kyiv\/\" rel=\"nofollow noopener\" target=\"_blank\">En ukrainsk soldat ska skadats i Kyjiv i vad som verkar vara en f\u00f6rs\u00e5tsminering av dennes pickup och som klassats som ett terrord\u00e5d av ukrainska polisen<\/a>. Om m\u00f6jligt \u00e4r det alltid bra att parkera p\u00e5 \u00f6vervakade och helst inh\u00e4gnade parkeringsplatser vid l\u00e4ngre pauser som \u00f6vernattningar, t ex i anslutning till vissa hotell. Finns som bekant \u00e4ven inh\u00e4gnade parkeringar i Kyjiv. <strong>Uppenbart att ryska agenter upptr\u00e4der i Kyjiv.<\/strong><\/p>\n<p><strong>15:22<\/strong> <a href=\"https:\/\/bsky.app\/profile\/halushka.bsky.social\/post\/3mbm4iawhfs22\" rel=\"nofollow noopener\" target=\"_blank\">Foton p\u00e5 nya massgravar i Mariupol<\/a>. Dessa uppst\u00e5r p\u00e5 grund av svartbyggen* i den ockuperade staden f\u00f6r att husera illegala** immigranter och n\u00e4r gamla ruiner rivs p\u00e5tr\u00e4ffas kvarlevor som varit begravda i ruinerna i m\u00e5nga \u00e5r. Bed\u00f6mningar om antalet m\u00f6rdade civila i Mariupol str\u00e4cker sig fr\u00e5n 22 000 till \u00f6ver 50 000 civila offer.<\/p>\n<p>*svartbyggen d\u00e5 de sker utan ukrainska bygglov<br \/>**de \u00e4r illegala d\u00e5 det handlar om ryssar*** som flyttar in i Ukraina utan tillst\u00e5nd fr\u00e5n ukrainska myndigheter. \u00c4ven om omr\u00e5det \u00e4r ockuperat \u00e4r det fortfarande ukrainskt territorium och att flytta dit \u00e4r d\u00e4rmed olagligt utan ukrainskt tillst\u00e5nd. Att Ryssland p\u00e5st\u00e5r sig annekterat Donetsk spelar ingen roll i sammanhanget \u2013 det \u00e4r fortfarnade Ukraina. Inflyttningen handlar dessutom om etnisk rensning d\u00e4r  folkgrupp ukrainare via stalinistiska flyttningar ska ers\u00e4ttas med folkgruppen ryssar. En rysk tradition redan fr\u00e5n tsartiden och som kommer drabba alla l\u00e4nder som Ryssland invaderar \u2013 genom att etablera en rysk befolkning kommer det bli sv\u00e5rare att \u00e5terf\u00f6ra kontrollen \u00f6ver territoriet till det r\u00e4tt land och Ryssland kommer alltid kunna anv\u00e4nda den ryska befolkningen som urs\u00e4kt f\u00f6r framtida invasioner \u00e4ven det fortfarande \u00e4r olagligt att invadera n\u00e5gon oavsett etnisk mix. <br \/>***med ryssar avses h\u00e4r medborgare i Ryska Federationen. Ryssland \u00e4r som bekant egentligen ett m\u00e5ngkulturellt land med \u00f6ver 100 olika spr\u00e5k och inte alls n\u00e5got enhetligt rent moskvaryskt****, \u00e4ven om Kreml f\u00f6rs\u00f6ker h\u00e4vda det. <a href=\"https:\/\/cornucopia.se\/2018\/02\/det-mangkulturella-ryssland\/\" rel=\"nofollow noopener\" target=\"_blank\">Ryssland har 170 etniska grupper, 25 regionalt erk\u00e4nda spr\u00e5k i oblasterna eller krajerna och \u00f6ver 100 minoritetsspr\u00e5k som inte \u00e4r erk\u00e4nda, inklusive t ex en halv miljon tysktalande i s\u00f6dra Sibirien som t ex Novosibirsk och Altaj<\/a>. Eller hade \u2013 f\u00f6r att etniskt rensa minoriteterna har dessa prioriterats att skicka som k\u00f6tt att d\u00f6das i Ukraina relativt sin befolkningsstorlek. Och missn\u00f6je i ockuperade provinser l\u00f6ses enkelt med v\u00e5ld, medan missn\u00f6je i moskvaryska Moskva och Piter blir jobbigare f\u00f6r diktaturen.<br \/>****Moskvaryssarna i sig \u00e4r ju egentligen rej\u00e4lt uppblandade av \u00e5rhundranden av ockupation av Gyllene Horden och mer att betrakta som mongoler \u00e4n n\u00e5got europeiskt. Ta g\u00e4rna upp Gyllene Horden med ryssar du m\u00f6ter om de st\u00f6der kriget mot Ukraina. De blir s\u00e4kert j\u00e4tteglada***** n\u00e4r du p\u00e5minner om \u00e5rhundranden av vassalskap till mongolerna.<br \/>*****\u201cDon\u2019t mention the Golden Horde\u201d som Sybil Fawlty skulle sagt om det kommit ryska g\u00e4ster i ett avsnitt av Fawlty Towers\/Pang i bygget.<\/p>\n<p><strong>15:44<\/strong> <a href=\"https:\/\/bsky.app\/profile\/militarynewsua.bsky.social\/post\/3mbm5uxgej22w\" rel=\"nofollow noopener\" target=\"_blank\">200 flighter ska st\u00e4llts in p\u00e5  Moskvas flygplatser p\u00e5 grund av ukrainska dr\u00f6narrobotar<\/a> mot oblasten. Om Ukraina forts\u00e4tter skicka en bunt dagtid och en bunt nattetid kommer ryssarna aldrig kunna arbeta av inst\u00e4llda flyg. Dubbelt kul d\u00e5 det inneb\u00e4r att ryssar p\u00e5 semester \u00f6ver vinterlovet inte kan ta sig hem, vilket f\u00f6rhoppningsvis sabbar rej\u00e4lt f\u00f6r ryska samh\u00e4llet och ekonomi. S\u00e4rskilt som det handlar om v\u00e4lbest\u00e4llda mellanchefer i medelklassen.<\/p>\n<p><strong>16:32<\/strong> En mental f\u00e4lla i att upptr\u00e4da nattetid \u00e4r att man tror att man itne syns f\u00f6r dr\u00f6narna, samtidigt som man inte sj\u00e4lv ser dr\u00f6narna. <a href=\"https:\/\/bsky.app\/profile\/specialkhersoncat.bsky.social\/post\/3mbm7ofnvzk27\" rel=\"nofollow noopener\" target=\"_blank\">H\u00e4r intar en grupp ryssar formation skith\u00f6g<\/a>. Du kan aldrig gissa vad som h\u00e4nde sen? Sju ryssar ska d\u00f6dats och fem skadats, samtidigt som tv\u00e5 fordon slogs ut.<\/p>\n<p><img loading=\"lazy\" decoding=\"async\" width=\"2048\" height=\"1468\" src=\"https:\/\/www.europesays.com\/se\/wp-content\/uploads\/2026\/01\/ryssland_iskander-m_photo-am.jpg\" alt=\"\" class=\"wp-image-133589\"  \/>Kortdistansroboten Iskander-M Foto: m_photo-am\/Depositphotos<\/p>\n<p><strong>18:49<\/strong> Hur har d\u00f6dat ett antal soldater tillh\u00f6rande den Iskanderutrustade 47:e markrobotbrigaden, som terrorbombar Ukrainas civila. Detta skedde i Korenovsk i Krasnodar Kraj genom en manuellt utl\u00f6st mina, eventuellt en syftmina som \u00e4r enklare att d\u00f6lja d\u00e5 den inte beh\u00f6ver placeras p\u00e5 sj\u00e4lva v\u00e4gen, som avfyrades mot en Kamaz-lastbil med brigadens personal. <a href=\"https:\/\/www.facebook.com\/reel\/881443070953418\" rel=\"nofollow noopener\" target=\"_blank\">Film fr\u00e5n Hur, som ocks\u00e5 visar att man placerat ut en \u00f6vervakningskamera intill v\u00e4gen, med AI-detektering av fordon. Filmen visar n\u00e4r minan utl\u00f6ses<\/a> av Hurs operat\u00f6r via klassisk fj\u00e4rrkontroll.<\/p>\n<p>Ukraina upptr\u00e4der med underr\u00e4ttelsetj\u00e4nstens operat\u00f6rer l\u00e5ngt in p\u00e5 ryskt territorium. Inget nytt, man har ju \u00e4ven spr\u00e4ngt ett antal ryska generaler i Moskva.<\/p>\n<p><strong>18:57<\/strong> Sten-sax-p\u00e5se. Ryssland har nu <a href=\"https:\/\/bsky.app\/profile\/militarynewsua.bsky.social\/post\/3mbmifpra6s24\" rel=\"nofollow noopener\" target=\"_blank\">utrustat fj\u00e4rrstyrda Shahedrobotar med burna luftv\u00e4rnsrobotar<\/a> (MANPADS), f\u00f6r att kunna skjuta ner jaktflyg eller helikoptrar som jagar  dem. Det ser ut som att den \u00e4r t\u00e4nkt att avfyras bak\u00e5t. Oklart om det fungerar i verkligheten. Filmen visar en st\u00f6rtad s\u00e5dan Shahed. D\u00e5 ryssarna ofta avfyrar hundratals Shaheder, s\u00e5 kommer det stryka med hundratals s\u00e5dana h\u00e4r robotar, som ryssarna tydligen inte anser sig ha b\u00e4ttre bruk av, \u00e4ven om de inte anv\u00e4nds. <\/p>\n<p>F\u00f6rekomsten kan f\u00f6rst\u00e5s vara till f\u00f6r att skapa os\u00e4kerhet hos ukrainskt luftf\u00f6rsvar och alla beh\u00f6ver inte ha dem f\u00f6r att man ska beh\u00f6va vidta f\u00f6rsiktighets\u00e5tg\u00e4rder, utan det r\u00e4cker med att hotet existerar. Sedan brukar denna typ av robotar vara IR-styrda och sikta in sig p\u00e5 motorutbl\u00e5set p\u00e5 m\u00e5let. Fr\u00e5gan \u00e4r om man kan f\u00e5 l\u00e5sning rakt framifr\u00e5n mot ett jaktplan, d\u00e5 utbl\u00e5set \u00e4r baktill p\u00e5 planet?<\/p>\n<p>Man f\u00e5r ocks\u00e5 ha ett j\u00e4kla bra sensorsystem f\u00f6r att uppt\u00e4cka ett jaktplan via en distansstyrd liten kamera, hinna rikta in sig p\u00e5 m\u00e5let och avfyra innan det \u00e4r \u00f6ver. Jaktplanet ska ocks\u00e5 s\u00e4rskiljas fr\u00e5n andra Shahedrobotar, som alla kan se ut som sm\u00e5 prickar p\u00e5 kameran.<\/p>\n<p>Inte s\u00e5 l\u00e4tt, men som sagt, hotbilden finns nu och Ukraina kommer beh\u00f6va ta h\u00e4nsyn till det.<\/p>\n<p><strong>19:18<\/strong> Ang\u00e5ende Gyllene Horden och att ryssarna inte egentligen \u00e4r europeer, s\u00e5 <a href=\"https:\/\/euromaidanpress.com\/2026\/01\/04\/without-ukraine-russia-ceases-to-be-european-us-professor-explains-what-west-doesnt-understand-about-putins-goals-or-his-support-base\/?brid=FKCGtZ9nAht3JkIxlK6Igw\" rel=\"nofollow noopener\" target=\"_blank\">refererar Euromaidan en analys av Peter Eltsov, professor i internationell s\u00e4kerhet vid USA:s nationella f\u00f6rsvarsuniversitet<\/a>. Han p\u00e5talar f\u00f6rst\u00e5s att ett vapenstillest\u00e5nd bara t\u00e4r tillf\u00e4lligt, eftersom det ryska imperieprojektet kvarst\u00e5r och att Putin knappast g\u00e5r med ens p\u00e5 tillf\u00e4lligt eldupph\u00f6r utan att ha intagit en st\u00f6rre rysk stad \u2013 och nej, sm\u00e5staden Pokrovsk \u00e4r inte en st\u00f6rre rysk stad. Vi pratar Sumy, Charkiv, Dnipro, Zaporizjzjia, Cherson osv.<\/p>\n<p>Vad som \u00e4r intressant \u00e4r ocks\u00e5 att Eltsov p\u00e5talar att <strong>utan Ukraina \u00e4r inte Ryssland ett europeiskt land<\/strong> och att invasionsf\u00f6rs\u00f6ken v\u00e4sterut handlar om att desperat och rasistiskt klamra sig fast vid uppfattningen om att man har en vit befolkning och tillh\u00f6r Europa. D\u00e4rav \u00e4r man ointresserade av att invadera fd sovjetiska centralasiatiska L\u00e5ngbortfr\u00e5nstans. <\/p>\n<p>KOMMENTAR<\/p>\n<p>Utan Ukraina eller Pribaltika*, som b\u00e4gge var de l\u00e4nder som Sovjet alltid visade upp i sin propaganda som skyltf\u00f6nster (plus vitryska traktorer), kvarst\u00e5r bara Gyllene Hordens asiatiska vasaller. Det \u00e4r i Ukraina som \u00e4ttlingarna  kommer fr\u00e5n de europeiska vikingarna i \u00f6sterled ist\u00e4llet f\u00f6r mongolerna. Man ska komma ih\u00e5g att Moskva bara var ett tr\u00e4sk n\u00e4r Kyjiv grundades.<\/p>\n<p>Den som lever tillr\u00e4ckligt l\u00e4nge kanske f\u00e5r se hur Kina tar \u00f6ver Ryssland ekonomiskt och maktm\u00e4ssigt om \u00e4n inte nationellt, och \u00e5terigen g\u00f6r Moskva till en asiatisk vasall d\u00e4r b\u00e5de pengar och r\u00e5varor fl\u00f6dar till Kina. Man har redan b\u00f6rjat och anv\u00e4nder Ryska Federationen som en r\u00e5varukoloni redan idag.<\/p>\n<p>*Baltikum, som inte behandlas som tre olika l\u00e4nder av Ryssland. Att det \u00e4r olika etniciteter och spr\u00e5k har aldrig Moskva brytt sig om, de ska \u00e4nd\u00e5 etniskt rensas och nationell identitet utpl\u00e5nas oavsett om de \u00e4r en, tv\u00e5 eller tre.<\/p>\n<p><strong>19:44<\/strong> En <a href=\"https:\/\/bsky.app\/profile\/noelreports.com\/post\/3mbmlaxz3ak2u\" rel=\"nofollow noopener\" target=\"_blank\">spaningsdr\u00f6narfilm visar hur Kupijansk ser ut<\/a> nu. Russkij Mir.<\/p>\n<p><strong>19:47<\/strong> KOMMENTAR OM OMNI-MATEMATIK<\/p>\n<p>Om man avrundar 0.72 till \u201cn\u00e4stan 1\u201d, s\u00e5 ska allt \u00f6ver* 0.5 avrundas till \u201cn\u00e4stan 1\u201d och allt d\u00e4runder till \u201cn\u00e4stan 0\u201d. Det betyder att alla som \u00e4r under 50 \u00e5r gamla \u00e4r \u201cn\u00e4stan nyf\u00f6dda\u201d.<\/p>\n<p>*sedan f\u00e5r vi br\u00e5ka om exakt 50.000000** ska avrundas upp\u00e5t eller ned\u00e5t och om man p\u00e5 klockslaget f\u00f6r sin 50-\u00e5rsdag \u00e4r \u201cn\u00e4stan hundra \u00e5r\u201d eller \u201cn\u00e4stan nyf\u00f6dd\u201d. Jag har l\u00e4rt mig att man avrundar upp\u00e5t, och eftersom man en sekund senare v\u00e4ger \u00f6ver s\u00e5 blir det \u00e4nd\u00e5 \u201cn\u00e4stan hundra \u00e5r\u201d innan man sagt orden f\u00e4rdigt. Vad f\u00f6r juridiska konsekvenser det blir att n\u00e4stan hundra\u00e5ringar**** v\u00e4nslas med n\u00e4stan nyf\u00f6dda f\u00e5r v\u00e4l provas i domstol antar jag. N\u00e4stan hundra \u00e5rs \u00e5ldersskillnad kan knappast kallas f\u00f6r ringa.<br \/>**bloggen envisas med att anv\u00e4nda punkt som decimaltecken, trots att det ska vara kommatecken p\u00e5 svenska. Det \u00e4r en vana sedan bloggaren var IT-konsult och punkt anv\u00e4nds*** i alla programmeringsspr\u00e5k, och som lite eljest v\u00e4grar jag anpassa mig eftersom alltid n\u00e5gon kommer st\u00f6ra sig p\u00e5 detta.<br \/>***vet inte hur det \u00e4r l\u00e4ngre, programmerar bara lite Python och ibland Javascript numera och d\u00e4r \u00e4r det fortfarande punkt som g\u00e4ller.<br \/>****p\u00e5 tal om \u00e5lder, s\u00e5 givet att jag i 17 \u00e5r jobbat ungef\u00e4r dubbel arbetstid s\u00e5 \u00e4r jag allts\u00e5 72 \u00e5r gammal yrkesm\u00e4ssigt, om nu n\u00e5gon undrar hur jag hinner med allt. Just 72 avrundas ju enligt Omni till n\u00e4stan hundra, s\u00e5 t\u00e4nk p\u00e5 hur mycket ni sj\u00e4lva kommer hunnit med tills ni \u00e4r hundra.<\/p>\n<p><strong>20:09<\/strong> En fabrik i ryska Jelets ska <a href=\"https:\/\/bsky.app\/profile\/wartranslated.bsky.social\/post\/3mbmkj5i2ac2i\" rel=\"nofollow noopener\" target=\"_blank\">bombats nu<\/a> under kv\u00e4llen. <a href=\"https:\/\/bsky.app\/profile\/tendar.bsky.social\/post\/3mbmmntpy3s2o\" rel=\"nofollow noopener\" target=\"_blank\">Film p\u00e5 brand i fabriken<\/a>.<\/p>\n<p><strong>20:30 Zelenskyj s\u00e4ger att Ukraina \u00e4r redo att forts\u00e4tta f\u00f6rsvara sig om diplomati misslyckas<\/strong>. Han skriver p\u00e5 <a href=\"https:\/\/www.facebook.com\/reel\/806591512431008\" rel=\"nofollow noopener\" target=\"_blank\">sin officiella Facebook<\/a>:<\/p>\n<blockquote class=\"wp-block-quote is-layout-flow wp-block-quote-is-layout-flow\">\n<p>\u201cWe are already preparing for the next diplomatic week as well \u2013 there will be meetings in Europe that must become yet another contribution to our defense and to hastening the end of the war. <strong>Ukraine will be prepared for <\/strong>both possible paths ahead \u2013 diplomacy, which we are pursuing, or <strong>continued active defense if the pressure from our partners on Russia proves insufficient<\/strong>. Ukraine seeks peace. But <strong>Ukraine will not give up its strength to anyone<\/strong>. Thank you to everyone who works for our state and to those who defend Ukraine as they would defend themselves. Glory to Ukraine!\u201d<\/p>\n<\/blockquote>\n<p>Ingen nederlagsdoktrin d\u00e4r, trots Omni-matematik. Gott sj\u00e4lvf\u00f6rtroende och Ryssland kan dra \u00e5t helvete helt enkelt.<\/p>\n<p><strong>20:31<\/strong> <a href=\"https:\/\/yle.fi\/a\/74-20202561\" rel=\"nofollow noopener\" target=\"_blank\">Finska Yle skriver<\/a> om ytterligare ett kabelbrott i \u00d6stersj\u00f6n och att Lettland via bordning prejat ett misst\u00e4nkt fartyg som f\u00f6rts till hamnen i Liepaja. Ingen i bes\u00e4ttningen \u00e4r gripen \u00e4n dock.<\/p>\n<p>N\u00e5gon l\u00e4sare med betalabonnemang p\u00e5 MarineTraffic kanske kan identifiera fartyget via past track. Gratisabonnemangens historik str\u00e4cker sig inte tillr\u00e4ckligt f\u00f6r att kunna avg\u00f6ra vilket fartyg det handlar om.<\/p>\n<p><strong>22:34<\/strong> F\u00f6r den som aldrig tr\u00f6ttnar p\u00e5 att rysk h\u00f6gkvalifcierad utrustning som radar, tunga luftv\u00e4rnssystem, flygplan, helikoptrar och fartyg f\u00f6r m\u00e5nga miljarder g\u00e5r i luften s\u00e5 <a href=\"https:\/\/www.facebook.com\/reel\/1545380116665118\" rel=\"nofollow noopener\" target=\"_blank\">har Hurs enhet Prymary publicerat en tre minuter l\u00e5ng supercut \u00f6ver n\u00e5gra av 2025 \u00e5rs bravader.<\/a> Mycket rysk radar och luftv\u00e4rn blir det. Tr\u00e5kigt blir det inte. Utom f\u00f6r ryssarna.<\/p>\n<p>\nNedanst\u00e5ende \u00e4r inneh\u00e5ll fr\u00e5n bloggens samarbetspartner Compricer<\/p>\n","protected":false},"excerpt":{"rendered":"1.1K Nattens stora ukrainska bombning med dr\u00f6narrobotar mot Ryssland fick fyra flygplatser att st\u00e4nga ner i Moskva och&hellip;\n","protected":false},"author":2,"featured_media":126273,"comment_status":"","ping_status":"","sticky":false,"template":"","format":"standard","meta":{"footnotes":""},"categories":[5],"tags":[22,23,26,27,17,21,24,25,28,29,15,16,18,34,31,33,32,30,19,20],"class_list":{"0":"post-126272","1":"post","2":"type-post","3":"status-publish","4":"format-standard","5":"has-post-thumbnail","7":"category-rubriker","8":"tag-breaking-news","9":"tag-breakingnews","10":"tag-featured-news","11":"tag-featurednews","12":"tag-headlines","13":"tag-huvudnyheter","14":"tag-latest-news","15":"tag-latestnews","16":"tag-main-news","17":"tag-mainnews","18":"tag-news","19":"tag-nyheter","20":"tag-rubriker","21":"tag-se","22":"tag-svenska","23":"tag-sverige","24":"tag-sweden","25":"tag-swedish","26":"tag-top-stories","27":"tag-topstories"},"share_on_mastodon":{"url":"https:\/\/pubeurope.com\/@se\/115842287069906915","error":""},"_links":{"self":[{"href":"https:\/\/www.europesays.com\/se\/wp-json\/wp\/v2\/posts\/126272","targetHints":{"allow":["GET"]}}],"collection":[{"href":"https:\/\/www.europesays.com\/se\/wp-json\/wp\/v2\/posts"}],"about":[{"href":"https:\/\/www.europesays.com\/se\/wp-json\/wp\/v2\/types\/post"}],"author":[{"embeddable":true,"href":"https:\/\/www.europesays.com\/se\/wp-json\/wp\/v2\/users\/2"}],"replies":[{"embeddable":true,"href":"https:\/\/www.europesays.com\/se\/wp-json\/wp\/v2\/comments?post=126272"}],"version-history":[{"count":0,"href":"https:\/\/www.europesays.com\/se\/wp-json\/wp\/v2\/posts\/126272\/revisions"}],"wp:featuredmedia":[{"embeddable":true,"href":"https:\/\/www.europesays.com\/se\/wp-json\/wp\/v2\/media\/126273"}],"wp:attachment":[{"href":"https:\/\/www.europesays.com\/se\/wp-json\/wp\/v2\/media?parent=126272"}],"wp:term":[{"taxonomy":"category","embeddable":true,"href":"https:\/\/www.europesays.com\/se\/wp-json\/wp\/v2\/categories?post=126272"},{"taxonomy":"post_tag","embeddable":true,"href":"https:\/\/www.europesays.com\/se\/wp-json\/wp\/v2\/tags?post=126272"}],"curies":[{"name":"wp","href":"https:\/\/api.w.org\/{rel}","templated":true}]}}