{"id":126274,"date":"2026-01-05T11:37:13","date_gmt":"2026-01-05T11:37:13","guid":{"rendered":"https:\/\/www.europesays.com\/se\/126274\/"},"modified":"2026-01-05T11:37:13","modified_gmt":"2026-01-05T11:37:13","slug":"emmi-7-lever-med-atstorningen-arfid-ater-bara-nuggets","status":"publish","type":"post","link":"https:\/\/www.europesays.com\/se\/126274\/","title":{"rendered":"Emmi, 7, lever med \u00e4tst\u00f6rningen arfid: \u00e4ter bara nuggets"},"content":{"rendered":"<p>Publicerad 5 jan 2026 kl 11.00Uppdaterad kl 12.30<\/p>\n<p> Premium F\u00f6r Lina Svensson och hennes dotter Emmi, 7, \u00e4r varje m\u00e5ltid en utmaning. Emmi har en \u00e4tst\u00f6rning som g\u00f6r att minsta f\u00f6r\u00e4ndring i smak, doft eller utseende kan g\u00f6ra maten om\u00f6jlig att \u00e4ta.<\/p>\n<p>\u2013 Ibland \u00e4r det bara Happy meal som fungerar.\u00a0<\/p>\n<p><img loading=\"lazy\"   alt=\"\"\/>01:17PremiumDela artikel<\/p>\n<p>Kopiera l\u00e4nk<\/p>\n<p>L\u00e4nk kopierad<\/p>\n<p><a href=\"https:\/\/static.bonniernews.se\/images\/b8\/f2\/b8f24909518942f8bf7b565bc357e4fb\/16x9\/2560.jpg\" target=\"_blank\" rel=\"noopener noreferrer nofollow\"><img   alt=\"Emmis mamma ber\u00e4ttar om \u00e4tst\u00f6rningen som visade sig mycket tidigt i dotterns liv.\"\/><\/a><\/p>\n<p>Emmis mamma ber\u00e4ttar om \u00e4tst\u00f6rningen som visade sig mycket tidigt i dotterns liv. Foto: HANNA BRUNL\u00d6F<\/p>\n<p>Airfryern st\u00e5r redo p\u00e5 k\u00f6ksb\u00e4nken. I frysen v\u00e4ntar chicken nuggets \u2013 familjens livlina i matv\u00e4g.<\/p>\n<p>Emmi \u00e4r sju \u00e5r och har arfid (f\u00f6rkortning av Avoidant\/Restrictive Food Intake Disorder, reds anm), en \u00e4tst\u00f6rning som g\u00f6r maten till ett hinder.<\/p>\n","protected":false},"excerpt":{"rendered":"Publicerad 5 jan 2026 kl 11.00Uppdaterad kl 12.30 Premium F\u00f6r Lina Svensson och hennes dotter Emmi, 7, \u00e4r&hellip;\n","protected":false},"author":2,"featured_media":126275,"comment_status":"","ping_status":"","sticky":false,"template":"","format":"standard","meta":{"footnotes":""},"categories":[67],"tags":[13124,3173,2420,104,13125,34,31,33,32,30,105],"class_list":{"0":"post-126274","1":"post","2":"type-post","3":"status-publish","4":"format-standard","5":"has-post-thumbnail","7":"category-underhallning","8":"tag-atstorningar","9":"tag-barn","10":"tag-barnhalsa","11":"tag-entertainment","12":"tag-mama","13":"tag-se","14":"tag-svenska","15":"tag-sverige","16":"tag-sweden","17":"tag-swedish","18":"tag-underhallning"},"share_on_mastodon":{"url":"https:\/\/pubeurope.com\/@se\/115842295078416712","error":""},"_links":{"self":[{"href":"https:\/\/www.europesays.com\/se\/wp-json\/wp\/v2\/posts\/126274","targetHints":{"allow":["GET"]}}],"collection":[{"href":"https:\/\/www.europesays.com\/se\/wp-json\/wp\/v2\/posts"}],"about":[{"href":"https:\/\/www.europesays.com\/se\/wp-json\/wp\/v2\/types\/post"}],"author":[{"embeddable":true,"href":"https:\/\/www.europesays.com\/se\/wp-json\/wp\/v2\/users\/2"}],"replies":[{"embeddable":true,"href":"https:\/\/www.europesays.com\/se\/wp-json\/wp\/v2\/comments?post=126274"}],"version-history":[{"count":0,"href":"https:\/\/www.europesays.com\/se\/wp-json\/wp\/v2\/posts\/126274\/revisions"}],"wp:featuredmedia":[{"embeddable":true,"href":"https:\/\/www.europesays.com\/se\/wp-json\/wp\/v2\/media\/126275"}],"wp:attachment":[{"href":"https:\/\/www.europesays.com\/se\/wp-json\/wp\/v2\/media?parent=126274"}],"wp:term":[{"taxonomy":"category","embeddable":true,"href":"https:\/\/www.europesays.com\/se\/wp-json\/wp\/v2\/categories?post=126274"},{"taxonomy":"post_tag","embeddable":true,"href":"https:\/\/www.europesays.com\/se\/wp-json\/wp\/v2\/tags?post=126274"}],"curies":[{"name":"wp","href":"https:\/\/api.w.org\/{rel}","templated":true}]}}