{"id":126279,"date":"2026-01-05T11:41:08","date_gmt":"2026-01-05T11:41:08","guid":{"rendered":"https:\/\/www.europesays.com\/se\/126279\/"},"modified":"2026-01-05T11:41:08","modified_gmt":"2026-01-05T11:41:08","slug":"malardalstrafik-startar-projekt-mot-sparspring","status":"publish","type":"post","link":"https:\/\/www.europesays.com\/se\/126279\/","title":{"rendered":"M\u00e4lardalstrafik startar projekt mot sp\u00e5rspring"},"content":{"rendered":"<p>\u2013 Det \u00e4r ett allvarligt problem. F\u00f6rutom att den enskilde riskerar livet n\u00e4r den genar \u00f6ver sp\u00e5r f\u00f6rsenar man m\u00e5nga resen\u00e4rer, s\u00e4ger Katarina Myrberg, pressansvarig p\u00e5 M\u00e4lardalstrafik.Under 2025 har omkring 160 M\u00e4lart\u00e5gsavg\u00e5ngar blivit f\u00f6rsenade p\u00e5 grund av sp\u00e5rspring som intr\u00e4ffat i Uppsala och andelen f\u00f6rseningsminuter p\u00e5 grund av sp\u00e5rspring har \u00f6kat mellan \u00e5r 2024 <\/p>\n","protected":false},"excerpt":{"rendered":"\u2013 Det \u00e4r ett allvarligt problem. F\u00f6rutom att den enskilde riskerar livet n\u00e4r den genar \u00f6ver sp\u00e5r f\u00f6rsenar&hellip;\n","protected":false},"author":2,"featured_media":126280,"comment_status":"","ping_status":"","sticky":false,"template":"","format":"standard","meta":{"footnotes":""},"categories":[12],"tags":[22,23,26,27,17,21,24,25,28,29,15,16,18,34,31,33,32,30,19,20],"class_list":{"0":"post-126279","1":"post","2":"type-post","3":"status-publish","4":"format-standard","5":"has-post-thumbnail","7":"category-sverige","8":"tag-breaking-news","9":"tag-breakingnews","10":"tag-featured-news","11":"tag-featurednews","12":"tag-headlines","13":"tag-huvudnyheter","14":"tag-latest-news","15":"tag-latestnews","16":"tag-main-news","17":"tag-mainnews","18":"tag-news","19":"tag-nyheter","20":"tag-rubriker","21":"tag-se","22":"tag-svenska","23":"tag-sverige","24":"tag-sweden","25":"tag-swedish","26":"tag-top-stories","27":"tag-topstories"},"share_on_mastodon":{"url":"https:\/\/pubeurope.com\/@se\/115842310724423882","error":""},"_links":{"self":[{"href":"https:\/\/www.europesays.com\/se\/wp-json\/wp\/v2\/posts\/126279","targetHints":{"allow":["GET"]}}],"collection":[{"href":"https:\/\/www.europesays.com\/se\/wp-json\/wp\/v2\/posts"}],"about":[{"href":"https:\/\/www.europesays.com\/se\/wp-json\/wp\/v2\/types\/post"}],"author":[{"embeddable":true,"href":"https:\/\/www.europesays.com\/se\/wp-json\/wp\/v2\/users\/2"}],"replies":[{"embeddable":true,"href":"https:\/\/www.europesays.com\/se\/wp-json\/wp\/v2\/comments?post=126279"}],"version-history":[{"count":0,"href":"https:\/\/www.europesays.com\/se\/wp-json\/wp\/v2\/posts\/126279\/revisions"}],"wp:featuredmedia":[{"embeddable":true,"href":"https:\/\/www.europesays.com\/se\/wp-json\/wp\/v2\/media\/126280"}],"wp:attachment":[{"href":"https:\/\/www.europesays.com\/se\/wp-json\/wp\/v2\/media?parent=126279"}],"wp:term":[{"taxonomy":"category","embeddable":true,"href":"https:\/\/www.europesays.com\/se\/wp-json\/wp\/v2\/categories?post=126279"},{"taxonomy":"post_tag","embeddable":true,"href":"https:\/\/www.europesays.com\/se\/wp-json\/wp\/v2\/tags?post=126279"}],"curies":[{"name":"wp","href":"https:\/\/api.w.org\/{rel}","templated":true}]}}