{"id":126289,"date":"2026-01-05T11:50:07","date_gmt":"2026-01-05T11:50:07","guid":{"rendered":"https:\/\/www.europesays.com\/se\/126289\/"},"modified":"2026-01-05T11:50:07","modified_gmt":"2026-01-05T11:50:07","slug":"villapriserna-sjonk-i-upplands-bro-under-aret","status":"publish","type":"post","link":"https:\/\/www.europesays.com\/se\/126289\/","title":{"rendered":"Villapriserna sj\u00f6nk i Upplands-Bro under \u00e5ret"},"content":{"rendered":"<p class=\"ort\">Upplands-Bro<\/p>\n<p class=\"text\">Medelpriset f\u00f6r s\u00e5lda villor landade p\u00e5 4,6 miljoner kronor, motsvarande 35 871 kronor per kvadratmeter, vilket \u00e4r en minskning med sex procent j\u00e4mf\u00f6rt med \u00e5ret innan. <\/p>\n<p class=\"text\">Antalet villaf\u00f6rs\u00e4ljningar minskade samtidigt fr\u00e5n 170 till 155. Det s\u00e5ldes 309 bostadsr\u00e4tter under \u00e5ret, vilket motsvarar en minskning p\u00e5 fem procent.<\/p>\n<p class=\"text\">Utvecklingen skiljer sig fr\u00e5n Stockholms l\u00e4n som helhet, d\u00e4r villapriserna \u00f6kade under \u00e5ret.<\/p>\n","protected":false},"excerpt":{"rendered":"Upplands-Bro Medelpriset f\u00f6r s\u00e5lda villor landade p\u00e5 4,6 miljoner kronor, motsvarande 35 871 kronor per kvadratmeter, vilket \u00e4r&hellip;\n","protected":false},"author":2,"featured_media":126290,"comment_status":"","ping_status":"","sticky":false,"template":"","format":"standard","meta":{"footnotes":""},"categories":[12],"tags":[22,23,26,27,17,21,24,25,28,29,15,16,18,34,31,33,32,30,19,20],"class_list":{"0":"post-126289","1":"post","2":"type-post","3":"status-publish","4":"format-standard","5":"has-post-thumbnail","7":"category-sverige","8":"tag-breaking-news","9":"tag-breakingnews","10":"tag-featured-news","11":"tag-featurednews","12":"tag-headlines","13":"tag-huvudnyheter","14":"tag-latest-news","15":"tag-latestnews","16":"tag-main-news","17":"tag-mainnews","18":"tag-news","19":"tag-nyheter","20":"tag-rubriker","21":"tag-se","22":"tag-svenska","23":"tag-sverige","24":"tag-sweden","25":"tag-swedish","26":"tag-top-stories","27":"tag-topstories"},"share_on_mastodon":{"url":"https:\/\/pubeurope.com\/@se\/115842346255183587","error":""},"_links":{"self":[{"href":"https:\/\/www.europesays.com\/se\/wp-json\/wp\/v2\/posts\/126289","targetHints":{"allow":["GET"]}}],"collection":[{"href":"https:\/\/www.europesays.com\/se\/wp-json\/wp\/v2\/posts"}],"about":[{"href":"https:\/\/www.europesays.com\/se\/wp-json\/wp\/v2\/types\/post"}],"author":[{"embeddable":true,"href":"https:\/\/www.europesays.com\/se\/wp-json\/wp\/v2\/users\/2"}],"replies":[{"embeddable":true,"href":"https:\/\/www.europesays.com\/se\/wp-json\/wp\/v2\/comments?post=126289"}],"version-history":[{"count":0,"href":"https:\/\/www.europesays.com\/se\/wp-json\/wp\/v2\/posts\/126289\/revisions"}],"wp:featuredmedia":[{"embeddable":true,"href":"https:\/\/www.europesays.com\/se\/wp-json\/wp\/v2\/media\/126290"}],"wp:attachment":[{"href":"https:\/\/www.europesays.com\/se\/wp-json\/wp\/v2\/media?parent=126289"}],"wp:term":[{"taxonomy":"category","embeddable":true,"href":"https:\/\/www.europesays.com\/se\/wp-json\/wp\/v2\/categories?post=126289"},{"taxonomy":"post_tag","embeddable":true,"href":"https:\/\/www.europesays.com\/se\/wp-json\/wp\/v2\/tags?post=126289"}],"curies":[{"name":"wp","href":"https:\/\/api.w.org\/{rel}","templated":true}]}}