{"id":126291,"date":"2026-01-05T11:51:15","date_gmt":"2026-01-05T11:51:15","guid":{"rendered":"https:\/\/www.europesays.com\/se\/126291\/"},"modified":"2026-01-05T11:51:15","modified_gmt":"2026-01-05T11:51:15","slug":"tydligt-syfte-vill-lagga-beslag-pa-olja-och-guld","status":"publish","type":"post","link":"https:\/\/www.europesays.com\/se\/126291\/","title":{"rendered":"Tydligt syfte \u2013 vill l\u00e4gga beslag p\u00e5 olja och guld"},"content":{"rendered":"<p>Undertecknarna: USA:s attack \u00e4r ett flagrant krigsbrott<img decoding=\"async\" class=\"image-asset hyperion-css-n6kkq1\" data-test-tag=\"image-asset\" src=\"https:\/\/www.europesays.com\/se\/wp-content\/uploads\/2025\/08\/ab-icon-circle-quote@2x.png\"  alt=\"\"  loading=\"lazy\" fetchpriority=\"auto\" style=\"aspect-ratio:16 \/ 16\"\/><\/p>\n<p class=\"boxtextgrotesk-root_baa6 hyperion-css-qkznpo\"><strong>Detta \u00e4r en debattartikel.<\/strong> Det \u00e4r skribenten som st\u00e5r f\u00f6r \u00e5sikterna som f\u00f6rs fram i texten, inte Aftonbladet.<\/p>\n<p>share-arrowDela<\/p>\n<p>unsaveSpara<\/p>\n<p>expand-left<\/p>\n<p>helsk\u00e4rm<img decoding=\"async\" class=\"image-asset hyperion-css-u06ts1\" data-test-tag=\"image-asset\" src=\"https:\/\/www.europesays.com\/se\/wp-content\/uploads\/2026\/01\/1f753c8f-b318-4032-9018-acd3a413068f.jpeg\"  alt=\"CIA-direkt\u00f6ren John Ratcliffe och USA:s president Donald Trump \u00f6vervakar attacken mot Venezuela.\"  loading=\"eager\" fetchpriority=\"high\" style=\"aspect-ratio:1900 \/ 1119\"\/>CIA-direkt\u00f6ren John Ratcliffe och USA:s president Donald Trump \u00f6vervakar attacken mot Venezuela. Foto: Molly Riley \/ AP<\/p>\n<p class=\"hyperion-css-1v9qo5x\">DEBATT. Under de tidiga morgontimmarna den 3 januari genomf\u00f6rde <a data-test-tag=\"internal-link\" href=\"https:\/\/www.aftonbladet.se\/tagg\/usa\" class=\"hyperion-css-15jkft9\" rel=\"nofollow noopener\" target=\"\" aria-label=\"USA\" theme=\"opinion\">USA<\/a> ett regelvidrigt anfall mot <a data-test-tag=\"internal-link\" href=\"https:\/\/www.aftonbladet.se\/tagg\/venezuela\" class=\"hyperion-css-15jkft9\" rel=\"nofollow noopener\" target=\"\" aria-label=\"Venezuela\" theme=\"opinion\">Venezuela<\/a> i strid mot internationell r\u00e4tt och som hotar hela Latinamerikas och Karibiens stabilitet. Attacken \u00e4r \u00e4nnu ett steg i en militaristisk strategi f\u00f6r att l\u00f6sa regionala och globala konflikter. V\u00e4rldssamfundet har redan misslyckats med att stoppa folkmordet i Palestina, d\u00e4r USA ocks\u00e5 \u00e4r en aktiv part.<\/p>\n<p class=\"hyperion-css-1v9qo5x\">Huvudstaden <a data-test-tag=\"internal-link\" href=\"https:\/\/www.aftonbladet.se\/tagg\/caracas\" class=\"hyperion-css-15jkft9\" rel=\"nofollow noopener\" target=\"\" aria-label=\"Caracas\" theme=\"opinion\">Caracas<\/a> och andra st\u00e4der i Venezuela bombades och den sittande presidenten Nicolas Maduro och hans fru Cilia Flores kidnappades. Attacken riktade sig b\u00e5de mot milit\u00e4rbaser och omkringliggande bostadsomr\u00e5den, eln\u00e4tet, annan civil infrastruktur samt oljeraffinaderier. Resultatet \u00e4r f\u00f6r\u00f6dande: ett 90-tal d\u00f6dsoffer och skadade och f\u00f6rst\u00f6relse av flygplatser, hamnar, Nationalf\u00f6rsamlingen och kulturhistoriska byggnader.<\/p>\n<blockquote data-test-tag=\"blockquote\" class=\"blockquote-content_747c\"><p>pullquoteStrider direkt mot FN-stadgan<\/p><\/blockquote>\n<p class=\"hyperion-css-1v9qo5x\"><strong>Aggressionen har ett tydligt syfte. USA vill l\u00e4gga beslag p\u00e5 Venezuelas strategiska tillg\u00e5ngar: olja, guld och s\u00e4llsynta jordartsmetaller. Bakom retoriken om \u201ddemokrati\u201d d\u00f6ljer sig en brutal verklighet: en stormakt som anv\u00e4nder bomber och kidnappningar f\u00f6r att kontrollera naturresurser och bef\u00e4sta sin ekonomiska dominans.<\/strong><\/p>\n<p class=\"hyperion-css-1v9qo5x\">USA:s attack \u00e4r ett flagrant krigsbrott som strider direkt mot FN-stadgan. Inf\u00f6r attacken mot Venezuela har Trump under h\u00f6sten inf\u00f6rt en total och fullst\u00e4ndig oljeblockad mot landet och beordrat robotattacker mot sm\u00e5 b\u00e5tar i karibiska farvatten. Med regelvidriga utomr\u00e4ttsliga avr\u00e4ttningar har marinerna m\u00f6rdat \u00f6ver 90 m\u00e4nniskor.<\/p>\n<p>expand-left<\/p>\n<p>helsk\u00e4rm<img decoding=\"async\" class=\"image-asset hyperion-css-u06ts1\" data-test-tag=\"image-asset\" src=\"https:\/\/www.europesays.com\/se\/wp-content\/uploads\/2026\/01\/1cfdbc61-e89b-4200-9547-280c8b5c846f.jpeg\"  alt=\"Vi kr\u00e4ver att Sveriges regering tar avst\u00e5nd fr\u00e5n denna kriminella attack och fr\u00e5n USA:s vidriga interventionspolitik i Venezuela, Latinamerika och Karibien, skriver undertecknarna.\"  loading=\"eager\" fetchpriority=\"high\" style=\"aspect-ratio:1900 \/ 1018\"\/>Vi kr\u00e4ver att Sveriges regering tar avst\u00e5nd fr\u00e5n denna kriminella attack och fr\u00e5n USA:s vidriga interventionspolitik i Venezuela, Latinamerika och Karibien, skriver undertecknarna. Foto: Aaron Favila \/ AP<\/p>\n<p class=\"hyperion-css-1v9qo5x\">USA:s agerande utg\u00f6r ett allvarligt hot mot freden, suver\u00e4niteten och stabiliteten i Latinamerika och Karibien \u2013 som sedan januari 2014 har utropat sig till en fredszon. Venezuela \u00e4r ink\u00f6rsporten f\u00f6r en milit\u00e4r strategi som syftar till att f\u00e5 Monroedoktrinen fr\u00e5n 1828, som ser regionen som USA:s egen bakg\u00e5rd, i ny tappning. Trumpadministrationen har under h\u00f6sten blandat sig i valen i Argentina och Honduras och hotat Colombia, Kuba, Brasilien och Mexiko. Genom ett p\u00e5tvingat s\u00e4kerhetsavtal har USA \u00e5tertagit kontrollen \u00f6ver Panamakanalen. Trump har militariserat det karibiska havet med utplaceringen av hangarfartyg och robotkryssare under f\u00f6rev\u00e4ndningen om att driva ett krig mot narkoterrorismen.<\/p>\n<p class=\"hyperion-css-1v9qo5x\"><strong>Om v\u00e4rlden accepterar USA:s lagl\u00f6shet riskerar vi en ny era d\u00e4r krig, ockupation, diktaturer och folkmord \u00e5terinf\u00f6rs och normaliseras \u2013 fr\u00e5n Gaza till Caracas.<\/strong><\/p>\n<blockquote data-test-tag=\"blockquote\" class=\"blockquote-content_747c\"><p>pullquoteVi kan inte st\u00e5 passiva inf\u00f6r USA:s agerande<\/p><\/blockquote>\n<ul class=\"hyperion-css-e9gx76\" data-test-tag=\"list\">\n<li class=\"hyperion-css-1d843yr\">Vi kr\u00e4ver att Sveriges regering tar avst\u00e5nd fr\u00e5n denna kriminella attack och fr\u00e5n USA:s vidriga interventionspolitik i Venezuela, Latinamerika och Karibien.<\/li>\n<li class=\"hyperion-css-1d843yr\">Vi kr\u00e4ver att svenska medier rapporterar sanningsenligt och opartiskt \u2013 utan att okritiskt sprida krigspropaganda fr\u00e5n Trumpadministrationen.<\/li>\n<li class=\"hyperion-css-1d843yr\">Vi kr\u00e4ver att Venezuelas grundlag och den venezuelanska r\u00e4ttsstaten respekteras s\u00e5v\u00e4l som landets suver\u00e4nitet.<\/li>\n<\/ul>\n<p class=\"hyperion-css-1v9qo5x\"><strong>Vi kan inte st\u00e5 passiva inf\u00f6r USA:s agerande i Venezuela och Latinamerika. Om vi accepterar att USA, och andra stormakter, agerar som lagl\u00f6sa akt\u00f6rer, undermineras hela den internationella ordningen. V\u00e5r tystnad blir medskyldighet \u2013 och priset \u00e4r global r\u00e4ttvisa och stabilitet.<\/strong><\/p>\n<p><img decoding=\"async\" class=\"image-asset hyperion-css-u06ts1\" data-test-tag=\"image-asset\" src=\"https:\/\/www.europesays.com\/se\/wp-content\/uploads\/2026\/01\/1767613875_3_de9f2348-8035-4a2d-9763-a962274ff7de.png\"  alt=\"\"  loading=\"eager\" fetchpriority=\"high\" style=\"aspect-ratio:1401 \/ 38\"\/><\/p>\n<p class=\"hyperion-css-1v9qo5x\"><strong>Organisationer:<\/strong><\/p>\n<p class=\"hyperion-css-1v9qo5x\"><strong>Framtidens V\u00e4nster<\/strong><\/p>\n<p class=\"hyperion-css-1v9qo5x\"><strong>Venezuelan\u00e4tverket<\/strong><\/p>\n<p class=\"hyperion-css-1v9qo5x\"><strong>R\u00e4ttvisa F\u00f6r Alla<\/strong><\/p>\n<p class=\"hyperion-css-1v9qo5x\"><strong>Folkets R\u00f6st<\/strong><\/p>\n<p class=\"hyperion-css-1v9qo5x\"><strong>Feministerna<\/strong><\/p>\n<p class=\"hyperion-css-1v9qo5x\"><strong>Solidaritet<\/strong><\/p>\n<p class=\"hyperion-css-1v9qo5x\"><strong>Afrosvenskarnas riksorganisation<\/strong><\/p>\n<p class=\"hyperion-css-1v9qo5x\"><strong>Gothenburg University Students for Palestine (GUSP)<\/strong><\/p>\n<p class=\"hyperion-css-1v9qo5x\"><strong>Palestinska Folkets F\u00f6rening Uppsala<\/strong><\/p>\n<p class=\"hyperion-css-1v9qo5x\"><strong>Antiimperialistisk Aktion<\/strong><\/p>\n<p class=\"hyperion-css-1v9qo5x\"><strong>F\u00f6rortsFeminister<\/strong><\/p>\n<p class=\"hyperion-css-1v9qo5x\"><strong>Kommunistiska Partiet<\/strong><\/p>\n<p class=\"hyperion-css-1v9qo5x\"><strong>Judisk Antisionistisk Allians<\/strong><\/p>\n<p class=\"hyperion-css-1v9qo5x\"><strong>AES Solidaritet Sverige<\/strong><\/p>\n<p class=\"hyperion-css-1v9qo5x\"><strong>Resolver<\/strong><\/p>\n<p class=\"hyperion-css-1v9qo5x\"><strong>Mov. Asamblea Constituyente Chile (MAC Exterior)<\/strong><\/p>\n<p class=\"hyperion-css-1v9qo5x\"><strong>Kommunistiska Partiet Malm\u00f6<\/strong><\/p>\n<p class=\"hyperion-css-1v9qo5x\"><strong>INSAN<\/strong><\/p>\n<p class=\"hyperion-css-1v9qo5x\"><strong>Framtidens V\u00e4nster \u2013 Studenterna<\/strong><\/p>\n<p class=\"hyperion-css-1v9qo5x\"><strong>D\u00f6ttrar f\u00f6r internationell solidaritet<\/strong><\/p>\n<p class=\"hyperion-css-1v9qo5x\"><strong>Global Movement to Gaza &#8211; Sverige<\/strong><\/p>\n<p class=\"hyperion-css-1v9qo5x\"><strong>Kongomoko organisation<\/strong><\/p>\n<p class=\"hyperion-css-1v9qo5x\"><strong>Kommunistiska Partiet Stockholm<\/strong><\/p>\n<p class=\"hyperion-css-1v9qo5x\"><strong>Personer:<\/strong><\/p>\n<p class=\"hyperion-css-1v9qo5x\"><strong>Lorena Delgado Varas<\/strong>, riksdagsledamot<\/p>\n<p class=\"hyperion-css-1v9qo5x\"><strong>Daniel Riazat<\/strong>, riksdagsledamot<\/p>\n<p class=\"hyperion-css-1v9qo5x\"><strong>Juan Velasquez<\/strong>, forskare vid G\u00f6teborgs universitet<\/p>\n<p class=\"hyperion-css-1v9qo5x\"><strong>Francisco Contreras<\/strong>, internationell redakt\u00f6r Parabol<\/p>\n<p class=\"hyperion-css-1v9qo5x\"><strong>Martin Johansson<\/strong>, Latinamerikagrupperna<\/p>\n<p class=\"hyperion-css-1v9qo5x\"><strong>Ruth Cartaya<\/strong>, Venezuelan\u00e4tverket<\/p>\n<p class=\"hyperion-css-1v9qo5x\"><strong>Valter Mutt<\/strong>, f.d. riksdagsledamot (MP)<\/p>\n<p class=\"hyperion-css-1v9qo5x\"><strong>Soledad Quintana Fern\u00e1ndez<\/strong>, partir\u00e5d Feministerna<\/p>\n<p class=\"hyperion-css-1v9qo5x\"><strong>Yasser Alshobaki<\/strong>, Folkliga f\u00f6rbunden inom PLO<\/p>\n<p class=\"hyperion-css-1v9qo5x\"><strong>Catalina Amancay Pinilla Toro<\/strong>, ordf\u00f6rande F\u00f6rortsfeminister<\/p>\n<p class=\"hyperion-css-1v9qo5x\"><strong>Povel Johansson<\/strong>, ordf\u00f6rande f\u00f6r Kommunistiska Partiet<\/p>\n<p class=\"hyperion-css-1v9qo5x\"><strong>Mwati Juslain Alain Kongomoko<\/strong>, sekreterare<\/p>\n<p class=\"hyperion-css-1v9qo5x\"><strong>Yonnas Seyoum<\/strong>, ordf\u00f6rande Afrosvenskarnas riksorganisation<\/p>\n<p class=\"hyperion-css-1v9qo5x\"><strong>Hansalbin S\u00e4ltenberg<\/strong>, forskare i genusvetenskap<\/p>\n<p class=\"hyperion-css-1v9qo5x\"><strong>Jose Cheo Sanchez<\/strong>, Resolver<\/p>\n<p class=\"hyperion-css-1v9qo5x\"><strong>Cynthia Gomez<\/strong>, talesperson f\u00f6r Solidaritet<\/p>\n<p class=\"hyperion-css-1v9qo5x\"><strong>Alfonso Allende<\/strong>, partistyrelsen Feministerna<\/p>\n<p class=\"hyperion-css-1v9qo5x\"><strong>John H\u00f6rnquist<\/strong>, skribent och f\u00f6rfattare<\/p>\n<p class=\"hyperion-css-1v9qo5x\"><strong>Marcus Carlstedt<\/strong>, redakt\u00f6r Arbetarinternationalen<\/p>\n<p class=\"hyperion-css-1v9qo5x\"><strong>Lova Marcusdotter<\/strong>, student<\/p>\n<p class=\"hyperion-css-1v9qo5x\"><strong>Claudia Velasquez<\/strong>, kommunfullm\u00e4ktigeledamot i Helsingborg<\/p>\n<p class=\"hyperion-css-1v9qo5x\"><strong>Ola Nilsson<\/strong>, folkh\u00f6gskoll\u00e4rare<\/p>\n<p class=\"hyperion-css-1v9qo5x\"><strong>Gladys Aranibar<\/strong>, Perus Kommitt\u00e9 f\u00f6r M\u00e4nskliga R\u00e4ttigheter<\/p>\n<p class=\"hyperion-css-1v9qo5x\"><strong>David Johnsson<\/strong><\/p>\n<p class=\"hyperion-css-1v9qo5x\"><strong>Niklas Vanhainen<\/strong>, utvecklare<\/p>\n<p class=\"hyperion-css-1v9qo5x\"><strong>Fayyad Assali<\/strong><\/p>\n<p class=\"hyperion-css-1v9qo5x\"><strong>Ahmad El Far<\/strong>, doktorand i socialt arbete<\/p>\n<p class=\"hyperion-css-1v9qo5x\"><strong>Daniel Delgado<\/strong>, MAC Exterior<\/p>\n<p class=\"hyperion-css-1v9qo5x\"><strong>Joel Opperdoes<\/strong>, sj\u00f6kapten, Kommunistiska Partiet Malm\u00f6<\/p>\n<p class=\"hyperion-css-1v9qo5x\"><strong>Smilla Jalasjoki<\/strong>, personlig assistent, ordf\u00f6rande Kommunistiska Partiet Malm\u00f6<\/p>\n<p class=\"hyperion-css-1v9qo5x\"><strong>Amanj Aziz<\/strong>, grundare och redakt\u00f6r INSAN<\/p>\n<p class=\"hyperion-css-1v9qo5x\"><strong>Rosario Cortes Arrieta<\/strong>, l\u00e4rare<\/p>\n<p class=\"hyperion-css-1v9qo5x\"><strong>Nazanin Sepehri<\/strong><\/p>\n<p class=\"hyperion-css-1v9qo5x\"><strong>Anna Nelson<\/strong>, barnmorska, barnsjuksk\u00f6terska Health workers 4 Palestine, Stockholm<\/p>\n<p class=\"hyperion-css-1v9qo5x\"><strong>Elena Karlstr\u00f6m<\/strong>, socionom<\/p>\n<p class=\"hyperion-css-1v9qo5x\"><strong>Ibbi Chune Jogestrand<\/strong>, aktivist och socialarbetare<\/p>\n<p class=\"hyperion-css-1v9qo5x\"><strong>Katja Jassey<\/strong><\/p>\n<p class=\"hyperion-css-1v9qo5x\"><strong>Clara Bosque Wiberg<\/strong>, arbetsterapeut, HW4P<\/p>\n<p class=\"hyperion-css-1v9qo5x\"><strong>Andreas Andersson<\/strong>, student<\/p>\n<p class=\"hyperion-css-1v9qo5x\"><strong>Mattias Larsson<\/strong><\/p>\n<p class=\"hyperion-css-1v9qo5x\"><strong>Nada Lindberg<\/strong><\/p>\n<p class=\"hyperion-css-1v9qo5x\"><strong>Moaaz Saadsson<\/strong>, student<\/p>\n<p class=\"hyperion-css-1v9qo5x\"><strong>Olivia Varas<\/strong>, pension\u00e4r<\/p>\n<p>FAKTAS\u00e5 skriver du en debattartikel<\/p>\n<p class=\"hyperion-css-jonaf8\"><strong>Vill du ocks\u00e5 debattera? S\u00e5 h\u00e4r g\u00f6r du om du vill skicka in debattartiklar och ins\u00e4ndare till Aftonbladet Debatt.<\/strong><\/p>\n<p class=\"hyperion-css-jonaf8\">arrow Debattartikel:<\/p>\n<p class=\"hyperion-css-jonaf8\">Skriv runt 3 500 tecken inklusive blanksteg och mejla texten till debatt@aftonbladet.se<\/p>\n<p class=\"hyperion-css-jonaf8\">Skicka med bild p\u00e5 dig sj\u00e4lv och kontaktuppgifter. Vi l\u00e4ser och svarar s\u00e5 fort vi kan, oftast inom 24 timmar.<\/p>\n<p class=\"hyperion-css-jonaf8\">arrow Replik:<\/p>\n<p class=\"hyperion-css-jonaf8\">Skriv max 2 000 tecken inklusive blanksteg och mejla texten till debatt@aftonbladet.se<\/p>\n<p>L\u00e4s mer<\/p>\n","protected":false},"excerpt":{"rendered":"Undertecknarna: USA:s attack \u00e4r ett flagrant krigsbrott Detta \u00e4r en debattartikel. Det \u00e4r skribenten som st\u00e5r f\u00f6r \u00e5sikterna&hellip;\n","protected":false},"author":2,"featured_media":126292,"comment_status":"","ping_status":"","sticky":false,"template":"","format":"standard","meta":{"footnotes":""},"categories":[5],"tags":[22,23,26,27,17,21,24,25,28,29,15,16,18,34,31,33,32,30,19,20],"class_list":{"0":"post-126291","1":"post","2":"type-post","3":"status-publish","4":"format-standard","5":"has-post-thumbnail","7":"category-rubriker","8":"tag-breaking-news","9":"tag-breakingnews","10":"tag-featured-news","11":"tag-featurednews","12":"tag-headlines","13":"tag-huvudnyheter","14":"tag-latest-news","15":"tag-latestnews","16":"tag-main-news","17":"tag-mainnews","18":"tag-news","19":"tag-nyheter","20":"tag-rubriker","21":"tag-se","22":"tag-svenska","23":"tag-sverige","24":"tag-sweden","25":"tag-swedish","26":"tag-top-stories","27":"tag-topstories"},"share_on_mastodon":{"url":"https:\/\/pubeurope.com\/@se\/115842350023090068","error":""},"_links":{"self":[{"href":"https:\/\/www.europesays.com\/se\/wp-json\/wp\/v2\/posts\/126291","targetHints":{"allow":["GET"]}}],"collection":[{"href":"https:\/\/www.europesays.com\/se\/wp-json\/wp\/v2\/posts"}],"about":[{"href":"https:\/\/www.europesays.com\/se\/wp-json\/wp\/v2\/types\/post"}],"author":[{"embeddable":true,"href":"https:\/\/www.europesays.com\/se\/wp-json\/wp\/v2\/users\/2"}],"replies":[{"embeddable":true,"href":"https:\/\/www.europesays.com\/se\/wp-json\/wp\/v2\/comments?post=126291"}],"version-history":[{"count":0,"href":"https:\/\/www.europesays.com\/se\/wp-json\/wp\/v2\/posts\/126291\/revisions"}],"wp:featuredmedia":[{"embeddable":true,"href":"https:\/\/www.europesays.com\/se\/wp-json\/wp\/v2\/media\/126292"}],"wp:attachment":[{"href":"https:\/\/www.europesays.com\/se\/wp-json\/wp\/v2\/media?parent=126291"}],"wp:term":[{"taxonomy":"category","embeddable":true,"href":"https:\/\/www.europesays.com\/se\/wp-json\/wp\/v2\/categories?post=126291"},{"taxonomy":"post_tag","embeddable":true,"href":"https:\/\/www.europesays.com\/se\/wp-json\/wp\/v2\/tags?post=126291"}],"curies":[{"name":"wp","href":"https:\/\/api.w.org\/{rel}","templated":true}]}}